{"id":43864,"date":"2025-09-15T17:10:20","date_gmt":"2025-09-15T20:10:20","guid":{"rendered":"https:\/\/mussicom.com\/rubio-promete-medidas-contra-o-brasil-na-semana-que-vem\/"},"modified":"2025-09-15T17:10:20","modified_gmt":"2025-09-15T20:10:20","slug":"rubio-promete-medidas-contra-o-brasil-na-semana-que-vem","status":"publish","type":"post","link":"https:\/\/mussicom.com\/noticias\/rubio-promete-medidas-contra-o-brasil-na-semana-que-vem\/","title":{"rendered":"Rubio promete medidas contra o Brasil na semana que vem"},"content":{"rendered":"<p> <br \/>\n<\/p>\n<div>\n<p class=\"postParagraph_post-paragraph__juWZN\">O secret\u00e1rio de Estado americano, Marco Rubio, disse nesta segunda-feira (15) que novas medidas contra o Brasil, devido \u00e0 condena\u00e7\u00e3o judicial do ex-presidente Jair Bolsonaro, devem ser anunciadas na semana que vem.<\/p>\n<p class=\"postParagraph_post-paragraph__juWZN\">Rubio falou sobre o assunto em entrevista a Gillian Turner, da emissora Fox News, que perguntou qual seria a resposta do governo Trump \u00e0 decis\u00e3o da semana passada da Primeira Turma do Supremo Tribunal Federal (STF), que condenou Bolsonaro a 27 anos e 3 meses de pris\u00e3o por acusa\u00e7\u00f5es de tentativa de golpe de Estado ap\u00f3s a elei\u00e7\u00e3o de 2022.<\/p>\n<p class=\"postParagraph_post-paragraph__juWZN\">\u201cBem, a resposta \u00e9 que o Estado de Direito [no Brasil] est\u00e1 se desintegrando. H\u00e1 esses ju\u00edzes ativistas, um em particular [o ministro do STF Alexandre de Moraes], que n\u00e3o apenas perseguiu Bolsonaro, por sinal, como tamb\u00e9m tentou realizar a\u00e7\u00f5es extraterritoriais contra cidad\u00e3os americanos ou contra quem postasse online de dentro dos Estados Unidos, e at\u00e9 amea\u00e7ou ir ainda mais longe nesse sentido\u201d, disse o secret\u00e1rio de Estado.<\/p>\n<p class=\"postParagraph_post-paragraph__juWZN\">\u201cPortanto, haver\u00e1 uma resposta dos EUA, e \u00e9 isso; teremos alguns an\u00fancios na pr\u00f3xima semana ou logo depois sobre as medidas adicionais que pretendemos tomar. Mas o julgamento \u00e9 apenas mais um cap\u00edtulo de uma crescente campanha de opress\u00e3o judicial que tem tentado atingir empresas americanas e at\u00e9 mesmo pessoas que operam fora dos Estados Unidos\u201d, acusou Rubio.<\/p>\n<p class=\"postParagraph_post-paragraph-innerHtml__Q5vwc\">Na semana passada, ap\u00f3s a condena\u00e7\u00e3o de Bolsonaro, Rubio j\u00e1 havia falado no X que Washington responder\u00e1 \u201cde forma adequada\u201d.<\/p>\n<p class=\"postParagraph_post-paragraph__juWZN\">Antes da decis\u00e3o do STF contra o ex-presidente brasileiro, uma tarifa de 50% na importa\u00e7\u00e3o de produtos do Brasil imposta por Washington havia entrado em vigor em 6 de agosto.<\/p>\n<p class=\"postParagraph_post-paragraph__juWZN\">O governo Trump mencionou como um dos motivos para a tarifa o processo contra Bolsonaro no STF. Entretanto, a taxa n\u00e3o foi aplicada para cerca de 700 produtos brasileiros, entre eles, suco e polpa de laranja e aeronaves civis.<\/p>\n<p class=\"postParagraph_post-paragraph__juWZN\">No final de julho, o Departamento do Tesouro americano imp\u00f4s san\u00e7\u00f5es econ\u00f4micas contra Moraes com base na Lei Magnitsky, uma legisla\u00e7\u00e3o dos Estados Unidos que permite a Washington aplicar puni\u00e7\u00f5es contra acusados de viola\u00e7\u00e3o de direitos humanos e corrup\u00e7\u00e3o em todo o mundo.<\/p>\n<p class=\"postParagraph_post-paragraph__juWZN\">Antes disso, o Departamento de Estado havia anunciado a revoga\u00e7\u00e3o dos vistos de Moraes, de \u201caliados dele\u201d no STF e seus familiares, que ficaram assim impedidos de entrar nos Estados Unidos.<\/p>\n<\/div>\n<p><br \/>\n<br \/>Fonte: <a href=\"https:\/\/www.gazetadopovo.com.br\/mundo\/secretario-trump-diz-novas-medidas-contra-brasil-anunciadas-semana-que-vem\/\">Revista Oeste<\/a><\/p>\n","protected":false},"excerpt":{"rendered":"<p>O secret\u00e1rio de Estado americano, Marco Rubio, disse nesta segunda-feira (15) que novas medidas contra o Brasil, devido \u00e0 condena\u00e7\u00e3o judicial do ex-presidente Jair Bolsonaro, devem ser anunciadas na semana que vem. Rubio falou sobre o assunto em entrevista a Gillian Turner, da emissora Fox News, que perguntou qual seria a resposta do governo Trump [&hellip;]<\/p>\n","protected":false},"author":5,"featured_media":43865,"comment_status":"open","ping_status":"open","sticky":false,"template":"","format":"standard","meta":{"_seopress_robots_primary_cat":"","_seopress_titles_title":"","_seopress_titles_desc":"","_seopress_robots_index":"","footnotes":""},"categories":[48],"tags":[],"class_list":["post-43864","post","type-post","status-publish","format-standard","has-post-thumbnail","hentry","category-internacional"],"_links":{"self":[{"href":"https:\/\/mussicom.com\/noticias\/wp-json\/wp\/v2\/posts\/43864","targetHints":{"allow":["GET"]}}],"collection":[{"href":"https:\/\/mussicom.com\/noticias\/wp-json\/wp\/v2\/posts"}],"about":[{"href":"https:\/\/mussicom.com\/noticias\/wp-json\/wp\/v2\/types\/post"}],"author":[{"embeddable":true,"href":"https:\/\/mussicom.com\/noticias\/wp-json\/wp\/v2\/users\/5"}],"replies":[{"embeddable":true,"href":"https:\/\/mussicom.com\/noticias\/wp-json\/wp\/v2\/comments?post=43864"}],"version-history":[{"count":0,"href":"https:\/\/mussicom.com\/noticias\/wp-json\/wp\/v2\/posts\/43864\/revisions"}],"wp:featuredmedia":[{"embeddable":true,"href":"https:\/\/mussicom.com\/noticias\/wp-json\/wp\/v2\/media\/43865"}],"wp:attachment":[{"href":"https:\/\/mussicom.com\/noticias\/wp-json\/wp\/v2\/media?parent=43864"}],"wp:term":[{"taxonomy":"category","embeddable":true,"href":"https:\/\/mussicom.com\/noticias\/wp-json\/wp\/v2\/categories?post=43864"},{"taxonomy":"post_tag","embeddable":true,"href":"https:\/\/mussicom.com\/noticias\/wp-json\/wp\/v2\/tags?post=43864"}],"curies":[{"name":"wp","href":"https:\/\/api.w.org\/{rel}","templated":true}]}}