{"id":43821,"date":"2025-09-15T13:06:22","date_gmt":"2025-09-15T16:06:22","guid":{"rendered":"https:\/\/mussicom.com\/ipea-queda-na-inflacao-foi-mais-sentida-pela-populacao-mais-pobre\/"},"modified":"2025-09-15T13:06:22","modified_gmt":"2025-09-15T16:06:22","slug":"ipea-queda-na-inflacao-foi-mais-sentida-pela-populacao-mais-pobre","status":"publish","type":"post","link":"https:\/\/mussicom.com\/noticias\/ipea-queda-na-inflacao-foi-mais-sentida-pela-populacao-mais-pobre\/","title":{"rendered":"Ipea: queda na infla\u00e7\u00e3o foi mais sentida pela popula\u00e7\u00e3o mais pobre"},"content":{"rendered":"<p> <br \/>\n<\/p>\n<div>\n<p><strong>No m\u00eas de agosto, a queda na infla\u00e7\u00e3o foi mais sentida pelas fam\u00edlias mais pobres; registrou -029%. Enquanto o \u00edndice oficial ficou negativo em 0,11%, o custo de vida para fam\u00edlias que ganham at\u00e9 R$ 3,3 mil teve recuo superior a 0,20%. J\u00e1 na outra ponta, lares com renda mensal acima de R$ 22 mil, a infla\u00e7\u00e3o ficou positiva em 0,10%<\/strong>.<img decoding=\"async\" src=\"https:\/\/agenciabrasil.ebc.com.br\/ebc.gif?id=1658755&amp;o=node\" style=\"width:1px; height:1px; display:inline;\"\/><\/p>\n<p>A constata\u00e7\u00e3o est\u00e1 no boletim mensal Infla\u00e7\u00e3o por Faixa de Renda do Instituto de Pesquisa Econ\u00f4mica Aplicada (Ipea), \u00f3rg\u00e3o vinculado ao Minist\u00e9rio do Planejamento e Or\u00e7amento.<\/p>\n<p>O estudo compara a infla\u00e7\u00e3o oficial, apurada pelo \u00cdndice Nacional de Pre\u00e7os ao Consumidor Amplo (IPCA), do Instituto Brasileiro de Geografia e Estat\u00edstica (IBGE), com o custo de vida de diversas faixas de renda.<\/p>\n<p>Das seis faixas de renda familiar mensal, as tr\u00eas mais baixas tiveram percep\u00e7\u00e3o mais acentuada da defla\u00e7\u00e3o (queda m\u00e9dia dos pre\u00e7os):<\/p>\n<ul>\n<li>renda muito baixa: -0,29%<\/li>\n<li>renda baixa: -0,21%<\/li>\n<li>renda m\u00e9dia-baixa: -0,19%<\/li>\n<li>renda m\u00e9dia: -0,07%<\/li>\n<li>IPCA: -0,11%<\/li>\n<li>renda m\u00e9dia-alta: 0%<\/li>\n<li>renda alta: 0,10%<\/li>\n<\/ul>\n<p>O levantamento divide as fam\u00edlias pelas seguintes faixas de renda mensal:<\/p>\n<ul>\n<li>muito baixa: menos que R$ 2.202,02<\/li>\n<li>baixa: entre R$ 2.202,02 e R$ 3.303,03<\/li>\n<li>m\u00e9dia-baixa: entre R$ 3.303,03 e R$ 5.505,06<\/li>\n<li>m\u00e9dia: entre R$ 5.505,06 e R$ 11.010,11<\/li>\n<li>m\u00e9dia-alta: entre R$ 11.010,11 e R$ 22.020,22<\/li>\n<li>alta: acima de R$ 22.020,22<\/li>\n<\/ul>\n<p>J\u00e1 o IPCA apura o custo de vida para fam\u00edlias com rendimentos de um a 40 sal\u00e1rios m\u00ednimos. Atualmente o valor do m\u00ednimo \u00e9 R$ 1.518.<\/p>\n<h2>Alimentos e conta de luz<\/h2>\n<p><strong>De acordo com a autora da pesquisa, Maria Andreia Parente Lameiras, as fam\u00edlias mais pobres tiveram al\u00edvio maior no bolso em agosto por causa do perfil de consumo, com maior peso para itens como alimenta\u00e7\u00e3o e habita\u00e7\u00e3o.<\/strong><\/p>\n<blockquote>\n<p>\u201cAl\u00e9m da intensifica\u00e7\u00e3o da trajet\u00f3ria de defla\u00e7\u00e3o dos alimentos no domic\u00edlio, a queda das tarifas de energia el\u00e9trica, beneficiada pela incorpora\u00e7\u00e3o do B\u00f4nus de Itaipu, anulando a press\u00e3o vinda da ado\u00e7\u00e3o da bandeira vermelha patamar 2, explicam esta queda mais forte da infla\u00e7\u00e3o nos segmentos de renda mais baixa, dado o peso desses itens no or\u00e7amento dessas fam\u00edlias\u201d, explica.<\/p>\n<\/blockquote>\n<p>O chamado B\u00f4nus de Itaipu \u00e9 o desconto na conta de luz que beneficiou 80,8 milh\u00f5es de consumidores. Conforme adiantou a <strong>Ag\u00eancia Brasil<\/strong>, a bonifica\u00e7\u00e3o compensou a bandeira tarif\u00e1ria vermelha 2, que adiciona R$ 7,87 na conta e luz a cada 100 Kwh consumidos.<\/p>\n<p>O estudo do Ipea aponta que, no caso dos alimentos no domic\u00edlio, destacam-se em agosto as quedas dos cereais (-2,5%), tub\u00e9rculos (-8,1%), caf\u00e9 (-2,2%) e prote\u00ednas animais: carnes (-0,43%), aves e ovos (-0,8%) e leite (-1%).<\/p>\n<p>J\u00e1 para a faixas de renda mais altas, indica Lameiras, a defla\u00e7\u00e3o dos alimentos e da energia \u201cfoi parcialmente compensada pela eleva\u00e7\u00e3o de pre\u00e7os em servi\u00e7os, notadamente alimenta\u00e7\u00e3o fora do domic\u00edlio e recrea\u00e7\u00e3o\u201d.<\/p>\n<h2>Acumulado<\/h2>\n<p>No acumulado de 12 meses, a percep\u00e7\u00e3o de infla\u00e7\u00e3o \u00e9 o inverso da registrada em agosto, com as fam\u00edlias mais pobres com peso maior no bolso.<\/p>\n<ul>\n<li>renda muito baixa: 5,23%<\/li>\n<li>renda baixa: 5,33%<\/li>\n<li>renda m\u00e9dia-baixa: 5,19%<\/li>\n<li>renda m\u00e9dia: 5,08%<\/li>\n<li>renda m\u00e9dia-alta: 5,07%<\/li>\n<li>renda alta: 5%<\/li>\n<\/ul>\n<p>O IPCA acumulado de 12 meses chega a 5,13%, acima da meta do governo, de 3% ao ano, com toler\u00e2ncia de 1,5 ponto percentual (p.p.) para mais ou para menos, ou seja, indo no m\u00e1ximo a 4,5%.<\/p>\n<p><strong>\u201cNos \u00faltimos doze meses, as principais press\u00f5es inflacion\u00e1rias vieram dos grupos alimentos e bebidas, habita\u00e7\u00e3o, transportes e sa\u00fade e cuidados pessoais\u201d, aponta o estudo<\/strong>.<\/p>\n<p>      <!-- Relacionada --><\/p>\n<p>            <!-- Relacionada -->\n    <\/div>\n<p><br \/>\n<br \/>Fonte: <a href=\"https:\/\/agenciabrasil.ebc.com.br\/economia\/noticia\/2025-09\/ipea-queda-na-inflacao-foi-mais-sentida-pela-populacao-de-baixa-renda\">Gazeta do Povo<\/a><\/p>\n","protected":false},"excerpt":{"rendered":"<p>No m\u00eas de agosto, a queda na infla\u00e7\u00e3o foi mais sentida pelas fam\u00edlias mais pobres; registrou -029%. Enquanto o \u00edndice oficial ficou negativo em 0,11%, o custo de vida para fam\u00edlias que ganham at\u00e9 R$ 3,3 mil teve recuo superior a 0,20%. J\u00e1 na outra ponta, lares com renda mensal acima de R$ 22 mil, [&hellip;]<\/p>\n","protected":false},"author":5,"featured_media":43822,"comment_status":"open","ping_status":"open","sticky":false,"template":"","format":"standard","meta":{"_seopress_robots_primary_cat":"","_seopress_titles_title":"","_seopress_titles_desc":"","_seopress_robots_index":"","footnotes":""},"categories":[45],"tags":[],"class_list":["post-43821","post","type-post","status-publish","format-standard","has-post-thumbnail","hentry","category-economia"],"_links":{"self":[{"href":"https:\/\/mussicom.com\/noticias\/wp-json\/wp\/v2\/posts\/43821","targetHints":{"allow":["GET"]}}],"collection":[{"href":"https:\/\/mussicom.com\/noticias\/wp-json\/wp\/v2\/posts"}],"about":[{"href":"https:\/\/mussicom.com\/noticias\/wp-json\/wp\/v2\/types\/post"}],"author":[{"embeddable":true,"href":"https:\/\/mussicom.com\/noticias\/wp-json\/wp\/v2\/users\/5"}],"replies":[{"embeddable":true,"href":"https:\/\/mussicom.com\/noticias\/wp-json\/wp\/v2\/comments?post=43821"}],"version-history":[{"count":0,"href":"https:\/\/mussicom.com\/noticias\/wp-json\/wp\/v2\/posts\/43821\/revisions"}],"wp:featuredmedia":[{"embeddable":true,"href":"https:\/\/mussicom.com\/noticias\/wp-json\/wp\/v2\/media\/43822"}],"wp:attachment":[{"href":"https:\/\/mussicom.com\/noticias\/wp-json\/wp\/v2\/media?parent=43821"}],"wp:term":[{"taxonomy":"category","embeddable":true,"href":"https:\/\/mussicom.com\/noticias\/wp-json\/wp\/v2\/categories?post=43821"},{"taxonomy":"post_tag","embeddable":true,"href":"https:\/\/mussicom.com\/noticias\/wp-json\/wp\/v2\/tags?post=43821"}],"curies":[{"name":"wp","href":"https:\/\/api.w.org\/{rel}","templated":true}]}}