{"id":43807,"date":"2025-09-15T11:51:23","date_gmt":"2025-09-15T14:51:23","guid":{"rendered":"https:\/\/mussicom.com\/sancoes-da-europa-a-moraes-eduardo-bolsonaro-amplia-pressao\/"},"modified":"2025-09-15T11:51:23","modified_gmt":"2025-09-15T14:51:23","slug":"sancoes-da-europa-a-moraes-eduardo-bolsonaro-amplia-pressao","status":"publish","type":"post","link":"https:\/\/mussicom.com\/noticias\/sancoes-da-europa-a-moraes-eduardo-bolsonaro-amplia-pressao\/","title":{"rendered":"San\u00e7\u00f5es da Europa a Moraes: Eduardo Bolsonaro amplia press\u00e3o"},"content":{"rendered":"<p> <br \/>\n<\/p>\n<div>\n<p class=\"postParagraph_post-paragraph__juWZN\">O deputado Eduardo Bolsonaro (PL-SP) intensificou postagens no fim de semana, acenando com mais intensidade para a direita nacionalista europeia. Os posts foram direcionados para o espanhol Vox e o polon\u00eas Lei e Justi\u00e7a.<\/p>\n<p class=\"postParagraph_post-paragraph__juWZN\">Eduardo e o empres\u00e1rio e jornalista Paulo Figueiredo j\u00e1 sinalizaram que a Europa \u00e9 o pr\u00f3ximo destino deles para denunciar o que consideram abusos do ministro Alexandre de Moraes, do Supremo Tribunal Federal (STF), ap\u00f3s a campanha nos Estados Unidos que resultou na aplica\u00e7\u00e3o da Lei Magnitsky contra o ministro, al\u00e9m de suspens\u00e3o de vistos a autoridades brasileiras e do judici\u00e1rio.<\/p>\n<p class=\"postParagraph_post-paragraph__juWZN\">\u201cParab\u00e9ns eurodeputado Dominik Tarczynski por participar de movimentos pr\u00f3-liberdade mesmo fora da Pol\u00f4nia!\u201d, comentou Eduardo. Tarczynski \u00e9 um eurodeputado polon\u00eas, membro do Parlamento Europeu. Ele \u00e9 conhecido por suas posi\u00e7\u00f5es conservadoras e pela defesa de pautas nacionalistas.<\/p>\n<p class=\"postParagraph_post-paragraph__juWZN\">Em uma mensagem direta ao espanho Vox, Eduardo Bolsonaro disse que seguir\u00e1 na batalha pela liberdade. \u201cNenhum ditador ficar\u00e1 impune, n\u00f3s venceremos\u201d, citou.<\/p>\n<p class=\"postParagraph_post-paragraph__juWZN\">Em v\u00eddeo, ele chamou Moraes de tirano e citou, falando em espanhol, exemplos do que considera como medidas autorit\u00e1rias do ministro: condena\u00e7\u00e3o do deputado Daniel Silveira, da cabeleireira D\u00e9bora Rodrigues dos Santos, do empres\u00e1rio Cleriston Pereira da Cunha, que morreu na pris\u00e3o, a suspens\u00e3o do X e o bloqueio de contas da Starlink, ambas empresas de Elon Musk. \u201cN\u00e3o podemos permitir que um tirano destrua a democracia sem consequ\u00eancias\u201d, comentou.<\/p>\n<p class=\"postParagraph_post-paragraph__juWZN\">A articula\u00e7\u00e3o na Europa se concentra em deputados conservadores da Finl\u00e2ndia, Portugal, Fran\u00e7a, Gr\u00e9cia, al\u00e9m de Pol\u00f4nia e Espanha. Um pedido de san\u00e7\u00f5es contra Moraes foi assinado por dezesseis parlamentares. \u201cA Uni\u00e3o Europeia n\u00e3o deve ficar de bra\u00e7os cruzados enquanto Moraes continua a usar o sistema judici\u00e1rio brasileiro como arma contra seus oponentes pol\u00edticos e viola descaradamente os direitos humanos\u201d comentou Tarczynski, no X.<\/p>\n<p class=\"postParagraph_post-paragraph__juWZN\">Os eurodeputados pedem san\u00e7\u00f5es da UE contra Moraes. Segundo a DW Brasil, em carta, os pol\u00edticos citam que Moraes usa o \u201csistema judici\u00e1rio brasileiro como arma contra oponentes pol\u00edticos\u201d e \u201cviola descaradamente os direitos humanos\u201d.<\/p>\n<\/div>\n<p><br \/>\n<br \/>Fonte: <a href=\"https:\/\/www.gazetadopovo.com.br\/republica\/sancoes-uniao-europa-moraes\/\">Revista Oeste<\/a><\/p>\n","protected":false},"excerpt":{"rendered":"<p>O deputado Eduardo Bolsonaro (PL-SP) intensificou postagens no fim de semana, acenando com mais intensidade para a direita nacionalista europeia. Os posts foram direcionados para o espanhol Vox e o polon\u00eas Lei e Justi\u00e7a. Eduardo e o empres\u00e1rio e jornalista Paulo Figueiredo j\u00e1 sinalizaram que a Europa \u00e9 o pr\u00f3ximo destino deles para denunciar o [&hellip;]<\/p>\n","protected":false},"author":5,"featured_media":36271,"comment_status":"open","ping_status":"open","sticky":false,"template":"","format":"standard","meta":{"_seopress_robots_primary_cat":"","_seopress_titles_title":"","_seopress_titles_desc":"","_seopress_robots_index":"","footnotes":""},"categories":[1],"tags":[],"class_list":["post-43807","post","type-post","status-publish","format-standard","has-post-thumbnail","hentry","category-ultimas-noticias"],"_links":{"self":[{"href":"https:\/\/mussicom.com\/noticias\/wp-json\/wp\/v2\/posts\/43807","targetHints":{"allow":["GET"]}}],"collection":[{"href":"https:\/\/mussicom.com\/noticias\/wp-json\/wp\/v2\/posts"}],"about":[{"href":"https:\/\/mussicom.com\/noticias\/wp-json\/wp\/v2\/types\/post"}],"author":[{"embeddable":true,"href":"https:\/\/mussicom.com\/noticias\/wp-json\/wp\/v2\/users\/5"}],"replies":[{"embeddable":true,"href":"https:\/\/mussicom.com\/noticias\/wp-json\/wp\/v2\/comments?post=43807"}],"version-history":[{"count":0,"href":"https:\/\/mussicom.com\/noticias\/wp-json\/wp\/v2\/posts\/43807\/revisions"}],"wp:featuredmedia":[{"embeddable":true,"href":"https:\/\/mussicom.com\/noticias\/wp-json\/wp\/v2\/media\/36271"}],"wp:attachment":[{"href":"https:\/\/mussicom.com\/noticias\/wp-json\/wp\/v2\/media?parent=43807"}],"wp:term":[{"taxonomy":"category","embeddable":true,"href":"https:\/\/mussicom.com\/noticias\/wp-json\/wp\/v2\/categories?post=43807"},{"taxonomy":"post_tag","embeddable":true,"href":"https:\/\/mussicom.com\/noticias\/wp-json\/wp\/v2\/tags?post=43807"}],"curies":[{"name":"wp","href":"https:\/\/api.w.org\/{rel}","templated":true}]}}