{"id":43750,"date":"2025-09-14T20:47:29","date_gmt":"2025-09-14T23:47:29","guid":{"rendered":"https:\/\/mussicom.com\/membros-do-hamas-pedem-para-deixar-gaza\/"},"modified":"2025-09-14T20:47:29","modified_gmt":"2025-09-14T23:47:29","slug":"membros-do-hamas-pedem-para-deixar-gaza","status":"publish","type":"post","link":"https:\/\/mussicom.com\/noticias\/membros-do-hamas-pedem-para-deixar-gaza\/","title":{"rendered":"membros do Hamas pedem para deixar Gaza"},"content":{"rendered":"<p> <br \/>\n<\/p>\n<div>\n<p class=\"postParagraph_post-paragraph__juWZN\">Israel afirmou neste domingo (14) que integrantes do Hamas e familiares solicitaram permiss\u00e3o para deixar a Faixa de Gaza nas \u00faltimas semanas.<\/p>\n<p class=\"postParagraph_post-paragraph__juWZN\">Segundo comunicado das For\u00e7as de Defesa de Israel (FDI), entre os pedidos est\u00e3o nomes de figuras ligadas \u00e0 administra\u00e7\u00e3o do grupo terrorista isl\u00e2mico, que controla o enclave.<\/p>\n<p class=\"postParagraph_post-paragraph__juWZN\">\u201cEnquanto o Hamas pede aos residentes da Cidade de Gaza que n\u00e3o se desloquem para o sul, seus agentes temem por suas vidas e procuram deixar a Faixa de Gaza\u201d, declarou o COGAT, \u00f3rg\u00e3o militar que administra os assuntos civis nos territ\u00f3rios palestinos.<\/p>\n<p class=\"postParagraph_post-paragraph__juWZN\">O general Ghassan Alian, chefe do COGAT, chamou de \u201chipocrisia\u201d a atitude das lideran\u00e7as do grupo terrorista.<\/p>\n<p class=\"postParagraph_post-paragraph__juWZN\">\u201cAutoridades da Cidade de Gaza e da organiza\u00e7\u00e3o terrorista Hamas fazem uso do mecanismo israelense para a evacua\u00e7\u00e3o dos residentes de Gaza\u201d, disse. Israel ressaltou ainda que a maior parte dos pedidos foi rejeitada.<\/p>\n<p class=\"postParagraph_post-paragraph__juWZN\">De acordo com o comunicado, h\u00e1 duas semanas, Anwar Atallah, membro do Conselho Municipal da Cidade de Gaza, deixou o enclave acompanhado da fam\u00edlia ap\u00f3s obter \u201ca aprova\u00e7\u00e3o militar\u201d. Ele teria seguido pela Jord\u00e2nia em dire\u00e7\u00e3o a um terceiro pa\u00eds n\u00e3o revelado. J\u00e1 os pedidos apresentados por Mohamed al Madhoun, ministro do governo do Hamas, pela fam\u00edlia de Ismail Ashqar, chefe do Comit\u00ea de Rela\u00e7\u00f5es Exteriores e Seguran\u00e7a, e pela fam\u00edlia de Alaa el Din al Batta, l\u00edder de um comit\u00ea do grupo, foram negados.<\/p>\n<p class=\"postParagraph_post-paragraph__juWZN\">As autoridades israelenses acusam o Hamas de bloquear a sa\u00edda de civis do norte para o sul do territ\u00f3rio, usando-os \u201ccomo escudos humanos\u201d. A evacua\u00e7\u00e3o foi ordenada ap\u00f3s a aprova\u00e7\u00e3o de um plano para ocupar a Cidade de Gaza, no in\u00edcio de agosto.<\/p>\n<\/div>\n<p><br \/>\n<br \/>Fonte: <a href=\"https:\/\/www.gazetadopovo.com.br\/mundo\/israel-diz-que-membros-do-hamas-pediram-para-deixar-gaza-com-suas-familias\/\">Revista Oeste<\/a><\/p>\n","protected":false},"excerpt":{"rendered":"<p>Israel afirmou neste domingo (14) que integrantes do Hamas e familiares solicitaram permiss\u00e3o para deixar a Faixa de Gaza nas \u00faltimas semanas. Segundo comunicado das For\u00e7as de Defesa de Israel (FDI), entre os pedidos est\u00e3o nomes de figuras ligadas \u00e0 administra\u00e7\u00e3o do grupo terrorista isl\u00e2mico, que controla o enclave. \u201cEnquanto o Hamas pede aos residentes [&hellip;]<\/p>\n","protected":false},"author":5,"featured_media":36467,"comment_status":"open","ping_status":"open","sticky":false,"template":"","format":"standard","meta":{"_seopress_robots_primary_cat":"","_seopress_titles_title":"","_seopress_titles_desc":"","_seopress_robots_index":"","footnotes":""},"categories":[48],"tags":[],"class_list":["post-43750","post","type-post","status-publish","format-standard","has-post-thumbnail","hentry","category-internacional"],"_links":{"self":[{"href":"https:\/\/mussicom.com\/noticias\/wp-json\/wp\/v2\/posts\/43750","targetHints":{"allow":["GET"]}}],"collection":[{"href":"https:\/\/mussicom.com\/noticias\/wp-json\/wp\/v2\/posts"}],"about":[{"href":"https:\/\/mussicom.com\/noticias\/wp-json\/wp\/v2\/types\/post"}],"author":[{"embeddable":true,"href":"https:\/\/mussicom.com\/noticias\/wp-json\/wp\/v2\/users\/5"}],"replies":[{"embeddable":true,"href":"https:\/\/mussicom.com\/noticias\/wp-json\/wp\/v2\/comments?post=43750"}],"version-history":[{"count":0,"href":"https:\/\/mussicom.com\/noticias\/wp-json\/wp\/v2\/posts\/43750\/revisions"}],"wp:featuredmedia":[{"embeddable":true,"href":"https:\/\/mussicom.com\/noticias\/wp-json\/wp\/v2\/media\/36467"}],"wp:attachment":[{"href":"https:\/\/mussicom.com\/noticias\/wp-json\/wp\/v2\/media?parent=43750"}],"wp:term":[{"taxonomy":"category","embeddable":true,"href":"https:\/\/mussicom.com\/noticias\/wp-json\/wp\/v2\/categories?post=43750"},{"taxonomy":"post_tag","embeddable":true,"href":"https:\/\/mussicom.com\/noticias\/wp-json\/wp\/v2\/tags?post=43750"}],"curies":[{"name":"wp","href":"https:\/\/api.w.org\/{rel}","templated":true}]}}