{"id":43615,"date":"2025-09-13T13:17:20","date_gmt":"2025-09-13T16:17:20","guid":{"rendered":"https:\/\/mussicom.com\/katy-perry-setlist-e-o-que-esperar-do-show-no-the-town\/"},"modified":"2025-09-13T13:17:20","modified_gmt":"2025-09-13T16:17:20","slug":"katy-perry-setlist-e-o-que-esperar-do-show-no-the-town","status":"publish","type":"post","link":"https:\/\/mussicom.com\/noticias\/katy-perry-setlist-e-o-que-esperar-do-show-no-the-town\/","title":{"rendered":"Katy Perry: setlist e o que esperar do show no The Town"},"content":{"rendered":"<p> <br \/>\n<\/p>\n<div><img decoding=\"async\" src=\"http:\/\/138.197.47.20\/wp-content\/uploads\/2025\/09\/Katy-Perry-GettyImages-2229728795.jpg\" style=\"width: 100%\" \/><\/p>\n<div>A artista californiana sobe ao palco Skyline do festival no dia 14 de setembro para um espet\u00e1culo que reflete sua trajet\u00f3ria, enfrentando cr\u00edticas e celebrando os f\u00e3s<\/div>\n<\/div>\n<p><br \/>\n<br \/>Fonte: <a href=\"https:\/\/138.197.47.20\/musica\/katy-perry-setlist-e-o-que-esperar-do-show-no-the-town\/\">rollingstone.com.br<\/a><\/p>\n","protected":false},"excerpt":{"rendered":"<p>A artista californiana sobe ao palco Skyline do festival no dia 14 de setembro para um espet\u00e1culo que reflete sua trajet\u00f3ria, enfrentando cr\u00edticas e celebrando os f\u00e3s Fonte: rollingstone.com.br<\/p>\n","protected":false},"author":5,"featured_media":0,"comment_status":"open","ping_status":"open","sticky":false,"template":"","format":"standard","meta":{"_seopress_robots_primary_cat":"","_seopress_titles_title":"","_seopress_titles_desc":"","_seopress_robots_index":"","footnotes":""},"categories":[51],"tags":[],"class_list":["post-43615","post","type-post","status-publish","format-standard","hentry","category-musica"],"_links":{"self":[{"href":"https:\/\/mussicom.com\/noticias\/wp-json\/wp\/v2\/posts\/43615","targetHints":{"allow":["GET"]}}],"collection":[{"href":"https:\/\/mussicom.com\/noticias\/wp-json\/wp\/v2\/posts"}],"about":[{"href":"https:\/\/mussicom.com\/noticias\/wp-json\/wp\/v2\/types\/post"}],"author":[{"embeddable":true,"href":"https:\/\/mussicom.com\/noticias\/wp-json\/wp\/v2\/users\/5"}],"replies":[{"embeddable":true,"href":"https:\/\/mussicom.com\/noticias\/wp-json\/wp\/v2\/comments?post=43615"}],"version-history":[{"count":0,"href":"https:\/\/mussicom.com\/noticias\/wp-json\/wp\/v2\/posts\/43615\/revisions"}],"wp:attachment":[{"href":"https:\/\/mussicom.com\/noticias\/wp-json\/wp\/v2\/media?parent=43615"}],"wp:term":[{"taxonomy":"category","embeddable":true,"href":"https:\/\/mussicom.com\/noticias\/wp-json\/wp\/v2\/categories?post=43615"},{"taxonomy":"post_tag","embeddable":true,"href":"https:\/\/mussicom.com\/noticias\/wp-json\/wp\/v2\/tags?post=43615"}],"curies":[{"name":"wp","href":"https:\/\/api.w.org\/{rel}","templated":true}]}}