{"id":43612,"date":"2025-09-13T13:03:13","date_gmt":"2025-09-13T16:03:13","guid":{"rendered":"https:\/\/mussicom.com\/valdemar-aponta-nikolas-e-cleitinho-como-opcoes-para-mg-em-26\/"},"modified":"2025-09-13T13:03:13","modified_gmt":"2025-09-13T16:03:13","slug":"valdemar-aponta-nikolas-e-cleitinho-como-opcoes-para-mg-em-26","status":"publish","type":"post","link":"https:\/\/mussicom.com\/noticias\/valdemar-aponta-nikolas-e-cleitinho-como-opcoes-para-mg-em-26\/","title":{"rendered":"Valdemar aponta Nikolas e Cleitinho como op\u00e7\u00f5es para MG em 26"},"content":{"rendered":"<p> <br \/>\n<\/p>\n<div>\n<p class=\"postParagraph_post-paragraph__juWZN\">O presidente nacional do Partido Liberal (PL), Valdemar Costa Neto, afirmou que o deputado federal Nikolas Ferreira (PL-MG) e o senador Cleitinho (Republicanos-MG) despontam como os principais nomes para disputar o governo de Minas Gerais nas elei\u00e7\u00f5es de 2026.<\/p>\n<p class=\"postParagraph_post-paragraph__juWZN\">Segundo Valdemar, Nikolas \u00e9 o favorito dentro do PL para a candidatura, mas ainda avalia se entrar\u00e1 na disputa. Caso o deputado opte por n\u00e3o concorrer, o partido considera apoiar Cleitinho, atualmente filiado ao Republicanos.<\/p>\n<p class=\"postParagraph_post-paragraph__juWZN\">\u201cN\u00f3s temos, para Minas Gerais, que fazer um entendimento. O Nikolas vai resolver, ainda, se ser\u00e1 candidato ou n\u00e3o. Se ele n\u00e3o for, grandes chances de ser o Cleitinho. Vamos aguardar o Nikolas resolver se ser\u00e1 candidato ou n\u00e3o\u201d, disse Valdemar em entrevista \u00e0 r\u00e1dio Itatiaia, na quinta-feira (11).<\/p>\n<p class=\"postParagraph_post-paragraph__juWZN\">Questionado sobre a disposi\u00e7\u00e3o de Nikolas em disputar o governo mineiro, Valdemar destacou que o deputado \u00e9 uma \u201csurpresa\u201d no cen\u00e1rio pol\u00edtico.<\/p>\n<p class=\"postParagraph_post-paragraph__juWZN\">\u201cO Nikolas \u00e9 uma surpresa t\u00e3o grande para mim. Ele pensa em ser candidato, mas est\u00e1 estudando a possibilidade para ver o que \u00e9 melhor para o eleitor dele e para os mineiros\u201d, afirmou. O dirigente acrescentou que a se\u00e7\u00e3o mineira do PL ter\u00e1 autonomia para conduzir suas escolhas internas.<\/p>\n<p class=\"postParagraph_post-paragraph__juWZN\">Uma pesquisa Quaest divulgada em 22 de agosto apontou Cleitinho na lideran\u00e7a da corrida pelo governo de Minas Gerais em 2026, com 28% das inten\u00e7\u00f5es de voto. O ex-prefeito de Belo Horizonte Alexandre Kalil (PSD) aparece em segundo lugar, com 16%, seguido pelo presidente do Senado, Rodrigo Pacheco (PSD-MG), que registrou 9%. O levantamento n\u00e3o considerou uma eventual candidatura de Nikolas Ferreira.<\/p>\n<p class=\"postParagraph_post-paragraph-innerHtml__Q5vwc\"><strong>Metodologia:<\/strong> O levantamento foi contratado pela Genial Investimentos e feito entre os dias 13 e 17 de agosto. Foram ouvidos1.482 eleitores de Minas Gerais com 16 anos ou mais. A margem de erro \u00e9 de 3 pontos percentuais para mais ou para menos, e o n\u00edvel de confian\u00e7a \u00e9 de 95%.<\/p>\n<\/div>\n<p><br \/>\n<br \/>Fonte: <a href=\"https:\/\/www.gazetadopovo.com.br\/republica\/valdemar-aponta-nikolas-e-cleitinho-como-opcoes-para-mg-em-26\/\">Revista Oeste<\/a><\/p>\n","protected":false},"excerpt":{"rendered":"<p>O presidente nacional do Partido Liberal (PL), Valdemar Costa Neto, afirmou que o deputado federal Nikolas Ferreira (PL-MG) e o senador Cleitinho (Republicanos-MG) despontam como os principais nomes para disputar o governo de Minas Gerais nas elei\u00e7\u00f5es de 2026. Segundo Valdemar, Nikolas \u00e9 o favorito dentro do PL para a candidatura, mas ainda avalia se [&hellip;]<\/p>\n","protected":false},"author":5,"featured_media":42319,"comment_status":"open","ping_status":"open","sticky":false,"template":"","format":"standard","meta":{"_seopress_robots_primary_cat":"","_seopress_titles_title":"","_seopress_titles_desc":"","_seopress_robots_index":"","footnotes":""},"categories":[1],"tags":[],"class_list":["post-43612","post","type-post","status-publish","format-standard","has-post-thumbnail","hentry","category-ultimas-noticias"],"_links":{"self":[{"href":"https:\/\/mussicom.com\/noticias\/wp-json\/wp\/v2\/posts\/43612","targetHints":{"allow":["GET"]}}],"collection":[{"href":"https:\/\/mussicom.com\/noticias\/wp-json\/wp\/v2\/posts"}],"about":[{"href":"https:\/\/mussicom.com\/noticias\/wp-json\/wp\/v2\/types\/post"}],"author":[{"embeddable":true,"href":"https:\/\/mussicom.com\/noticias\/wp-json\/wp\/v2\/users\/5"}],"replies":[{"embeddable":true,"href":"https:\/\/mussicom.com\/noticias\/wp-json\/wp\/v2\/comments?post=43612"}],"version-history":[{"count":0,"href":"https:\/\/mussicom.com\/noticias\/wp-json\/wp\/v2\/posts\/43612\/revisions"}],"wp:featuredmedia":[{"embeddable":true,"href":"https:\/\/mussicom.com\/noticias\/wp-json\/wp\/v2\/media\/42319"}],"wp:attachment":[{"href":"https:\/\/mussicom.com\/noticias\/wp-json\/wp\/v2\/media?parent=43612"}],"wp:term":[{"taxonomy":"category","embeddable":true,"href":"https:\/\/mussicom.com\/noticias\/wp-json\/wp\/v2\/categories?post=43612"},{"taxonomy":"post_tag","embeddable":true,"href":"https:\/\/mussicom.com\/noticias\/wp-json\/wp\/v2\/tags?post=43612"}],"curies":[{"name":"wp","href":"https:\/\/api.w.org\/{rel}","templated":true}]}}