{"id":43517,"date":"2025-09-12T22:42:18","date_gmt":"2025-09-13T01:42:18","guid":{"rendered":"https:\/\/mussicom.com\/stf-forma-maioria-por-alta-programada-do-auxilio-doenca\/"},"modified":"2025-09-12T22:42:18","modified_gmt":"2025-09-13T01:42:18","slug":"stf-forma-maioria-por-alta-programada-do-auxilio-doenca","status":"publish","type":"post","link":"https:\/\/mussicom.com\/noticias\/stf-forma-maioria-por-alta-programada-do-auxilio-doenca\/","title":{"rendered":"STF forma maioria por alta programada do aux\u00edlio-doen\u00e7a"},"content":{"rendered":"<p> <br \/>\n<\/p>\n<div>\n<p class=\"postParagraph_post-paragraph__juWZN\">O Supremo Tribunal Federal (STF) formou maioria nesta sexta-feira (12\/9) para validar a alta programada do aux\u00edlio-doen\u00e7a. A medida permite que o INSS fixe a data de t\u00e9rmino do benef\u00edcio e do retorno ao trabalho sem nova per\u00edcia m\u00e9dica.<\/p>\n<p class=\"postParagraph_post-paragraph__juWZN\">O julgamento ocorre no plen\u00e1rio virtual e ter\u00e1  conclus\u00e3o at\u00e9 o fim da noite. A decis\u00e3o ter\u00e1 repercuss\u00e3o geral e servir\u00e1 de refer\u00eancia para casos semelhantes.<\/p>\n<div class=\"postViewMore_post-view-more-container___5wai\" data-mrf-recirculation=\"Post - Veja tamb\u00e9m\">\n<p class=\"gp-styles-module-size-small-afeYRa gp-styles-module-font-family2-afeYRa gp-styles-module-color-secondary-afeYRa gp-styles-module-weight-bold-afeYRa\">VEJA TAMB\u00c9M:<\/p>\n<ul class=\"postViewMore_post-view-more-list__CU_CE\">\n<li class=\"postViewMore_post-view-more-item__2MzRb\"><span class=\"postViewMore_post-view-more-link-icon___stPC\"><svg xmlns=\"http:\/\/www.w3.org\/2000\/svg\" width=\"16\" height=\"16\" viewbox=\"0 0 16 16\"><rect width=\"16\" height=\"16\" fill=\"none\"\/><g transform=\"translate(3 3)\"><path d=\"M22.5,15l3.4,3.4-3.4,3.4\" transform=\"translate(-15.896 -11.793)\" fill=\"none\" stroke=\"#717171\" stroke-linecap=\"round\" stroke-width=\"1.4\"\/><path d=\"M6,6v4.2a2.452,2.452,0,0,0,2.5,2.4H16\" transform=\"translate(-6 -6)\" fill=\"none\" stroke=\"#717171\" stroke-linecap=\"round\" stroke-width=\"1.4\"\/><\/g><\/svg><\/span><span class=\"postViewMore_post-view-more-link-text__hO_kM\">STF forma maioria para liberar escolas c\u00edvico-militares do governo Tarc\u00edsio de Freitas<\/span><\/li>\n<li class=\"postViewMore_post-view-more-item__2MzRb\"><span class=\"postViewMore_post-view-more-link-icon___stPC\"><svg xmlns=\"http:\/\/www.w3.org\/2000\/svg\" width=\"16\" height=\"16\" viewbox=\"0 0 16 16\"><rect width=\"16\" height=\"16\" fill=\"none\"\/><g transform=\"translate(3 3)\"><path d=\"M22.5,15l3.4,3.4-3.4,3.4\" transform=\"translate(-15.896 -11.793)\" fill=\"none\" stroke=\"#717171\" stroke-linecap=\"round\" stroke-width=\"1.4\"\/><path d=\"M6,6v4.2a2.452,2.452,0,0,0,2.5,2.4H16\" transform=\"translate(-6 -6)\" fill=\"none\" stroke=\"#717171\" stroke-linecap=\"round\" stroke-width=\"1.4\"\/><\/g><\/svg><\/span><span class=\"postViewMore_post-view-more-link-text__hO_kM\">De advogado de Lula a Ministro do STF: confira a trajet\u00f3ria de Cristiano Zanin<\/span><\/li>\n<\/ul>\n<\/div>\n<p class=\"postParagraph_post-paragraph__juWZN\">A alta programada foi criada pelas MPs 739\/2016 e 767\/2017, depois convertidas na Lei 13.457\/2017. O caso teve origem em Sergipe, quando a Justi\u00e7a afastou o fim autom\u00e1tico do benef\u00edcio e exigiu nova per\u00edcia, declarando as normas inconstitucionais.<\/p>\n<p class=\"postParagraph_post-paragraph__juWZN\">O INSS recorreu em 2021. Alegou que havia urg\u00eancia na edi\u00e7\u00e3o das medidas e que elas tratam de Direito Material Previdenci\u00e1rio, sem violar a Constitui\u00e7\u00e3o.<\/p>\n<p class=\"postParagraph_post-paragraph__juWZN\">O relator, ministro Cristiano Zanin, votou por validar as regras. Foi acompanhado por Alexandre de Moraes, Gilmar Mendes, Fl\u00e1vio Dino, Andr\u00e9 Mendon\u00e7a, Dias Toffoli e Edson Fachin.<\/p>\n<\/div>\n<p><br \/>\n<br \/>Fonte: <a href=\"https:\/\/www.gazetadopovo.com.br\/republica\/stf-forma-maioria-por-alta-programada-do-auxilio-doenca\/\">Revista Oeste<\/a><\/p>\n","protected":false},"excerpt":{"rendered":"<p>O Supremo Tribunal Federal (STF) formou maioria nesta sexta-feira (12\/9) para validar a alta programada do aux\u00edlio-doen\u00e7a. A medida permite que o INSS fixe a data de t\u00e9rmino do benef\u00edcio e do retorno ao trabalho sem nova per\u00edcia m\u00e9dica. O julgamento ocorre no plen\u00e1rio virtual e ter\u00e1 conclus\u00e3o at\u00e9 o fim da noite. A decis\u00e3o [&hellip;]<\/p>\n","protected":false},"author":5,"featured_media":43184,"comment_status":"open","ping_status":"open","sticky":false,"template":"","format":"standard","meta":{"_seopress_robots_primary_cat":"","_seopress_titles_title":"","_seopress_titles_desc":"","_seopress_robots_index":"","footnotes":""},"categories":[1],"tags":[],"class_list":["post-43517","post","type-post","status-publish","format-standard","has-post-thumbnail","hentry","category-ultimas-noticias"],"_links":{"self":[{"href":"https:\/\/mussicom.com\/noticias\/wp-json\/wp\/v2\/posts\/43517","targetHints":{"allow":["GET"]}}],"collection":[{"href":"https:\/\/mussicom.com\/noticias\/wp-json\/wp\/v2\/posts"}],"about":[{"href":"https:\/\/mussicom.com\/noticias\/wp-json\/wp\/v2\/types\/post"}],"author":[{"embeddable":true,"href":"https:\/\/mussicom.com\/noticias\/wp-json\/wp\/v2\/users\/5"}],"replies":[{"embeddable":true,"href":"https:\/\/mussicom.com\/noticias\/wp-json\/wp\/v2\/comments?post=43517"}],"version-history":[{"count":0,"href":"https:\/\/mussicom.com\/noticias\/wp-json\/wp\/v2\/posts\/43517\/revisions"}],"wp:featuredmedia":[{"embeddable":true,"href":"https:\/\/mussicom.com\/noticias\/wp-json\/wp\/v2\/media\/43184"}],"wp:attachment":[{"href":"https:\/\/mussicom.com\/noticias\/wp-json\/wp\/v2\/media?parent=43517"}],"wp:term":[{"taxonomy":"category","embeddable":true,"href":"https:\/\/mussicom.com\/noticias\/wp-json\/wp\/v2\/categories?post=43517"},{"taxonomy":"post_tag","embeddable":true,"href":"https:\/\/mussicom.com\/noticias\/wp-json\/wp\/v2\/tags?post=43517"}],"curies":[{"name":"wp","href":"https:\/\/api.w.org\/{rel}","templated":true}]}}