{"id":43495,"date":"2025-09-12T20:40:15","date_gmt":"2025-09-12T23:40:15","guid":{"rendered":"https:\/\/mussicom.com\/alianca-tarcisio-centrao-ameaca-agenda-economica-de-lula\/"},"modified":"2025-09-12T20:40:15","modified_gmt":"2025-09-12T23:40:15","slug":"alianca-tarcisio-centrao-ameaca-agenda-economica-de-lula","status":"publish","type":"post","link":"https:\/\/mussicom.com\/noticias\/alianca-tarcisio-centrao-ameaca-agenda-economica-de-lula\/","title":{"rendered":"Alian\u00e7a Tarc\u00edsio-Centr\u00e3o amea\u00e7a agenda econ\u00f4mica de Lula"},"content":{"rendered":"<p> <br \/>\n<\/p>\n<div>\n<p class=\"postParagraph_post-paragraph__juWZN\">A debandada de partidos do Centr\u00e3o da base governista e a entrada do governador de S\u00e3o Paulo, Tarc\u00edsio de Freitas (Republicanos), nas articula\u00e7\u00f5es para vota\u00e7\u00e3o da anistia acenderam um novo alerta em l\u00edderes do governo do presidente Luiz In\u00e1cio Lula da Silva (PT). O temor dentro do Pal\u00e1cio do Planalto \u00e9 de que o movimento fortale\u00e7a a oposi\u00e7\u00e3o e trave as propostas de interesse do Executivo, como a isen\u00e7\u00e3o do Imposto de Renda (IR) para quem ganha at\u00e9 R$ 5 mil.<\/p>\n<p class=\"postParagraph_post-paragraph__juWZN\">A primeira sinaliza\u00e7\u00e3o da nova dificuldade para a gest\u00e3o petista conseguir maioria para suas propostas foi sentida pelos l\u00edderes governistas ainda na semana passada, quando senadores do Uni\u00e3o Brasil e do Progressistas (PP) votaram contra uma proposta de emenda \u00e0 Constitui\u00e7\u00e3o (PEC) que cria novas regras para os precat\u00f3rios. O projeto, que permite ao Executivo um gasto extra de R$ 12,4 bilh\u00f5es em 2026, foi aprovado com o n\u00famero m\u00ednimo de votos necess\u00e1rios. O epis\u00f3dio refor\u00e7ou a avalia\u00e7\u00e3o de que, fora da base, os partidos aumentam o poder de veto da oposi\u00e7\u00e3o.<\/p>\n<p class=\"postParagraph_post-paragraph__juWZN\">A vota\u00e7\u00e3o ocorreu na mesma semana em que as c\u00fapulas do Uni\u00e3o Brasil e do PP cobraram que os seus filiados deixem os cargos que ocupam no governo Lula at\u00e9 o final de setembro. Al\u00e9m de indicar apoio ao projeto da anistia na C\u00e2mara, os dois partidos buscam consolidar, ainda neste ano, a candidatura de Tarc\u00edsio de Freitas para o Planalto em 2026.<\/p>\n<div class=\"postViewMore_post-view-more-container___5wai\" data-mrf-recirculation=\"Post - Veja tamb\u00e9m\">\n<p class=\"gp-styles-module-size-small-afeYRa gp-styles-module-font-family2-afeYRa gp-styles-module-color-secondary-afeYRa gp-styles-module-weight-bold-afeYRa\">VEJA TAMB\u00c9M:<\/p>\n<ul class=\"postViewMore_post-view-more-list__CU_CE\">\n<li class=\"postViewMore_post-view-more-item__2MzRb\">\n<div class=\"postViewMore_post-view-more-image__5gUSe\"><picture class=\"imageDefault_image-container__XGd8_\"><\/picture><\/div>\n<p>Tarc\u00edsio emerge como l\u00edder da luta pela anistia enquanto STF sofre press\u00e3o das ruas e EUA<\/li>\n<li class=\"postViewMore_post-view-more-item__2MzRb\">\n<div class=\"postViewMore_post-view-more-image__5gUSe\"><picture class=\"imageDefault_image-container__XGd8_\"><img decoding=\"async\" class=\"imageDefault_image-item__lU2Dk\" src=\"https:\/\/media.gazetadopovo.com.br\/2025\/09\/09192857\/motta-anistia-380x214.jpg.webp\" alt=\"Motta diz que n\u00e3o h\u00e1 previs\u00e3o de pautar anistia na C\u00e2mara\" width=\"72\" height=\"72\"\/><\/picture><\/div>\n<p>Motta diz que n\u00e3o h\u00e1 previs\u00e3o de pautar anistia na C\u00e2mara<\/li>\n<\/ul>\n<\/div>\n<p class=\"postParagraph_post-paragraph__juWZN\">A expectativa entre os presidentes do PP, senador Ciro Nogueira (PI), e do Uni\u00e3o Brasil, Ant\u00f4nio Rueda, \u00e9 de que o ex-presidente Jair Bolsonaro (PL) d\u00ea o aval para que o governador Tarc\u00edsio de Freitas seja o candidato da direita no ano que vem. As movimenta\u00e7\u00f5es acontecem na esteira da condena\u00e7\u00e3o de Bolsonaro pela Primeira Turma do Supremo Tribunal Federal (STF) na quinta-feira (11). Tarc\u00edsio, no entanto, tem dito publicamente que pretende concorrer \u00e0 reelei\u00e7\u00e3o ao governo paulista.<\/p>\n<p class=\"postParagraph_post-paragraph__juWZN\">&#8220;O Centr\u00e3o age pragmaticamente: se Tarc\u00edsio mostrar for\u00e7a nacional e baixo custo de coaliz\u00e3o, vira favorito; caso contr\u00e1rio, a disputa pela candidatura da direita pode ser reaberta. Bolsonaro deve agir da mesma forma e s\u00f3 depositar seu apoio a um candidato que cumpra fielmente sua cartilha de prioridades&#8221;, explicou Lucas Fernandes, cientista pol\u00edtico e especialista em An\u00e1lise Pol\u00edtica na BMJ Consultores Associados.<\/p>\n<p class=\"postParagraph_post-paragraph__juWZN\">No Pal\u00e1cio do Planalto, por exemplo, a ascens\u00e3o pol\u00edtica de Tarc\u00edsio nas \u00faltimas semanas fez com que Lula e seus aliados j\u00e1 colocassem o governador como principal advers\u00e1rio em 2026. Parlamentares do PT ouvidos pela reportagem admitem, nos bastidores, que o desembarque do Centr\u00e3o da base governista deve trazer mais dificuldades para projetos de interesse do Executivo j\u00e1 neste ano.<\/p>\n<h2 class=\"postParagraph_post-paragraph__juWZN postParagraph_type-tag-h2__TtFkT\">Isen\u00e7\u00e3o do IR: a pauta econ\u00f4mica de Lula no centro da disputa<\/h2>\n<p class=\"postParagraph_post-paragraph__juWZN\">O projeto da isen\u00e7\u00e3o do IR \u00e9 a principal aposta do governo para tentar recuperar a popularidade de Lula para a disputa eleitoral de 2026. A lideran\u00e7a do PT tentou colocar o projeto em vota\u00e7\u00e3o nas duas \u00faltimas semanas, mas a pauta da C\u00e2mara acabou sendo esvaziada por conta do julgamento de Bolsonaro pelo STF.<\/p>\n<p class=\"postParagraph_post-paragraph__juWZN\">&#8220;Isso abre espa\u00e7o para desidrata\u00e7\u00e3o do texto ou adiamento da vota\u00e7\u00e3o. Outras mat\u00e9rias, como a MP da tarifa social de energia, j\u00e1 sofrem obstru\u00e7\u00e3o da oposi\u00e7\u00e3o, que prioriza a pauta da anistia&#8221;, explicou.<\/p>\n<p class=\"postParagraph_post-paragraph__juWZN\">Os governistas, no entanto, comemoram a sinaliza\u00e7\u00e3o dada pelo presidente da C\u00e2mara, Hugo Motta (Republicanos), na segunda-feira (8), de que o texto ser\u00e1 colocado em vota\u00e7\u00e3o. A manifesta\u00e7\u00e3o foi dada ap\u00f3s integrantes do governo levantarem a possibilidade de Lula editar uma medida provis\u00f3ria (MP) como forma de garantir a promessa eleitoral de isentar parte da popula\u00e7\u00e3o do imposto de renda.<\/p>\n<p class=\"postParagraph_post-paragraph__juWZN\">&#8220;Para [a isen\u00e7\u00e3o] poder valer para 2026 temos que votar ainda neste ano nas duas Casas, porque tem o princ\u00edpio da anualidade&#8221;, disse o l\u00edder do governo na C\u00e2mara, Jos\u00e9 Guimar\u00e3es (PT-CE).<\/p>\n<p class=\"postParagraph_post-paragraph__juWZN\">Segundo Fernandes, ainda h\u00e1 espa\u00e7o para que alguns parlamentares do Uni\u00e3o e do PP apoiem o governo em vota\u00e7\u00f5es espec\u00edficas, especialmente em pautas populares ou que tragam recursos para suas bases. &#8220;\u00c9 poss\u00edvel, mas em condi\u00e7\u00f5es mais caras e inst\u00e1veis. O governo pode refor\u00e7ar alian\u00e7as com PSD e MDB, fidelizar PSB e PDT e negociar caso a caso com o Republicanos. Isso exigir\u00e1 concess\u00f5es em emendas, cargos e relatorias estrat\u00e9gicas&#8221;, salientou o analista.<\/p>\n<h2 class=\"postParagraph_post-paragraph__juWZN postParagraph_type-tag-h2__TtFkT\">Articula\u00e7\u00e3o por anistia fortalece oposi\u00e7\u00e3o e Tarc\u00edsio<\/h2>\n<p class=\"postParagraph_post-paragraph__juWZN\">Al\u00e9m das dificuldades para garantir maioria pela aprova\u00e7\u00e3o de suas propostas, o governo viu o foco do Congresso Nacional se voltar para a pauta de anistia. A articula\u00e7\u00e3o ganhou for\u00e7a nas \u00faltimas semanas com a entrada de Tarc\u00edsio de Freitas nas negocia\u00e7\u00f5es. O governador de S\u00e3o Paulo esteve em Bras\u00edlia na semana passada, em meio ao julgamento de Bolsonaro, para articular a vota\u00e7\u00e3o da proposta pela C\u00e2mara.<\/p>\n<p class=\"postParagraph_post-paragraph__juWZN\">Tarc\u00edsio se reuniu com Hugo Motta e refor\u00e7ou o apelo da oposi\u00e7\u00e3o de que a proposta j\u00e1 teria maioria para ser aprovada entre os deputados. Al\u00e9m do PL, partido de Bolsonaro, o projeto tem o apoio das bancadas do Novo, PP, Uni\u00e3o Brasil, Republicanos e parte do PSD e do MDB.<\/p>\n<p class=\"postParagraph_post-paragraph__juWZN\">\u201cN\u00f3s j\u00e1 temos hoje a maioria. O c\u00e1lculo \u00e9 de mais de 300 votos. Ningu\u00e9m est\u00e1 pedindo aqui para aprovar a anistia, mas, se h\u00e1 apoio suficiente, por que n\u00e3o pautar?\u201d, questionou o deputado Luciano Zucco (PL-RS), l\u00edder da oposi\u00e7\u00e3o na C\u00e2mara.<\/p>\n<div class=\"postViewMore_post-view-more-container___5wai\" data-mrf-recirculation=\"Post - Veja tamb\u00e9m\">\n<p class=\"gp-styles-module-size-small-afeYRa gp-styles-module-font-family2-afeYRa gp-styles-module-color-secondary-afeYRa gp-styles-module-weight-bold-afeYRa\">VEJA TAMB\u00c9M:<\/p>\n<ul class=\"postViewMore_post-view-more-list__CU_CE\">\n<li class=\"postViewMore_post-view-more-item__2MzRb\">\n<div class=\"postViewMore_post-view-more-image__5gUSe\"><picture class=\"imageDefault_image-container__XGd8_\"><img decoding=\"async\" class=\"imageDefault_image-item__lU2Dk\" src=\"https:\/\/media.gazetadopovo.com.br\/2025\/09\/07184245\/Tarcisio-Paulista-anistia-380x214.jpg.webp\" alt=\"Tarc\u00edsio de Freitas anistia Bolsonaro Avenida Paulista\" width=\"72\" height=\"72\"\/><\/picture><\/div>\n<p>Na Paulista, Tarc\u00edsio cobra que Hugo Motta paute a anistia e manda recados ao STF<\/li>\n<li class=\"postViewMore_post-view-more-item__2MzRb\">\n<div class=\"postViewMore_post-view-more-image__5gUSe\"><picture class=\"imageDefault_image-container__XGd8_\"><img decoding=\"async\" class=\"imageDefault_image-item__lU2Dk\" src=\"https:\/\/media.gazetadopovo.com.br\/2025\/09\/10084727\/tar-380x214.jpg.webp\" alt=\"Deputados da oposi\u00e7\u00e3o protocolaram pedido de impeachment contra Tarc\u00edsio de Freitas, acusado de usar recursos p\u00fablicos e do cargo para hostilizar ministros do STF.\" width=\"72\" height=\"72\"\/><\/picture><\/div>\n<p>PT e PSOL protocolam pedido de impeachment de Tarc\u00edsio de Freitas<\/li>\n<\/ul>\n<\/div>\n<p class=\"postParagraph_post-paragraph__juWZN\">Na reuni\u00e3o de l\u00edderes desta ter\u00e7a-feira (9), Motta disse aos jornalistas que \u201cn\u00e3o h\u00e1 previs\u00e3o nem de pauta nem de relator\u201d. Antes disso, o presidente da C\u00e2mara j\u00e1 havia indicado que o tema &#8220;precisaria ser enfrentado em algum momento&#8221;.<\/p>\n<p class=\"postParagraph_post-paragraph__juWZN\">Dentro do governo Lula, assessores avaliam que a entrada de Tarc\u00edsio e o apoio do Centr\u00e3o foram primordiais para a mudan\u00e7a de clima em rela\u00e7\u00e3o ao texto nos \u00faltimos dias. Existe uma d\u00favida entre os assessores governistas, no entanto, se a oposi\u00e7\u00e3o teria for\u00e7a para incluir o ex-presidente Bolsonaro na anistia que ser\u00e1 votada.<\/p>\n<p class=\"postParagraph_post-paragraph__juWZN\">Na segunda, a ministra das Rela\u00e7\u00f5es Institucionais, Gleisi Hoffmann, se reuniu com os ministros de partidos da base para cobrar que eles mobilizem suas bancadas para a vota\u00e7\u00e3o e aprova\u00e7\u00e3o de pautas governistas. No encontro, a ministra pediu para que ministros e l\u00edderes trabalhem para pautar no Congresso o projeto da isen\u00e7\u00e3o do IR, a MP que cria o G\u00e1s do Povo, a PEC da Seguran\u00e7a e a MP que trata da redu\u00e7\u00e3o da conta de energia. Todas as propostas s\u00e3o vistas no Planalto como primordiais para a campanha de Lula em 2026. Al\u00e9m disso, ela pediu que atuem para evitar o andamento no Congresso da vota\u00e7\u00e3o do projeto da anistia.<\/p>\n<p class=\"postParagraph_post-paragraph__juWZN\">Na reuni\u00e3o, estavam os ministros do PSD, do MDB e do Uni\u00e3o Brasil, al\u00e9m dos ministros M\u00e1rcio Fran\u00e7a (PSB) e Luciana Santos (PCdoB). A estrat\u00e9gia do governo \u00e9 usar os chefes das pastas desses partidos para reduzir o apoio que a proposta possui hoje na C\u00e2mara.<\/p>\n<p class=\"postParagraph_post-paragraph__juWZN\">&#8220;N\u00e3o h\u00e1 pauta de consenso na reuni\u00e3o de l\u00edderes. Da semana passada para c\u00e1, mudou muita coisa. A fala do Tarc\u00edsio e a repercuss\u00e3o no Supremo deixaram a vota\u00e7\u00e3o da anistia esta semana mais distante. O Centr\u00e3o est\u00e1 percebendo que \u00e9 comprar uma briga muito grande com o Supremo em um clima como esse&#8221;, disse o l\u00edder do PT na C\u00e2mara, Lindbergh Farias (RJ).<\/p>\n<h2 class=\"postParagraph_post-paragraph__juWZN postParagraph_type-tag-h2__TtFkT\">Antecipa\u00e7\u00e3o do embate: Lula intensifica cr\u00edticas a Tarc\u00edsio<\/h2>\n<p class=\"postParagraph_post-paragraph__juWZN\">Apesar das sinaliza\u00e7\u00f5es de Tarc\u00edsio sobre sua candidatura \u00e0 reelei\u00e7\u00e3o ao governo de S\u00e3o Paulo, Lula tem sido aconselhado por seus auxiliares a for\u00e7ar uma antecipa\u00e7\u00e3o da exposi\u00e7\u00e3o do governador como candidato \u00e0 Presid\u00eancia. Com isso, o petista tem intensificado as cr\u00edticas contra Tarc\u00edsio em suas entrevistas nas \u00faltimas semanas.<\/p>\n<p class=\"postParagraph_post-paragraph__juWZN\">Na reuni\u00e3o ministerial de 26 de agosto, por exemplo, Lula disse ter a expectativa de que Tarc\u00edsio ser\u00e1 seu principal concorrente no ano que vem. Na mesma semana, durante entrevista \u00e0 R\u00e1dio Itatiaia, o presidente disse que &#8220;[Tarc\u00edsio] vai fazer o que Bolsonaro quiser, at\u00e9 porque, sem Bolsonaro ele n\u00e3o \u00e9 nada.&#8221;<\/p>\n<p class=\"postParagraph_post-paragraph__juWZN\">Ao ser questionado sobre a fala do petista, Tarc\u00edsio disse que &#8220;n\u00e3o liga\u201d para a declara\u00e7\u00e3o e afirmou que n\u00e3o perde \u201cum minuto\u201d com quest\u00f5es alheias ao seu mandato.<\/p>\n<p class=\"postParagraph_post-paragraph__juWZN\">Al\u00e9m de Lula, outros membros do governo tamb\u00e9m j\u00e1 sinalizaram que v\u00e3o subir o tom contra o governador de S\u00e3o Paulo. A ministra Gleisi Hoffmann, das Rela\u00e7\u00f5es Institucionais, chamou Tarc\u00edsio de &#8220;candidato fantoche&#8221; de Bolsonaro nas redes sociais. J\u00e1 o ministro da Casa Civil, Rui Costa, chamou o posicionamento do governador em rela\u00e7\u00e3o \u00e0 anistia de &#8220;triste e lament\u00e1vel&#8221;.<\/p>\n<p class=\"postParagraph_post-paragraph__juWZN\">As declara\u00e7\u00f5es, no entanto, contrariam o ministro Sid\u00f4nio Palmeira, respons\u00e1vel pela estrat\u00e9gia de comunica\u00e7\u00e3o do governo. O marqueteiro tem defendido que Lula precisa evitar &#8220;bater no governador&#8221; para que seu nome, ainda mais concentrado no Sudeste, n\u00e3o ganhe exposi\u00e7\u00e3o nacional por meio de governistas. A avalia\u00e7\u00e3o dentro da equipe de comunica\u00e7\u00e3o \u00e9 de que a campanha contra o governador precisa ser feita apenas com a defini\u00e7\u00e3o da candidatura ou com a proximidade do per\u00edodo eleitoral.<\/p>\n<p class=\"postParagraph_post-paragraph__juWZN\">Caso Tarc\u00edsio seja indicado por Bolsonaro como candidato a presidente, ele ser\u00e1 obrigado a renunciar daqui a menos de sete meses, em abril de 2026.<\/p>\n<p class=\"postParagraph_post-paragraph__juWZN\">Segundo o analista pol\u00edtico Lucas Fernandes, no curto prazo, as cr\u00edticas de Lula d\u00e3o visibilidade nacional a Tarc\u00edsio e refor\u00e7am sua imagem como antagonista direto do presidente. &#8220;Por\u00e9m, no m\u00e9dio prazo, essa exposi\u00e7\u00e3o amplia o escrut\u00ednio sobre sua gest\u00e3o em S\u00e3o Paulo e o obriga a assumir posi\u00e7\u00f5es nacionais sens\u00edveis. Discursos mais incisivos, como apoio irrestrito \u00e0 anistia ou enfrentamento ao STF, podem afastar eleitores moderados, que foram chave em 2022&#8221;, afirmou.<\/p>\n<h2 class=\"postParagraph_post-paragraph__juWZN postParagraph_type-tag-h2__TtFkT\">A vis\u00e3o de Tarc\u00edsio: cr\u00edticas \u00e0 pol\u00edtica de gastos do governo Lula<\/h2>\n<p class=\"postParagraph_post-paragraph__juWZN\">Em contrapartida, o governador de S\u00e3o Paulo tamb\u00e9m fez cr\u00edticas ao presidente da Rep\u00fablica e disse que o petista fica gastando energia com \u201cpicuinhas\u201d, como a quest\u00e3o das emendas parlamentares, faz discursos que incentivam a divis\u00e3o da sociedade, e ainda que o governo \u201cinventa despesas\u201d e \u201cjoga dinheiro fora\u201d.<\/p>\n<p class=\"postParagraph_post-paragraph__juWZN\">\u201cO Brasil n\u00e3o aguenta mais excesso de gasto. O Brasil n\u00e3o aguenta mais, n\u00e3o tolera mais aumento de imposto. O Brasil n\u00e3o aguenta mais corrup\u00e7\u00e3o. O Brasil n\u00e3o aguenta mais o PT. O Brasil n\u00e3o aguenta mais o Lula\u201d, disparou.<\/p>\n<p class=\"postParagraph_post-paragraph__juWZN\">A cr\u00edtica de Tarc\u00edsio foi feita durante um evento de um banco em S\u00e3o Paulo, em agosto, e teve o coro de governadores aliados, como Ronaldo Caiado, de Goi\u00e1s; Ratinho Jr., do Paran\u00e1; e Eduardo Leite, do Rio Grande do Sul. Para ele, o Brasil est\u00e1 discutindo \u201ca mesma pessoa\u201d h\u00e1 40 anos.<\/p>\n<p class=\"postParagraph_post-paragraph__juWZN\">O governador de S\u00e3o Paulo tamb\u00e9m criticou o discurso do governo de divis\u00e3o da sociedade, que ganhou mais \u00eanfase no m\u00eas passado ap\u00f3s o Congresso derrubar o aumento do IOF, decis\u00e3o que acabou sendo levada ao Supremo Tribunal Federal (STF). Na \u00e9poca, aliados de Lula levantaram a bandeira de que haveria um conflito entre pobres e interesses dos mais ricos no pa\u00eds.<\/p>\n<p class=\"postParagraph_post-paragraph__juWZN\">Tarc\u00edsio citou ainda o que considera como solu\u00e7\u00f5es que deveriam ser adotadas para resolver a crise fiscal brasileira, como a reforma or\u00e7ament\u00e1ria \u2013 que ele considera haver \u201crigidez\u201d \u2013, a desvincula\u00e7\u00e3o de receitas, reforma de benef\u00edcios tribut\u00e1rios e baixa qualidade dos gastos do governo. Ele considera que o governo \u201cinventa despesas\u201d e \u201cjoga dinheiro fora\u201d.<\/p>\n<div class=\"postViewMore_post-view-more-container___5wai\" data-mrf-recirculation=\"Post - Veja tamb\u00e9m\">\n<p class=\"gp-styles-module-size-small-afeYRa gp-styles-module-font-family2-afeYRa gp-styles-module-color-secondary-afeYRa gp-styles-module-weight-bold-afeYRa\">VEJA TAMB\u00c9M:<\/p>\n<ul class=\"postViewMore_post-view-more-list__CU_CE\">\n<li class=\"postViewMore_post-view-more-item__2MzRb\">\n<div class=\"postViewMore_post-view-more-image__5gUSe\"><picture class=\"imageDefault_image-container__XGd8_\"><img loading=\"lazy\" decoding=\"async\" class=\"imageDefault_image-item__lU2Dk\" src=\"https:\/\/media.gazetadopovo.com.br\/2025\/09\/08144220\/gleisi-hoffmann-com-hugo-motta-foto-marcelo-camargo-agencia-brasil-380x214.jpg.webp\" alt=\"Gleisi e Motta\" width=\"72\" height=\"72\"\/><\/picture><\/div>\n<p>Motta diz que votar\u00e1 isen\u00e7\u00e3o do IR at\u00e9 R$ 5 mil e Gleisi afirma ter aval de \u201ctodos\u201d \u00e0 proposta<\/li>\n<li class=\"postViewMore_post-view-more-item__2MzRb\">\n<div class=\"postViewMore_post-view-more-image__5gUSe\"><picture class=\"imageDefault_image-container__XGd8_\"><img loading=\"lazy\" decoding=\"async\" class=\"imageDefault_image-item__lU2Dk\" src=\"https:\/\/media.gazetadopovo.com.br\/2025\/09\/10123828\/Tarcisio-Alexandre-de-Moraes-Agencia-Brasil-380x214.jpg.webp\" alt=\"Tarc\u00edsio de Freitas est\u00e1 entre os governadores que defendem a anistia.\" width=\"72\" height=\"72\"\/><\/picture><\/div>\n<p>Anistia e 7 de Setembro reposicionam governadores na corrida presidencial de 2026<\/li>\n<\/ul>\n<\/div>\n<\/div>\n<p><br \/>\n<br \/>Fonte: <a href=\"https:\/\/www.gazetadopovo.com.br\/republica\/alianca-centrao-tarcisio-ameaca-agenda-lula\/\">Revista Oeste<\/a><\/p>\n","protected":false},"excerpt":{"rendered":"<p>A debandada de partidos do Centr\u00e3o da base governista e a entrada do governador de S\u00e3o Paulo, Tarc\u00edsio de Freitas (Republicanos), nas articula\u00e7\u00f5es para vota\u00e7\u00e3o da anistia acenderam um novo alerta em l\u00edderes do governo do presidente Luiz In\u00e1cio Lula da Silva (PT). O temor dentro do Pal\u00e1cio do Planalto \u00e9 de que o movimento [&hellip;]<\/p>\n","protected":false},"author":5,"featured_media":43496,"comment_status":"open","ping_status":"open","sticky":false,"template":"","format":"standard","meta":{"_seopress_robots_primary_cat":"","_seopress_titles_title":"","_seopress_titles_desc":"","_seopress_robots_index":"","footnotes":""},"categories":[1],"tags":[],"class_list":["post-43495","post","type-post","status-publish","format-standard","has-post-thumbnail","hentry","category-ultimas-noticias"],"_links":{"self":[{"href":"https:\/\/mussicom.com\/noticias\/wp-json\/wp\/v2\/posts\/43495","targetHints":{"allow":["GET"]}}],"collection":[{"href":"https:\/\/mussicom.com\/noticias\/wp-json\/wp\/v2\/posts"}],"about":[{"href":"https:\/\/mussicom.com\/noticias\/wp-json\/wp\/v2\/types\/post"}],"author":[{"embeddable":true,"href":"https:\/\/mussicom.com\/noticias\/wp-json\/wp\/v2\/users\/5"}],"replies":[{"embeddable":true,"href":"https:\/\/mussicom.com\/noticias\/wp-json\/wp\/v2\/comments?post=43495"}],"version-history":[{"count":0,"href":"https:\/\/mussicom.com\/noticias\/wp-json\/wp\/v2\/posts\/43495\/revisions"}],"wp:featuredmedia":[{"embeddable":true,"href":"https:\/\/mussicom.com\/noticias\/wp-json\/wp\/v2\/media\/43496"}],"wp:attachment":[{"href":"https:\/\/mussicom.com\/noticias\/wp-json\/wp\/v2\/media?parent=43495"}],"wp:term":[{"taxonomy":"category","embeddable":true,"href":"https:\/\/mussicom.com\/noticias\/wp-json\/wp\/v2\/categories?post=43495"},{"taxonomy":"post_tag","embeddable":true,"href":"https:\/\/mussicom.com\/noticias\/wp-json\/wp\/v2\/tags?post=43495"}],"curies":[{"name":"wp","href":"https:\/\/api.w.org\/{rel}","templated":true}]}}