{"id":43315,"date":"2025-09-12T00:33:17","date_gmt":"2025-09-12T03:33:17","guid":{"rendered":"https:\/\/mussicom.com\/deputada-chama-condenacao-de-bolsonaro-de-dia-sombrio\/"},"modified":"2025-09-12T00:33:17","modified_gmt":"2025-09-12T03:33:17","slug":"deputada-chama-condenacao-de-bolsonaro-de-dia-sombrio","status":"publish","type":"post","link":"https:\/\/mussicom.com\/noticias\/deputada-chama-condenacao-de-bolsonaro-de-dia-sombrio\/","title":{"rendered":"deputada chama condena\u00e7\u00e3o de Bolsonaro de &#8220;dia sombrio&#8221;"},"content":{"rendered":"<p> <br \/>\n<\/p>\n<div>\n<p class=\"postParagraph_post-paragraph__juWZN\">A deputada republicana Mar\u00eda Elvira Salazar, da Fl\u00f3rida, classificou como um \u201cdia sombrio e vergonhoso para a democracia do Brasil\u201d a decis\u00e3o da Primeira Turma do Supremo Tribunal Federal (STF), que nesta quinta-feira (11) condenou o ex-presidente Jair Bolsonaro (PL) a 27 anos e 3 meses de pris\u00e3o, al\u00e9m do pagamento de multa, por suposta tentativa de golpe de Estado.<\/p>\n<p class=\"postParagraph_post-paragraph__juWZN\">Em mensagem publicada nas redes sociais, Salazar classificou a condena\u00e7\u00e3o como fraudulenta e disse que a decis\u00e3o do STF \u201cn\u00e3o \u00e9 justi\u00e7a, \u00e9 vingan\u00e7a pol\u00edtica\u201d.<\/p>\n<p class=\"postParagraph_post-paragraph__juWZN\">\u201cUm julgamento encenado para intimidar, punir e apagar a voz do povo\u201d, disse a parlamentar americana.<\/p>\n<p class=\"postParagraph_post-paragraph__juWZN\">Salazar comparou a decis\u00e3o a pr\u00e1ticas autorit\u00e1rias e acusou os ministros do STF de agirem de forma semelhante a ditadores.<\/p>\n<p class=\"postParagraph_post-paragraph__juWZN\">\u201cA democracia morre quando ju\u00edzes agem como ditadores. O povo do Brasil merece tribunais justos, elei\u00e7\u00f5es livres e l\u00edderes escolhidos nas urnas, n\u00e3o condenados em julgamentos de bastidores. O mundo est\u00e1 observando. Devemos estar ao lado da democracia do Brasil e contra esse vergonhoso abuso de poder\u201d, escreveu.<\/p>\n<div class=\"postImage_post-content-image__2CJdu\"><picture class=\"imageDefault_image-container__XGd8_\"><source type=\"image\/webp\" srcset=\"https:\/\/media.gazetadopovo.com.br\/2025\/09\/11202555\/image-22-574x372.png.webp 574w, https:\/\/media.gazetadopovo.com.br\/2025\/09\/11202555\/image-22-540x355.png.webp 540w, https:\/\/media.gazetadopovo.com.br\/2025\/09\/11202555\/image-22-380x214.png.webp 380w, https:\/\/media.gazetadopovo.com.br\/2025\/09\/11202555\/image-22-372x372.png.webp 372w, https:\/\/media.gazetadopovo.com.br\/2025\/09\/11202555\/image-22-214x214.png.webp 214w, https:\/\/media.gazetadopovo.com.br\/2025\/09\/11202555\/image-22.png.webp 574w\" sizes=\"(max-width: 767px) 328px, 638px\"\/><source type=\"image\/jpeg\" srcset=\"https:\/\/media.gazetadopovo.com.br\/2025\/09\/11202555\/image-22-574x372.png.webp 574w, https:\/\/media.gazetadopovo.com.br\/2025\/09\/11202555\/image-22-540x355.png.webp 540w, https:\/\/media.gazetadopovo.com.br\/2025\/09\/11202555\/image-22-380x214.png.webp 380w, https:\/\/media.gazetadopovo.com.br\/2025\/09\/11202555\/image-22-372x372.png.webp 372w, https:\/\/media.gazetadopovo.com.br\/2025\/09\/11202555\/image-22-214x214.png.webp 214w, https:\/\/media.gazetadopovo.com.br\/2025\/09\/11202555\/image-22.png.webp 574w\" sizes=\"(max-width: 767px) 328px, 638px\"\/><\/picture><\/div>\n<p class=\"postParagraph_post-paragraph__juWZN\">Al\u00e9m de Bolsonaro, o STF tamb\u00e9m condenou outros sete r\u00e9us apontados como parte do \u201cn\u00facleo 1\u201d no processo que investiga a suposta tentativa de golpe ap\u00f3s as elei\u00e7\u00f5es de 2022. Segundo a decis\u00e3o, todos foram considerados culpados por maioria.<\/p>\n<\/div>\n<p><br \/>\n<br \/>Fonte: <a href=\"https:\/\/www.gazetadopovo.com.br\/mundo\/dia-sombrio-e-vergonhoso-para-a-democracia-do-brasil-diz-deputada-dos-eua-apos-condenacao-de-bolsonaro\/\">Revista Oeste<\/a><\/p>\n","protected":false},"excerpt":{"rendered":"<p>A deputada republicana Mar\u00eda Elvira Salazar, da Fl\u00f3rida, classificou como um \u201cdia sombrio e vergonhoso para a democracia do Brasil\u201d a decis\u00e3o da Primeira Turma do Supremo Tribunal Federal (STF), que nesta quinta-feira (11) condenou o ex-presidente Jair Bolsonaro (PL) a 27 anos e 3 meses de pris\u00e3o, al\u00e9m do pagamento de multa, por suposta [&hellip;]<\/p>\n","protected":false},"author":5,"featured_media":30681,"comment_status":"open","ping_status":"open","sticky":false,"template":"","format":"standard","meta":{"_seopress_robots_primary_cat":"","_seopress_titles_title":"","_seopress_titles_desc":"","_seopress_robots_index":"","footnotes":""},"categories":[48],"tags":[],"class_list":["post-43315","post","type-post","status-publish","format-standard","has-post-thumbnail","hentry","category-internacional"],"_links":{"self":[{"href":"https:\/\/mussicom.com\/noticias\/wp-json\/wp\/v2\/posts\/43315","targetHints":{"allow":["GET"]}}],"collection":[{"href":"https:\/\/mussicom.com\/noticias\/wp-json\/wp\/v2\/posts"}],"about":[{"href":"https:\/\/mussicom.com\/noticias\/wp-json\/wp\/v2\/types\/post"}],"author":[{"embeddable":true,"href":"https:\/\/mussicom.com\/noticias\/wp-json\/wp\/v2\/users\/5"}],"replies":[{"embeddable":true,"href":"https:\/\/mussicom.com\/noticias\/wp-json\/wp\/v2\/comments?post=43315"}],"version-history":[{"count":0,"href":"https:\/\/mussicom.com\/noticias\/wp-json\/wp\/v2\/posts\/43315\/revisions"}],"wp:featuredmedia":[{"embeddable":true,"href":"https:\/\/mussicom.com\/noticias\/wp-json\/wp\/v2\/media\/30681"}],"wp:attachment":[{"href":"https:\/\/mussicom.com\/noticias\/wp-json\/wp\/v2\/media?parent=43315"}],"wp:term":[{"taxonomy":"category","embeddable":true,"href":"https:\/\/mussicom.com\/noticias\/wp-json\/wp\/v2\/categories?post=43315"},{"taxonomy":"post_tag","embeddable":true,"href":"https:\/\/mussicom.com\/noticias\/wp-json\/wp\/v2\/tags?post=43315"}],"curies":[{"name":"wp","href":"https:\/\/api.w.org\/{rel}","templated":true}]}}