{"id":43314,"date":"2025-09-12T00:25:26","date_gmt":"2025-09-12T03:25:26","guid":{"rendered":"https:\/\/mussicom.com\/rs-condicoes-climaticas-favorecem-pessego\/"},"modified":"2025-09-12T00:25:26","modified_gmt":"2025-09-12T03:25:26","slug":"rs-condicoes-climaticas-favorecem-pessego","status":"publish","type":"post","link":"https:\/\/mussicom.com\/noticias\/rs-condicoes-climaticas-favorecem-pessego\/","title":{"rendered":"RS: condi\u00e7\u00f5es clim\u00e1ticas favorecem p\u00eassego"},"content":{"rendered":"<p> <br \/>\n<\/p>\n<div>\n<div class=\"row\">\n<div class=\"col-lg col-infos mt-0 mt-lg-0\">\n<div class=\"section-sub-title\">\n<p itemprop=\"description\">&#13;<br \/>\n                                Sistema de Alerta do P\u00eassego aponta aus\u00eancia de pragas&#13;\n                            <\/p>\n<\/p><\/div>\n<div class=\"container\">\n<div class=\"row\">\n<div class=\"col-lg p-0\">\n<div>\n<div class=\"block-news-main-infos mt-3 text-start\">\n<p>                                            <strong class=\"fn\" itemprop=\"author\" style=\"color: rgb(112, 112, 112); \">&#13;<br \/>\n                                                Agrolink&#13;<br \/>\n&#13;<br \/>\n                                                    &#8211; Seane Lennon&#13;<br \/>\n&#13;<br \/>\n                                            <\/strong><br \/>\n                                        <\/p>\n<p>                                            <abbr><time datetime=\"2025 - 09 - 11T17:13\" itemprop=\"datePublished dateModified\"> Publicado em 11\/09\/2025 \u00e0s 17:13h.<\/time><\/abbr>\n                                    <\/div>\n<\/p><\/div>\n<\/p><\/div>\n<div class=\"col-lg p-0 text-lg-end\">\n<div>\n<div id=\"mdEnviarPagina\" class=\"modal fade\" role=\"dialog\">\n<div class=\"modal-dialog\">\n<div class=\"modal-content\">\n<div class=\"modal-body\">\n<p><strong>Estimado usu\u00e1rio.<\/strong><br \/>Preencha o formul\u00e1rio abaixo para remeter a p\u00e1gina.<\/p>\n<\/p><\/div>\n<\/p><\/div>\n<\/p><\/div>\n<\/div><\/div>\n<\/p><\/div>\n<\/p><\/div>\n<\/p><\/div>\n<\/p><\/div>\n<\/p><\/div>\n<div class=\"row justify-content-md-center mt-3\">\n<div class=\"col-lg-auto col-image block-news-main-image\">\n<p>                                <br \/>\n                                                <span class=\"publicity-photo d-block mt-1\">Foto: Pixabay<\/span><\/p><\/div>\n<\/p><\/div>\n<div class=\"section-description section-description-noticias mt-3\">\n<p style=\"text-align:justify\"><span><span>De acordo com o Informativo Conjuntural divulgado nesta quinta-feira (11) pela Emater\/RS-Ascar, \u201cna regi\u00e3o administrativa da Emater\/RS-Ascar de Pelotas, os pomares apresentam excelente desenvolvimento e condi\u00e7\u00e3o sanit\u00e1ria, e \u00e9 fase de queda das s\u00e9palas e s\u00e9palas, iniciando o desenvolvimento dos frutos\u201d. <\/span><\/span>&#13;\n<\/p>\n<p style=\"text-align:justify\">A entidade informou que \u201ca perspectiva de produ\u00e7\u00e3o \u00e9 muito boa, pois as condi\u00e7\u00f5es clim\u00e1ticas favoreceram a cultura: no outono, as plantas n\u00e3o sofreram com estiagem e seguraram as folhas at\u00e9 o in\u00edcio de junho; no inverno, os primeiros frios mais intensos e as temperaturas baixas beneficiaram a fase de dorm\u00eancia das plantas\u201d. Em 03\/09, ocorreu \u201ca primeira reuni\u00e3o do grupo do Sistema de Alerta do p\u00eassego, que \u00e9 formado por extensionistas da Emater\/RS-Ascar, pesquisadores da Embrapa, representantes das ind\u00fastrias de conservas, associa\u00e7\u00e3o de produtores de pessegueiro e sindicato de trabalhadores rurais, al\u00e9m de t\u00e9cnicos das prefeituras da regi\u00e3o produtora\u201d.<\/p>\n<p style=\"text-align:justify\"><span><span>No encontro, \u201cforam apresentados os primeiros levantamentos de monitoramento das armadilhas para detec\u00e7\u00e3o e captura de mosca-das-frutas, que indicaram inexist\u00eancia da praga na regi\u00e3o e a n\u00e3o necessidade de medidas de controle\u201d. No per\u00edodo, \u201cfoi realizada a aduba\u00e7\u00e3o de in\u00edcio de brota\u00e7\u00e3o, e refor\u00e7o dos tratamentos fitossanit\u00e1rios preventivos contra as doen\u00e7as f\u00fangicas\u201d. A Emater\/RS-Ascar informou ainda que \u201cainda n\u00e3o houve negocia\u00e7\u00f5es entre produtores e ind\u00fastrias para tratar dos pre\u00e7os do produto para a safra\u201d.<\/span><\/span>&#13;\n<\/p>\n<p style=\"text-align:justify\"><span><span>Na regi\u00e3o de Caxias do Sul, \u201cos pomares de esp\u00e9cies j\u00e1 determinaram a concentra\u00e7\u00e3o das variedades de ciclo tardio\u201d. Para as variedades de ciclo precoce, \u201ciniciou o raleio de frutos\u201d e \u201cconstata-se elevada frutifica\u00e7\u00e3o nos pessegueiros de ciclo precoce e m\u00e9dio\u201d. Segundo o informativo, \u201cforam altera\u00e7\u00f5es tratamentos fitossanit\u00e1rios para a preven\u00e7\u00e3o de podrid\u00e3o-parda (principalmente na prote\u00e7\u00e3o) e de crespeira-verdadeira, sem relatos de ataques severos dessas doen\u00e7as f\u00fangicas\u201d.<\/span><\/span><\/p>\n<p style=\"text-align:justify\"><span><span>Na regi\u00e3o de Soledade, \u201ca cultura est\u00e1 em fase de pegamento e forma\u00e7\u00e3o inicial de frutos\u201d. A Emater\/RS-Ascar relatou que \u201cas brota\u00e7\u00f5es novas est\u00e3o sendo afetadas pela crespeira-verdadeira, causada pelo fungo Taphrina deformans, que se beneficia do clima frio e \u00famido\u201d. No per\u00edodo, \u201cfoi recomendado o manejo inicial para o podrid\u00e3o-parda\u201d.<\/span><\/span>&#13;\n<\/p>\n<\/p><\/div>\n<\/p><\/div>\n<p><script data-cfasync=\"false\">\n    !function (f, b, e, v, n, t, s) {\n        if (f.fbq) return; n = f.fbq = function () {\n            n.callMethod ?\n                n.callMethod.apply(n, arguments) : n.queue.push(arguments)\n        };\n        if (!f._fbq) f._fbq = n; n.push = n; n.loaded = !0; n.version = '2.0';\n        n.queue = []; t = b.createElement(e); t.async = !0;\n        t.src = v; s = b.getElementsByTagName(e)[0];\n        s.parentNode.insertBefore(t, s)\n    }(window, document, 'script',\n        'https:\/\/connect.facebook.net\/en_US\/fbevents.js');\n    fbq('init', '522546078623747');\n    fbq('track', 'PageView');\n<\/script><br \/>\n<br \/><br \/>\n<br \/>Fonte: <a href=\"https:\/\/www.agrolink.com.br\/noticias\/rs--condicoes-climaticas-favorecem-pessego_505896.html\">AGROLINK<\/a><\/p>\n","protected":false},"excerpt":{"rendered":"<p>&#13; Sistema de Alerta do P\u00eassego aponta aus\u00eancia de pragas&#13; &#13; Agrolink&#13; &#13; &#8211; Seane Lennon&#13; &#13; Publicado em 11\/09\/2025 \u00e0s 17:13h. Estimado usu\u00e1rio.Preencha o formul\u00e1rio abaixo para remeter a p\u00e1gina. Foto: Pixabay De acordo com o Informativo Conjuntural divulgado nesta quinta-feira (11) pela Emater\/RS-Ascar, \u201cna regi\u00e3o administrativa da Emater\/RS-Ascar de Pelotas, os pomares apresentam [&hellip;]<\/p>\n","protected":false},"author":5,"featured_media":35484,"comment_status":"open","ping_status":"open","sticky":false,"template":"","format":"standard","meta":{"_seopress_robots_primary_cat":"","_seopress_titles_title":"","_seopress_titles_desc":"","_seopress_robots_index":"","footnotes":""},"categories":[53],"tags":[],"class_list":["post-43314","post","type-post","status-publish","format-standard","has-post-thumbnail","hentry","category-agronegocio"],"_links":{"self":[{"href":"https:\/\/mussicom.com\/noticias\/wp-json\/wp\/v2\/posts\/43314","targetHints":{"allow":["GET"]}}],"collection":[{"href":"https:\/\/mussicom.com\/noticias\/wp-json\/wp\/v2\/posts"}],"about":[{"href":"https:\/\/mussicom.com\/noticias\/wp-json\/wp\/v2\/types\/post"}],"author":[{"embeddable":true,"href":"https:\/\/mussicom.com\/noticias\/wp-json\/wp\/v2\/users\/5"}],"replies":[{"embeddable":true,"href":"https:\/\/mussicom.com\/noticias\/wp-json\/wp\/v2\/comments?post=43314"}],"version-history":[{"count":0,"href":"https:\/\/mussicom.com\/noticias\/wp-json\/wp\/v2\/posts\/43314\/revisions"}],"wp:featuredmedia":[{"embeddable":true,"href":"https:\/\/mussicom.com\/noticias\/wp-json\/wp\/v2\/media\/35484"}],"wp:attachment":[{"href":"https:\/\/mussicom.com\/noticias\/wp-json\/wp\/v2\/media?parent=43314"}],"wp:term":[{"taxonomy":"category","embeddable":true,"href":"https:\/\/mussicom.com\/noticias\/wp-json\/wp\/v2\/categories?post=43314"},{"taxonomy":"post_tag","embeddable":true,"href":"https:\/\/mussicom.com\/noticias\/wp-json\/wp\/v2\/tags?post=43314"}],"curies":[{"name":"wp","href":"https:\/\/api.w.org\/{rel}","templated":true}]}}