{"id":43225,"date":"2025-09-11T15:24:18","date_gmt":"2025-09-11T18:24:18","guid":{"rendered":"https:\/\/mussicom.com\/embaixador-britanico-nos-eua-e-demitido-por-vinculos-com-epstein\/"},"modified":"2025-09-11T15:24:18","modified_gmt":"2025-09-11T18:24:18","slug":"embaixador-britanico-nos-eua-e-demitido-por-vinculos-com-epstein","status":"publish","type":"post","link":"https:\/\/mussicom.com\/noticias\/embaixador-britanico-nos-eua-e-demitido-por-vinculos-com-epstein\/","title":{"rendered":"Embaixador brit\u00e2nico nos EUA \u00e9 demitido por v\u00ednculos com Epstein"},"content":{"rendered":"<p> <br \/>\n<\/p>\n<div>\n<p class=\"postParagraph_post-paragraph__juWZN\">O primeiro-ministro do Reino Unido, Keir Starmer, demitiu Peter Mandelson como embaixador nos Estados Unidos com efeito imediato, ap\u00f3s vir \u00e0 tona o passado do diplomata com o financista americano Jeffrey Epstein, segundo informou nesta quinta-feira (11) o governo brit\u00e2nico.<\/p>\n<p class=\"postParagraph_post-paragraph__juWZN\">O secret\u00e1rio de Estado de Rela\u00e7\u00f5es Exteriores, Stephen Doughty, comunicou hoje aos deputados na C\u00e2mara dos Comuns a decis\u00e3o tomada por Starmer, uma semana antes de o presidente dos EUA, Donald Trump, iniciar uma visita de Estado de dois dias ao Reino Unido.<\/p>\n<p class=\"postParagraph_post-paragraph__juWZN\">O l\u00edder trabalhista enfrentava fortes press\u00f5es dos partidos da oposi\u00e7\u00e3o para que destitu\u00edsse Mandelson pelas revela\u00e7\u00f5es sobre seu v\u00ednculo com Epstein, falecido em 2019 na pris\u00e3o ap\u00f3s ser acusado de tr\u00e1fico e abuso sexual de menores.<\/p>\n<p class=\"postParagraph_post-paragraph__juWZN\">Nos \u00faltimos dias, legisladores americanos divulgaram v\u00e1rios documentos, entre eles uma carta na qual Mandelson, que foi ministro para a Irlanda do Norte no governo de Tony Blair, se referia a Epstein como seu \u201cmelhor amigo\u201d, enquanto a imprensa mostrou fotografias do embaixador com o magnata financeiro.<\/p>\n<p class=\"postParagraph_post-paragraph__juWZN\">\u201c\u00c0 luz das informa\u00e7\u00f5es adicionais contidas nos e-mails escritos por Peter Mandelson, o primeiro-ministro solicitou \u00e0 ministra das Rela\u00e7\u00f5es Exteriores [Yvette Cooper] que o demitisse como embaixador\u201d, diz um comunicado enviado \u00e0 Ag\u00eancia EFE pelo Foreign Office enquanto Doughty falava no Parlamento.<\/p>\n<p class=\"postParagraph_post-paragraph__juWZN\">\u201cOs e-mails mostram que a profundidade e o alcance da rela\u00e7\u00e3o de Peter Mandelson com Jeffrey Epstein diferem substancialmente do que se conhecia no momento de sua nomea\u00e7\u00e3o. Em particular, a sugest\u00e3o de Peter Mandelson de que a primeira condena\u00e7\u00e3o de Jeffrey Epstein foi injusta e deveria ser contestada constitui nova informa\u00e7\u00e3o. Por isso, e em considera\u00e7\u00e3o \u00e0s v\u00edtimas dos crimes de Epstein, ele foi destitu\u00eddo como embaixador com efeito imediato\u201d, acrescenta a nota.<\/p>\n<p class=\"postParagraph_post-paragraph__juWZN\">Segundo o tabloide brit\u00e2nico The Sun, Mandelson enviou mensagens de apoio a Epstein enquanto enfrentava acusa\u00e7\u00f5es nos EUA, onde morreu na pris\u00e3o \u00e0 espera do in\u00edcio do julgamento.<\/p>\n<p class=\"postParagraph_post-paragraph-innerHtml__Q5vwc\">Em recentes declara\u00e7\u00f5es \u00e0 imprensa brit\u00e2nica, o agora ex-embaixador disse que confiou na inoc\u00eancia do magnata, o que \u201cse provou ser terrivelmente falso\u201d.\u00a0<\/p>\n<p class=\"postParagraph_post-paragraph__juWZN\">\u201cSeus advogados afirmaram que se tratava de uma extors\u00e3o, uma conspira\u00e7\u00e3o criminosa. Confiei muito em sua palavra, algo que lamento at\u00e9 hoje\u201d, declarou.<\/p>\n<p class=\"postParagraph_post-paragraph__juWZN\">V\u00e1rios deputados conservadores e trabalhistas haviam pedido a destitui\u00e7\u00e3o de Mandelson, mas Starmer mantinha seu respaldo.<\/p>\n<p class=\"postParagraph_post-paragraph__juWZN\">O premi\u00ea chegou a dizer ontem no Parlamento que Mandelson havia \u201cexpressado repetidamente seu profundo arrependimento\u201d por sua rela\u00e7\u00e3o com Epstein, mas a l\u00edder do Partido Conservador, Kemi Badenoch, considerava que a posi\u00e7\u00e3o do embaixador era insustent\u00e1vel.<\/p>\n<p class=\"postParagraph_post-paragraph__juWZN\">\u201cMandelson pode ter sa\u00eddo, mas, assim como com Angela Rayner [ex-n\u00famero 2 do governo], Starmer hesitou quando precisou ser decisivo. Repetidamente ele prioriza o partido em vez do pa\u00eds. Faltam-lhe coragem e convic\u00e7\u00e3o. Agora existem s\u00e9rias d\u00favidas sobre o que Starmer sabia e quando. Merecemos saber\u201d, escreveu hoje Badenoch em sua conta no X ap\u00f3s a demiss\u00e3o do embaixador ser divulgada.<\/p>\n<p class=\"postParagraph_post-paragraph__juWZN\">Mandelson foi uma figura-chave dentro do Partido Trabalhista, uma vez que ajudou Blair a vencer as elei\u00e7\u00f5es gerais de 1997 e depois foi ministro no seu governo.<\/p>\n<p class=\"postParagraph_post-paragraph__juWZN\">A sa\u00edda de Mandelson representa outro rev\u00e9s para o atual primeiro-ministro, depois que na semana passada Angela Rayner apresentou sua ren\u00fancia como vice-primeira-ministra e respons\u00e1vel por Habita\u00e7\u00e3o por conta de um esc\u00e2ndalo por arranjos fiscais na compra de um apartamento.<\/p>\n<\/div>\n<p><br \/>\n<br \/>Fonte: <a href=\"https:\/\/www.gazetadopovo.com.br\/mundo\/premie-britanico-demite-embaixador-eua-vinculos-jeffrey-epstein\/\">Revista Oeste<\/a><\/p>\n","protected":false},"excerpt":{"rendered":"<p>O primeiro-ministro do Reino Unido, Keir Starmer, demitiu Peter Mandelson como embaixador nos Estados Unidos com efeito imediato, ap\u00f3s vir \u00e0 tona o passado do diplomata com o financista americano Jeffrey Epstein, segundo informou nesta quinta-feira (11) o governo brit\u00e2nico. O secret\u00e1rio de Estado de Rela\u00e7\u00f5es Exteriores, Stephen Doughty, comunicou hoje aos deputados na C\u00e2mara [&hellip;]<\/p>\n","protected":false},"author":5,"featured_media":43226,"comment_status":"open","ping_status":"open","sticky":false,"template":"","format":"standard","meta":{"_seopress_robots_primary_cat":"","_seopress_titles_title":"","_seopress_titles_desc":"","_seopress_robots_index":"","footnotes":""},"categories":[48],"tags":[],"class_list":["post-43225","post","type-post","status-publish","format-standard","has-post-thumbnail","hentry","category-internacional"],"_links":{"self":[{"href":"https:\/\/mussicom.com\/noticias\/wp-json\/wp\/v2\/posts\/43225","targetHints":{"allow":["GET"]}}],"collection":[{"href":"https:\/\/mussicom.com\/noticias\/wp-json\/wp\/v2\/posts"}],"about":[{"href":"https:\/\/mussicom.com\/noticias\/wp-json\/wp\/v2\/types\/post"}],"author":[{"embeddable":true,"href":"https:\/\/mussicom.com\/noticias\/wp-json\/wp\/v2\/users\/5"}],"replies":[{"embeddable":true,"href":"https:\/\/mussicom.com\/noticias\/wp-json\/wp\/v2\/comments?post=43225"}],"version-history":[{"count":0,"href":"https:\/\/mussicom.com\/noticias\/wp-json\/wp\/v2\/posts\/43225\/revisions"}],"wp:featuredmedia":[{"embeddable":true,"href":"https:\/\/mussicom.com\/noticias\/wp-json\/wp\/v2\/media\/43226"}],"wp:attachment":[{"href":"https:\/\/mussicom.com\/noticias\/wp-json\/wp\/v2\/media?parent=43225"}],"wp:term":[{"taxonomy":"category","embeddable":true,"href":"https:\/\/mussicom.com\/noticias\/wp-json\/wp\/v2\/categories?post=43225"},{"taxonomy":"post_tag","embeddable":true,"href":"https:\/\/mussicom.com\/noticias\/wp-json\/wp\/v2\/tags?post=43225"}],"curies":[{"name":"wp","href":"https:\/\/api.w.org\/{rel}","templated":true}]}}