{"id":43166,"date":"2025-09-11T10:23:18","date_gmt":"2025-09-11T13:23:18","guid":{"rendered":"https:\/\/mussicom.com\/sucuarana-longa-premiado-no-festival-de-brasilia-estreia-nos-cinemas\/"},"modified":"2025-09-11T10:23:18","modified_gmt":"2025-09-11T13:23:18","slug":"sucuarana-longa-premiado-no-festival-de-brasilia-estreia-nos-cinemas","status":"publish","type":"post","link":"https:\/\/mussicom.com\/noticias\/sucuarana-longa-premiado-no-festival-de-brasilia-estreia-nos-cinemas\/","title":{"rendered":"&#8216;Su\u00e7uarana&#8217;, longa premiado no Festival de Bras\u00edlia, estreia nos cinemas"},"content":{"rendered":"<p> <br \/>\n<\/p>\n<div>\n<p><em><strong>Su\u00e7uarana<\/strong><\/em>, road movie dos diretores <strong>Clarissa Campolina<\/strong> e <strong>S\u00e9rgio Borges<\/strong> que foi destaque na \u00faltima edi\u00e7\u00e3o do Festival de Bras\u00edlia, levando cinco candangos, chega aos cinemas brasileiros nesta quinta-feira, 11 de setembro. O filme entra em cartaz nas salas de cinema das seguintes cidades brasileiras: Belo Horizonte, Fortaleza, Jo\u00e3o Pessoa, Porto Alegre, Recife, Rio de Janeiro, Salvador, S\u00e3o Paulo e Vit\u00f3ria.<\/p>\n<h2><strong>Do que se trata?<\/strong><\/h2>\n<p>Mesclando realismo social e fant\u00e1stico, o longa trata sobre pertencimento e preserva\u00e7\u00e3o ambiental conforme acompanha a jornada da solit\u00e1ria Dora (<strong>Sinara Teles<\/strong>) pelas paisagens devastadas do estado de Minas Gerais. Enquanto Dora busca insistentemente por um peda\u00e7o da sua hist\u00f3ria, o filme convida o espectador a refletir sobre a necessidade de encontrar novas formas de viver que considerem o coletivo.<\/p>\n<p>Na trama, Sinara Teles interpreta Dora, uma mulher que vive na estrada h\u00e1 anos, sem um pouso fixo. Pegando carona ou comprando passagens de \u00f4nibus at\u00e9 onde a linha permitir, a personagem entende que seu modo de estar no mundo \u00e9 o movimento. Seu \u00fanico apego parece ser uma foto de sua m\u00e3e num lugar id\u00edlico chamado \u201cVale do Su\u00e7uarana\u201d, motivo principal para continuar na estrada. Ao longo do caminho, Dora conhece outros personagens que tamb\u00e9m procuram uma maneira de sobreviver neste mundo devastado, entre os quais Ernesto (Carlos Francisco) e o ador\u00e1vel c\u00e3o Encrenca.<\/p>\n<p>Inspirado livremente na novela \u201cA Fera na Selva\u201d, de <strong>Henry James<\/strong>, <em><strong>Su\u00e7uarana<\/strong><\/em> \u00e9 um convite a repensar o presente, inclusive reconhecendo o fracasso de um modelo econ\u00f4mico predat\u00f3rio.<\/p>\n<h2><strong>Quem est\u00e1 no elenco?<\/strong><\/h2>\n<p>Al\u00e9m de <strong>Teles<\/strong> e <strong>Francisco<\/strong>, <em><strong>Su\u00e7uarana<\/strong><\/em> ainda conta com a Guarda de Mo\u00e7ambique Nossa Senhora do Ros\u00e1rio e Santa Efig\u00eania de Ouro Preto, <strong>H\u00e9lio Ricardo<\/strong>, <strong>Andr\u00e9ia Quaresma<\/strong>, <strong>Elba Rocha,<\/strong> <strong>Rafael Bottaro<\/strong>, <strong>Docy Moreira<\/strong>, <strong>Kelly Criffer<\/strong>, <strong>Amora Ferreira Giorni<\/strong>, <strong>Lenine Martins<\/strong> e <strong>Tony Stark<\/strong>, o c\u00e3ozinho que acompanha a protagonista em parte da sua jornada.<\/p>\n<p><iframe title=\"Su\u00e7uarana | trailer oficial | 11 de setembro nos cinemas\" width=\"800\" height=\"450\" src=\"https:\/\/www.youtube.com\/embed\/Efsh6ElwUCc?feature=oembed\" frameborder=\"0\" allow=\"accelerometer; autoplay; clipboard-write; encrypted-media; gyroscope; picture-in-picture; web-share\" referrerpolicy=\"strict-origin-when-cross-origin\" allowfullscreen><\/iframe><\/p>\n<p><strong>LEIA TAMB\u00c9M:<\/strong> \u2018Jeanne Dielman\u2019, considerado o melhor filme de todos os tempos, reestreia nos cinemas<\/p>\n<\/p><\/div>\n<p><br \/>\n<br \/>Fonte: <a href=\"https:\/\/rollingstone.com.br\/cinema\/sucuarana-longa-premiado-no-festival-de-brasilia-estreia-nos-cinemas\/\">rollingstone.com.br<\/a><\/p>\n","protected":false},"excerpt":{"rendered":"<p>Su\u00e7uarana, road movie dos diretores Clarissa Campolina e S\u00e9rgio Borges que foi destaque na \u00faltima edi\u00e7\u00e3o do Festival de Bras\u00edlia, levando cinco candangos, chega aos cinemas brasileiros nesta quinta-feira, 11 de setembro. O filme entra em cartaz nas salas de cinema das seguintes cidades brasileiras: Belo Horizonte, Fortaleza, Jo\u00e3o Pessoa, Porto Alegre, Recife, Rio de [&hellip;]<\/p>\n","protected":false},"author":5,"featured_media":43167,"comment_status":"open","ping_status":"open","sticky":false,"template":"","format":"standard","meta":{"_seopress_robots_primary_cat":"","_seopress_titles_title":"","_seopress_titles_desc":"","_seopress_robots_index":"","footnotes":""},"categories":[51],"tags":[],"class_list":["post-43166","post","type-post","status-publish","format-standard","has-post-thumbnail","hentry","category-musica"],"_links":{"self":[{"href":"https:\/\/mussicom.com\/noticias\/wp-json\/wp\/v2\/posts\/43166","targetHints":{"allow":["GET"]}}],"collection":[{"href":"https:\/\/mussicom.com\/noticias\/wp-json\/wp\/v2\/posts"}],"about":[{"href":"https:\/\/mussicom.com\/noticias\/wp-json\/wp\/v2\/types\/post"}],"author":[{"embeddable":true,"href":"https:\/\/mussicom.com\/noticias\/wp-json\/wp\/v2\/users\/5"}],"replies":[{"embeddable":true,"href":"https:\/\/mussicom.com\/noticias\/wp-json\/wp\/v2\/comments?post=43166"}],"version-history":[{"count":0,"href":"https:\/\/mussicom.com\/noticias\/wp-json\/wp\/v2\/posts\/43166\/revisions"}],"wp:featuredmedia":[{"embeddable":true,"href":"https:\/\/mussicom.com\/noticias\/wp-json\/wp\/v2\/media\/43167"}],"wp:attachment":[{"href":"https:\/\/mussicom.com\/noticias\/wp-json\/wp\/v2\/media?parent=43166"}],"wp:term":[{"taxonomy":"category","embeddable":true,"href":"https:\/\/mussicom.com\/noticias\/wp-json\/wp\/v2\/categories?post=43166"},{"taxonomy":"post_tag","embeddable":true,"href":"https:\/\/mussicom.com\/noticias\/wp-json\/wp\/v2\/tags?post=43166"}],"curies":[{"name":"wp","href":"https:\/\/api.w.org\/{rel}","templated":true}]}}