{"id":43151,"date":"2025-09-11T09:18:47","date_gmt":"2025-09-11T12:18:47","guid":{"rendered":"https:\/\/mussicom.com\/polonia-restringe-espaco-aereo-apos-incursao-de-drones-russos\/"},"modified":"2025-09-11T09:18:47","modified_gmt":"2025-09-11T12:18:47","slug":"polonia-restringe-espaco-aereo-apos-incursao-de-drones-russos","status":"publish","type":"post","link":"https:\/\/mussicom.com\/noticias\/polonia-restringe-espaco-aereo-apos-incursao-de-drones-russos\/","title":{"rendered":"Pol\u00f4nia restringe espa\u00e7o a\u00e9reo ap\u00f3s incurs\u00e3o de drones russos"},"content":{"rendered":"<p> <br \/>\n<\/p>\n<div>\n<p class=\"postParagraph_post-paragraph__juWZN\">A Pol\u00f4nia imp\u00f4s restri\u00e7\u00f5es de tr\u00e1fego a\u00e9reo em sua fronteira oriental com Belarus e a Ucr\u00e2nia at\u00e9 9 de dezembro, segundo informou nesta quinta-feira (11) a Ag\u00eancia Polonesa de Servi\u00e7os de Navega\u00e7\u00e3o A\u00e9rea (PANSA), uma medida em resposta \u00e0s 19 viola\u00e7\u00f5es do espa\u00e7o a\u00e9reo polon\u00eas por drones russos na quarta-feira.<\/p>\n<p class=\"postParagraph_post-paragraph__juWZN\">As autoridades polonesas proibiram os voos noturnos e a opera\u00e7\u00e3o de drones civis a qualquer hora do dia na \u00e1rea EP R129, que abrange a faixa oriental do pa\u00eds que faz fronteira com Belarus e Ucr\u00e2nia.<\/p>\n<p class=\"postParagraph_post-paragraph__juWZN\">Por sua vez, o Minist\u00e9rio do Interior da Pol\u00f4nia confirmou a descoberta dos destro\u00e7os de 16 drones, espalhados por cinco prov\u00edncias do leste e do centro do pa\u00eds.<\/p>\n<p class=\"postParagraph_post-paragraph__juWZN\">Pelo menos tr\u00eas drones que representavam uma amea\u00e7a direta foram derrubados por aeronaves polonesas e aliadas durante a onda de incurs\u00f5es noturnas que foi registrada na madrugada de ter\u00e7a para quarta-feira por drones russos.<\/p>\n<p class=\"postParagraph_post-paragraph__juWZN\">O presidente polon\u00eas, Karol Nawrocki, ap\u00f3s uma conversa telef\u00f4nica com seu hom\u00f3logo americano, Donald Trump, destacou na noite passada a &#8220;unidade aliada&#8221; diante dos recentes desafios \u00e0 seguran\u00e7a da Otan.<\/p>\n<p class=\"postParagraph_post-paragraph-innerHtml__Q5vwc\">O general Wies\u0142aw Kuku\u0142a, chefe do Estado-Maior do Ex\u00e9rcito polon\u00eas, revelou em uma entrevista transmitida na quarta-feira pela emissora polonesa <em>TVN24<\/em> que a Pol\u00f4nia recebeu advert\u00eancias de Belarus sobre drones em dire\u00e7\u00e3o ao territ\u00f3rio polon\u00eas.<\/p>\n<p class=\"postParagraph_post-paragraph__juWZN\">Kuku\u0142a qualificou a coopera\u00e7\u00e3o como surpreendente, mas \u00fatil, e a Pol\u00f4nia respondeu compartilhando informa\u00e7\u00f5es com Belarus.<\/p>\n<p class=\"postParagraph_post-paragraph__juWZN\">Em um gesto de apoio, a Rep\u00fablica Tcheca enviar\u00e1 tr\u00eas helic\u00f3pteros Mi-171Sz de opera\u00e7\u00f5es especiais \u00e0 Pol\u00f4nia.<\/p>\n<p class=\"postParagraph_post-paragraph__juWZN\">Estes helic\u00f3pteros ajudar\u00e3o o Ex\u00e9rcito polon\u00eas a detectar e, se necess\u00e1rio, interceptar drones a baixa altitude.<\/p>\n<p class=\"postParagraph_post-paragraph__juWZN\">A miss\u00e3o, combinada pelos ministros da Defesa de ambos os pa\u00edses, poderia durar at\u00e9 tr\u00eas meses, com um m\u00e1ximo de 150 soldados tchecos deslocados \u00e0 Pol\u00f4nia. A Pol\u00f4nia tamb\u00e9m implementar\u00e1 o fechamento completo do tr\u00e1fego fronteiri\u00e7o com Belarus a partir desta sexta-feira (12).<\/p>\n<p class=\"postParagraph_post-paragraph__juWZN\">Esta medida, que afeta o transporte rodovi\u00e1rio e ferrovi\u00e1rio, foi anunciada pelo primeiro-ministro polon\u00eas, Donald Tusk, devido aos &#8220;intensos exerc\u00edcios russo-bielorrussos Zapad-2025&#8221;, programados para serem realizados de 12 a 16 de setembro.<\/p>\n<p class=\"postParagraph_post-paragraph__juWZN\">O fechamento busca refor\u00e7ar a seguran\u00e7a e se manter\u00e1 at\u00e9 o fim das manobras militares.<\/p>\n<\/div>\n<p><br \/>\n<br \/>Fonte: <a href=\"https:\/\/www.gazetadopovo.com.br\/mundo\/polonia-restringe-espaco-aereo-apos-incursao-de-drones-russos\/\">Revista Oeste<\/a><\/p>\n","protected":false},"excerpt":{"rendered":"<p>A Pol\u00f4nia imp\u00f4s restri\u00e7\u00f5es de tr\u00e1fego a\u00e9reo em sua fronteira oriental com Belarus e a Ucr\u00e2nia at\u00e9 9 de dezembro, segundo informou nesta quinta-feira (11) a Ag\u00eancia Polonesa de Servi\u00e7os de Navega\u00e7\u00e3o A\u00e9rea (PANSA), uma medida em resposta \u00e0s 19 viola\u00e7\u00f5es do espa\u00e7o a\u00e9reo polon\u00eas por drones russos na quarta-feira. As autoridades polonesas proibiram os [&hellip;]<\/p>\n","protected":false},"author":5,"featured_media":43152,"comment_status":"open","ping_status":"open","sticky":false,"template":"","format":"standard","meta":{"_seopress_robots_primary_cat":"","_seopress_titles_title":"","_seopress_titles_desc":"","_seopress_robots_index":"","footnotes":""},"categories":[48],"tags":[],"class_list":["post-43151","post","type-post","status-publish","format-standard","has-post-thumbnail","hentry","category-internacional"],"_links":{"self":[{"href":"https:\/\/mussicom.com\/noticias\/wp-json\/wp\/v2\/posts\/43151","targetHints":{"allow":["GET"]}}],"collection":[{"href":"https:\/\/mussicom.com\/noticias\/wp-json\/wp\/v2\/posts"}],"about":[{"href":"https:\/\/mussicom.com\/noticias\/wp-json\/wp\/v2\/types\/post"}],"author":[{"embeddable":true,"href":"https:\/\/mussicom.com\/noticias\/wp-json\/wp\/v2\/users\/5"}],"replies":[{"embeddable":true,"href":"https:\/\/mussicom.com\/noticias\/wp-json\/wp\/v2\/comments?post=43151"}],"version-history":[{"count":0,"href":"https:\/\/mussicom.com\/noticias\/wp-json\/wp\/v2\/posts\/43151\/revisions"}],"wp:featuredmedia":[{"embeddable":true,"href":"https:\/\/mussicom.com\/noticias\/wp-json\/wp\/v2\/media\/43152"}],"wp:attachment":[{"href":"https:\/\/mussicom.com\/noticias\/wp-json\/wp\/v2\/media?parent=43151"}],"wp:term":[{"taxonomy":"category","embeddable":true,"href":"https:\/\/mussicom.com\/noticias\/wp-json\/wp\/v2\/categories?post=43151"},{"taxonomy":"post_tag","embeddable":true,"href":"https:\/\/mussicom.com\/noticias\/wp-json\/wp\/v2\/tags?post=43151"}],"curies":[{"name":"wp","href":"https:\/\/api.w.org\/{rel}","templated":true}]}}