{"id":43027,"date":"2025-09-10T17:49:45","date_gmt":"2025-09-10T20:49:45","guid":{"rendered":"https:\/\/mussicom.com\/fux-compara-black-blocs-e-8-de-janeiro-e-nega-pena-coletiva\/"},"modified":"2025-09-10T17:49:45","modified_gmt":"2025-09-10T20:49:45","slug":"fux-compara-black-blocs-e-8-de-janeiro-e-nega-pena-coletiva","status":"publish","type":"post","link":"https:\/\/mussicom.com\/noticias\/fux-compara-black-blocs-e-8-de-janeiro-e-nega-pena-coletiva\/","title":{"rendered":"Fux compara black blocs e 8 de janeiro e nega pena coletiva"},"content":{"rendered":"<p> <br \/>\n<\/p>\n<div>\n<p class=\"postParagraph_post-paragraph-innerHtml__Q5vwc\">O ministro Luiz Fux, do Supremo Tribunal Federal (STF), lembrou os atos do dia 8 de janeiro e os protestos realizados pelos chamados <em>black blocs<\/em> em 2013 e 2014, al\u00e9m de outras manifesta\u00e7\u00f5es pol\u00edticas violentas ocorridas no pa\u00eds nos \u00faltimos anos, durante a leitura de seu voto no julgamento dos acusados pela suposta tentativa de golpe de estado. Fux reiterou que, assim como os manifestantes considerados <em>black blocs<\/em>, tamb\u00e9m n\u00e3o caberia a responsabiliza\u00e7\u00e3o coletiva dos envolvidos pelos danos ao patrim\u00f4nio p\u00fablico em 8 de janeiro.<\/p>\n<p class=\"postParagraph_post-paragraph-innerHtml__Q5vwc\">Fux destacou que membros dos <em>black blocs<\/em>, julgados no Rio de Janeiro por forma\u00e7\u00e3o de quadrilha e corrup\u00e7\u00e3o de menores em 2013 e 2014, foram absolvidos por unanimidade. Segundo ele, esses fatos servem para questionar se seria cab\u00edvel aplicar crimes previstos na antiga Lei de Seguran\u00e7a Nacional a esses casos.<\/p>\n<p class=\"postParagraph_post-paragraph__juWZN\">&#8220;Agora vem a perplexidade, em nenhum desses casos, oriundo dessas manifesta\u00e7\u00f5es pol\u00edticas violentas se cogitou de imputar aos seus respons\u00e1veis os crimes previstos na ent\u00e3o vigente lei de Seguran\u00e7a Nacional&#8221;, afirmou.<\/p>\n<p class=\"postParagraph_post-paragraph__juWZN\">O ministro tamb\u00e9m ressaltou que, no caso do 8 de janeiro, n\u00e3o h\u00e1 provas de que o ex-presidente Jair Bolsonaro (PL) e outros sete acusados \u2014 Alexandre Ramagem (PL-RJ), Almir Garnier, Anderson Torres, Augusto Heleno, Mauro Cid, Paulo S\u00e9rgio Nogueira e Walter Braga Netto \u2014 tenham ordenado ou incentivado diretamente a depreda\u00e7\u00e3o dos pr\u00e9dios p\u00fablicos.<\/p>\n<p class=\"postParagraph_post-paragraph__juWZN\">Para Fux, cada r\u00e9u deve ser responsabilizado apenas pelos seus pr\u00f3prios atos, n\u00e3o sendo poss\u00edvel atribuir responsabilidade autom\u00e1tica ao coletivo sem individualiza\u00e7\u00e3o das condutas. &#8220;Mesmo havendo prova de lideran\u00e7a em atos de vandalismo como ele, n\u00e3o se presume a responsabilidade autom\u00e1tica do l\u00edder pelo crime de dano qualificado&#8221;, afirmou.<\/p>\n<p class=\"postParagraph_post-paragraph__juWZN\">A Procuradoria-Geral da Rep\u00fablica acusa o que chama de &#8220;n\u00facleo crucial&#8221; da suposta tentativa de golpe de incitar a popula\u00e7\u00e3o \u00e0 aboli\u00e7\u00e3o violenta do Estado democr\u00e1tico de Direito, al\u00e9m de dano qualificado e deteriora\u00e7\u00e3o de patrim\u00f4nio tombado. Fux, por\u00e9m, insistiu na necessidade de v\u00ednculo individualizado entre cada r\u00e9u e o suposto crime praticado.<\/p>\n<p class=\"postParagraph_post-paragraph-innerHtml__Q5vwc\">Fux concluiu que, mesmo em acontecimentos com grande n\u00famero de pessoas, o Minist\u00e9rio P\u00fablico deve comprovar o nexo entre cada acusado e o ato il\u00edcito. &#8220;Os <em>black blocs<\/em> invadiram o Rio e S\u00e3o Paulo, foram absolvidos.&#8221; Para ele, a aus\u00eancia de provas impede a condena\u00e7\u00e3o por responsabilidade solid\u00e1ria.<\/p>\n<\/div>\n<p><br \/>\n<br \/>Fonte: <a href=\"https:\/\/www.gazetadopovo.com.br\/republica\/fux-comparacao-black-blocs-8-de-janeiro\/\">Revista Oeste<\/a><\/p>\n","protected":false},"excerpt":{"rendered":"<p>O ministro Luiz Fux, do Supremo Tribunal Federal (STF), lembrou os atos do dia 8 de janeiro e os protestos realizados pelos chamados black blocs em 2013 e 2014, al\u00e9m de outras manifesta\u00e7\u00f5es pol\u00edticas violentas ocorridas no pa\u00eds nos \u00faltimos anos, durante a leitura de seu voto no julgamento dos acusados pela suposta tentativa de [&hellip;]<\/p>\n","protected":false},"author":5,"featured_media":43028,"comment_status":"open","ping_status":"open","sticky":false,"template":"","format":"standard","meta":{"_seopress_robots_primary_cat":"","_seopress_titles_title":"","_seopress_titles_desc":"","_seopress_robots_index":"","footnotes":""},"categories":[1],"tags":[],"class_list":["post-43027","post","type-post","status-publish","format-standard","has-post-thumbnail","hentry","category-ultimas-noticias"],"_links":{"self":[{"href":"https:\/\/mussicom.com\/noticias\/wp-json\/wp\/v2\/posts\/43027","targetHints":{"allow":["GET"]}}],"collection":[{"href":"https:\/\/mussicom.com\/noticias\/wp-json\/wp\/v2\/posts"}],"about":[{"href":"https:\/\/mussicom.com\/noticias\/wp-json\/wp\/v2\/types\/post"}],"author":[{"embeddable":true,"href":"https:\/\/mussicom.com\/noticias\/wp-json\/wp\/v2\/users\/5"}],"replies":[{"embeddable":true,"href":"https:\/\/mussicom.com\/noticias\/wp-json\/wp\/v2\/comments?post=43027"}],"version-history":[{"count":0,"href":"https:\/\/mussicom.com\/noticias\/wp-json\/wp\/v2\/posts\/43027\/revisions"}],"wp:featuredmedia":[{"embeddable":true,"href":"https:\/\/mussicom.com\/noticias\/wp-json\/wp\/v2\/media\/43028"}],"wp:attachment":[{"href":"https:\/\/mussicom.com\/noticias\/wp-json\/wp\/v2\/media?parent=43027"}],"wp:term":[{"taxonomy":"category","embeddable":true,"href":"https:\/\/mussicom.com\/noticias\/wp-json\/wp\/v2\/categories?post=43027"},{"taxonomy":"post_tag","embeddable":true,"href":"https:\/\/mussicom.com\/noticias\/wp-json\/wp\/v2\/tags?post=43027"}],"curies":[{"name":"wp","href":"https:\/\/api.w.org\/{rel}","templated":true}]}}