{"id":42869,"date":"2025-09-10T00:45:18","date_gmt":"2025-09-10T03:45:18","guid":{"rendered":"https:\/\/mussicom.com\/veja-imagens-surpreendentes-do-eclipse-lunar\/"},"modified":"2025-09-10T00:45:18","modified_gmt":"2025-09-10T03:45:18","slug":"veja-imagens-surpreendentes-do-eclipse-lunar","status":"publish","type":"post","link":"https:\/\/mussicom.com\/noticias\/veja-imagens-surpreendentes-do-eclipse-lunar\/","title":{"rendered":"veja imagens surpreendentes do eclipse lunar"},"content":{"rendered":"<p> <br \/>\n<\/p>\n<div>\n<p class=\"postParagraph_post-paragraph-innerHtml__Q5vwc\">No \u00faltimo domingo (7), o c\u00e9u foi palco de um espet\u00e1culo astron\u00f4mico: a Lua de Sangue. O fen\u00f4meno,<strong> resultado de um eclipse lunar total, deixou o sat\u00e9lite com um tom avermelhado<\/strong> que chamou a aten\u00e7\u00e3o de observadores em diversas partes do mundo.<\/p>\n<p class=\"postParagraph_post-paragraph__juWZN\">Segundo a Nasa, isso acontece porque as cores com comprimentos de onda mais curtos \u2013 como azul e violeta \u2013 se dispersam mais facilmente na atmosfera terrestre. J\u00e1 as de ondas mais longas, como vermelho e laranja, conseguem atravessar a atmosfera e, assim, tingem a Lua de tons alaranjados ou avermelhados durante o eclipse.<\/p>\n<p class=\"postParagraph_post-paragraph-innerHtml__Q5vwc\">O evento teve dura\u00e7\u00e3o de 80 minutos, <strong>sendo o<\/strong> <strong>eclipse lunar mais longo de 2025<\/strong>, com seu \u00e1pice \u00e0s 15h (hor\u00e1rio de Bras\u00edlia). Quanto mais perfeito o alinhamento entre Sol, Lua e Terra, maior a dura\u00e7\u00e3o do eclipse total, segundo o Observat\u00f3rio Nacional.<\/p>\n<p class=\"postParagraph_post-paragraph__juWZN\">No Brasil, n\u00e3o foi poss\u00edvel acompanhar o fen\u00f4meno a olho nu, mas o Observat\u00f3rio Nacional transmitiu a Lua de Sangue em tempo real pelo canal oficial no YouTube.<\/p>\n<p class=\"postParagraph_post-paragraph__juWZN\">J\u00e1 em regi\u00f5es como Europa, \u00c1frica, leste da Austr\u00e1lia, Nova Zel\u00e2ndia e parte do Oriente, moradores puderam contemplar o espet\u00e1culo diretamente do c\u00e9u noturno. Diversos registros fotogr\u00e1ficos foram feitos e compartilhados a partir desses locais.<\/p>\n<p class=\"postParagraph_post-paragraph-innerHtml__Q5vwc\"><strong>Confira algumas imagens:<\/strong><\/p>\n<div class=\"postImage_post-content-image__2CJdu\"><picture class=\"imageDefault_image-container__XGd8_\"><source type=\"image\/webp\" srcset=\"https:\/\/media.gazetadopovo.com.br\/2025\/09\/09103928\/lua-de-sangue-2-1280x720.jpg.webp 1280w, https:\/\/media.gazetadopovo.com.br\/2025\/09\/09103928\/lua-de-sangue-2-960x540.jpg.webp 960w, https:\/\/media.gazetadopovo.com.br\/2025\/09\/09103928\/lua-de-sangue-2-660x372.jpg.webp 660w, https:\/\/media.gazetadopovo.com.br\/2025\/09\/09103928\/lua-de-sangue-2-540x388.jpg.webp 540w, https:\/\/media.gazetadopovo.com.br\/2025\/09\/09103928\/lua-de-sangue-2-380x214.jpg.webp 380w, https:\/\/media.gazetadopovo.com.br\/2025\/09\/09103928\/lua-de-sangue-2-720x720.jpg.webp 720w, https:\/\/media.gazetadopovo.com.br\/2025\/09\/09103928\/lua-de-sangue-2-540x540.jpg.webp 540w, https:\/\/media.gazetadopovo.com.br\/2025\/09\/09103928\/lua-de-sangue-2-372x372.jpg.webp 372w, https:\/\/media.gazetadopovo.com.br\/2025\/09\/09103928\/lua-de-sangue-2-214x214.jpg.webp 214w, https:\/\/media.gazetadopovo.com.br\/2025\/09\/09103928\/lua-de-sangue-2.jpg.webp 1920w\" sizes=\"(max-width: 767px) 328px, 638px\"\/><source type=\"image\/jpeg\" srcset=\"https:\/\/media.gazetadopovo.com.br\/2025\/09\/09103928\/lua-de-sangue-2-1280x720.jpg.webp 1280w, https:\/\/media.gazetadopovo.com.br\/2025\/09\/09103928\/lua-de-sangue-2-960x540.jpg.webp 960w, https:\/\/media.gazetadopovo.com.br\/2025\/09\/09103928\/lua-de-sangue-2-660x372.jpg.webp 660w, https:\/\/media.gazetadopovo.com.br\/2025\/09\/09103928\/lua-de-sangue-2-540x388.jpg.webp 540w, https:\/\/media.gazetadopovo.com.br\/2025\/09\/09103928\/lua-de-sangue-2-380x214.jpg.webp 380w, https:\/\/media.gazetadopovo.com.br\/2025\/09\/09103928\/lua-de-sangue-2-720x720.jpg.webp 720w, https:\/\/media.gazetadopovo.com.br\/2025\/09\/09103928\/lua-de-sangue-2-540x540.jpg.webp 540w, https:\/\/media.gazetadopovo.com.br\/2025\/09\/09103928\/lua-de-sangue-2-372x372.jpg.webp 372w, https:\/\/media.gazetadopovo.com.br\/2025\/09\/09103928\/lua-de-sangue-2-214x214.jpg.webp 214w, https:\/\/media.gazetadopovo.com.br\/2025\/09\/09103928\/lua-de-sangue-2.jpg.webp 1920w\" sizes=\"(max-width: 767px) 328px, 638px\"\/><\/picture><i class=\"postImage_post-image-caption__yoE82\">Lua de Sangue capturada em T\u00f3quio, no Jap\u00e3o.<!-- --> <!-- -->(Foto: JIJI PRESS | EFE)<\/i><\/div>\n<div class=\"postImage_post-content-image__2CJdu\"><picture class=\"imageDefault_image-container__XGd8_\"><source type=\"image\/webp\" srcset=\"https:\/\/media.gazetadopovo.com.br\/2025\/09\/09160301\/Design-CMS-1280x720.jpg.webp 1280w, https:\/\/media.gazetadopovo.com.br\/2025\/09\/09160301\/Design-CMS-960x540.jpg.webp 960w, https:\/\/media.gazetadopovo.com.br\/2025\/09\/09160301\/Design-CMS-660x372.jpg.webp 660w, https:\/\/media.gazetadopovo.com.br\/2025\/09\/09160301\/Design-CMS-540x304.jpg.webp 540w, https:\/\/media.gazetadopovo.com.br\/2025\/09\/09160301\/Design-CMS-380x214.jpg.webp 380w, https:\/\/media.gazetadopovo.com.br\/2025\/09\/09160301\/Design-CMS-720x720.jpg.webp 720w, https:\/\/media.gazetadopovo.com.br\/2025\/09\/09160301\/Design-CMS-540x540.jpg.webp 540w, https:\/\/media.gazetadopovo.com.br\/2025\/09\/09160301\/Design-CMS-372x372.jpg.webp 372w, https:\/\/media.gazetadopovo.com.br\/2025\/09\/09160301\/Design-CMS-214x214.jpg.webp 214w, https:\/\/media.gazetadopovo.com.br\/2025\/09\/09160301\/Design-CMS.jpg.webp 1600w\" sizes=\"(max-width: 767px) 328px, 638px\"\/><source type=\"image\/jpeg\" srcset=\"https:\/\/media.gazetadopovo.com.br\/2025\/09\/09160301\/Design-CMS-1280x720.jpg.webp 1280w, https:\/\/media.gazetadopovo.com.br\/2025\/09\/09160301\/Design-CMS-960x540.jpg.webp 960w, https:\/\/media.gazetadopovo.com.br\/2025\/09\/09160301\/Design-CMS-660x372.jpg.webp 660w, https:\/\/media.gazetadopovo.com.br\/2025\/09\/09160301\/Design-CMS-540x304.jpg.webp 540w, https:\/\/media.gazetadopovo.com.br\/2025\/09\/09160301\/Design-CMS-380x214.jpg.webp 380w, https:\/\/media.gazetadopovo.com.br\/2025\/09\/09160301\/Design-CMS-720x720.jpg.webp 720w, https:\/\/media.gazetadopovo.com.br\/2025\/09\/09160301\/Design-CMS-540x540.jpg.webp 540w, https:\/\/media.gazetadopovo.com.br\/2025\/09\/09160301\/Design-CMS-372x372.jpg.webp 372w, https:\/\/media.gazetadopovo.com.br\/2025\/09\/09160301\/Design-CMS-214x214.jpg.webp 214w, https:\/\/media.gazetadopovo.com.br\/2025\/09\/09160301\/Design-CMS.jpg.webp 1600w\" sizes=\"(max-width: 767px) 328px, 638px\"\/><img loading=\"lazy\" alt=\"Lua de Sangue, no eclipse lunar total de setembro.\" loading=\"lazy\" width=\"638\" height=\"359\" decoding=\"async\" data-nimg=\"1\" class=\"imageDefault_image-item__lU2Dk\" style=\"color:transparent\" src=\"https:\/\/media.gazetadopovo.com.br\/2025\/09\/09160301\/Design-CMS.jpg.webp\"\/><\/picture><i class=\"postImage_post-image-caption__yoE82\">Lua de Sangue vista da Su\u00ed\u00e7a.<!-- --> <!-- -->(Foto: LAURENT GILLIERON | EFE)<\/i><\/div>\n<div class=\"postImage_post-content-image__2CJdu\"><picture class=\"imageDefault_image-container__XGd8_\"><source type=\"image\/webp\" srcset=\"https:\/\/media.gazetadopovo.com.br\/2025\/09\/09104239\/lua-de-sangue-eclipse-1280x720.jpg.webp 1280w, https:\/\/media.gazetadopovo.com.br\/2025\/09\/09104239\/lua-de-sangue-eclipse-960x540.jpg.webp 960w, https:\/\/media.gazetadopovo.com.br\/2025\/09\/09104239\/lua-de-sangue-eclipse-660x372.jpg.webp 660w, https:\/\/media.gazetadopovo.com.br\/2025\/09\/09104239\/lua-de-sangue-eclipse-540x360.jpg.webp 540w, https:\/\/media.gazetadopovo.com.br\/2025\/09\/09104239\/lua-de-sangue-eclipse-380x214.jpg.webp 380w, https:\/\/media.gazetadopovo.com.br\/2025\/09\/09104239\/lua-de-sangue-eclipse-720x720.jpg.webp 720w, https:\/\/media.gazetadopovo.com.br\/2025\/09\/09104239\/lua-de-sangue-eclipse-540x540.jpg.webp 540w, https:\/\/media.gazetadopovo.com.br\/2025\/09\/09104239\/lua-de-sangue-eclipse-372x372.jpg.webp 372w, https:\/\/media.gazetadopovo.com.br\/2025\/09\/09104239\/lua-de-sangue-eclipse-214x214.jpg.webp 214w, https:\/\/media.gazetadopovo.com.br\/2025\/09\/09104239\/lua-de-sangue-eclipse.jpg.webp 1920w\" sizes=\"(max-width: 767px) 328px, 638px\"\/><source type=\"image\/jpeg\" srcset=\"https:\/\/media.gazetadopovo.com.br\/2025\/09\/09104239\/lua-de-sangue-eclipse-1280x720.jpg.webp 1280w, https:\/\/media.gazetadopovo.com.br\/2025\/09\/09104239\/lua-de-sangue-eclipse-960x540.jpg.webp 960w, https:\/\/media.gazetadopovo.com.br\/2025\/09\/09104239\/lua-de-sangue-eclipse-660x372.jpg.webp 660w, https:\/\/media.gazetadopovo.com.br\/2025\/09\/09104239\/lua-de-sangue-eclipse-540x360.jpg.webp 540w, https:\/\/media.gazetadopovo.com.br\/2025\/09\/09104239\/lua-de-sangue-eclipse-380x214.jpg.webp 380w, https:\/\/media.gazetadopovo.com.br\/2025\/09\/09104239\/lua-de-sangue-eclipse-720x720.jpg.webp 720w, https:\/\/media.gazetadopovo.com.br\/2025\/09\/09104239\/lua-de-sangue-eclipse-540x540.jpg.webp 540w, https:\/\/media.gazetadopovo.com.br\/2025\/09\/09104239\/lua-de-sangue-eclipse-372x372.jpg.webp 372w, https:\/\/media.gazetadopovo.com.br\/2025\/09\/09104239\/lua-de-sangue-eclipse-214x214.jpg.webp 214w, https:\/\/media.gazetadopovo.com.br\/2025\/09\/09104239\/lua-de-sangue-eclipse.jpg.webp 1920w\" sizes=\"(max-width: 767px) 328px, 638px\"\/><img loading=\"lazy\" alt=\"Lua de Sangue, no eclipse lunar total de setembro.\" loading=\"lazy\" width=\"638\" height=\"359\" decoding=\"async\" data-nimg=\"1\" class=\"imageDefault_image-item__lU2Dk\" style=\"color:transparent\" src=\"https:\/\/media.gazetadopovo.com.br\/2025\/09\/09104239\/lua-de-sangue-eclipse.jpg.webp\"\/><\/picture><i class=\"postImage_post-image-caption__yoE82\">Eclipse lunar total capturado no Qu\u00eania.<!-- --> <!-- -->(Foto: DANIEL IRUNGU | EFE)<\/i><\/div>\n<div class=\"postImage_post-content-image__2CJdu\"><picture class=\"imageDefault_image-container__XGd8_\"><source type=\"image\/webp\" srcset=\"https:\/\/media.gazetadopovo.com.br\/2025\/09\/09160341\/Design-CMS-1-1280x720.jpg.webp 1280w, https:\/\/media.gazetadopovo.com.br\/2025\/09\/09160341\/Design-CMS-1-960x540.jpg.webp 960w, https:\/\/media.gazetadopovo.com.br\/2025\/09\/09160341\/Design-CMS-1-660x372.jpg.webp 660w, https:\/\/media.gazetadopovo.com.br\/2025\/09\/09160341\/Design-CMS-1-540x304.jpg.webp 540w, https:\/\/media.gazetadopovo.com.br\/2025\/09\/09160341\/Design-CMS-1-380x214.jpg.webp 380w, https:\/\/media.gazetadopovo.com.br\/2025\/09\/09160341\/Design-CMS-1-720x720.jpg.webp 720w, https:\/\/media.gazetadopovo.com.br\/2025\/09\/09160341\/Design-CMS-1-540x540.jpg.webp 540w, https:\/\/media.gazetadopovo.com.br\/2025\/09\/09160341\/Design-CMS-1-372x372.jpg.webp 372w, https:\/\/media.gazetadopovo.com.br\/2025\/09\/09160341\/Design-CMS-1-214x214.jpg.webp 214w, https:\/\/media.gazetadopovo.com.br\/2025\/09\/09160341\/Design-CMS-1.jpg.webp 1600w\" sizes=\"(max-width: 767px) 328px, 638px\"\/><source type=\"image\/jpeg\" srcset=\"https:\/\/media.gazetadopovo.com.br\/2025\/09\/09160341\/Design-CMS-1-1280x720.jpg.webp 1280w, https:\/\/media.gazetadopovo.com.br\/2025\/09\/09160341\/Design-CMS-1-960x540.jpg.webp 960w, https:\/\/media.gazetadopovo.com.br\/2025\/09\/09160341\/Design-CMS-1-660x372.jpg.webp 660w, https:\/\/media.gazetadopovo.com.br\/2025\/09\/09160341\/Design-CMS-1-540x304.jpg.webp 540w, https:\/\/media.gazetadopovo.com.br\/2025\/09\/09160341\/Design-CMS-1-380x214.jpg.webp 380w, https:\/\/media.gazetadopovo.com.br\/2025\/09\/09160341\/Design-CMS-1-720x720.jpg.webp 720w, https:\/\/media.gazetadopovo.com.br\/2025\/09\/09160341\/Design-CMS-1-540x540.jpg.webp 540w, https:\/\/media.gazetadopovo.com.br\/2025\/09\/09160341\/Design-CMS-1-372x372.jpg.webp 372w, https:\/\/media.gazetadopovo.com.br\/2025\/09\/09160341\/Design-CMS-1-214x214.jpg.webp 214w, https:\/\/media.gazetadopovo.com.br\/2025\/09\/09160341\/Design-CMS-1.jpg.webp 1600w\" sizes=\"(max-width: 767px) 328px, 638px\"\/><img loading=\"lazy\" alt=\"Lua de Sangue, no eclipse lunar total de setembro.\" loading=\"lazy\" width=\"638\" height=\"359\" decoding=\"async\" data-nimg=\"1\" class=\"imageDefault_image-item__lU2Dk\" style=\"color:transparent\" src=\"https:\/\/media.gazetadopovo.com.br\/2025\/09\/09160341\/Design-CMS-1.jpg.webp\"\/><\/picture><i class=\"postImage_post-image-caption__yoE82\">Lua de Sangue capturada em T\u00f3quio.<!-- --> <!-- -->(Foto: JIJI PRESS | EFE)<\/i><\/div>\n<div class=\"postImage_post-content-image__2CJdu\"><picture class=\"imageDefault_image-container__XGd8_\"><source type=\"image\/webp\" srcset=\"https:\/\/media.gazetadopovo.com.br\/2025\/09\/09104824\/lua-avermelhada-eclipse-1280x720.jpg.webp 1280w, https:\/\/media.gazetadopovo.com.br\/2025\/09\/09104824\/lua-avermelhada-eclipse-960x540.jpg.webp 960w, https:\/\/media.gazetadopovo.com.br\/2025\/09\/09104824\/lua-avermelhada-eclipse-660x372.jpg.webp 660w, https:\/\/media.gazetadopovo.com.br\/2025\/09\/09104824\/lua-avermelhada-eclipse-540x360.jpg.webp 540w, https:\/\/media.gazetadopovo.com.br\/2025\/09\/09104824\/lua-avermelhada-eclipse-380x214.jpg.webp 380w, https:\/\/media.gazetadopovo.com.br\/2025\/09\/09104824\/lua-avermelhada-eclipse-720x720.jpg.webp 720w, https:\/\/media.gazetadopovo.com.br\/2025\/09\/09104824\/lua-avermelhada-eclipse-540x540.jpg.webp 540w, https:\/\/media.gazetadopovo.com.br\/2025\/09\/09104824\/lua-avermelhada-eclipse-372x372.jpg.webp 372w, https:\/\/media.gazetadopovo.com.br\/2025\/09\/09104824\/lua-avermelhada-eclipse-214x214.jpg.webp 214w, https:\/\/media.gazetadopovo.com.br\/2025\/09\/09104824\/lua-avermelhada-eclipse.jpg.webp 1920w\" sizes=\"(max-width: 767px) 328px, 638px\"\/><source type=\"image\/jpeg\" srcset=\"https:\/\/media.gazetadopovo.com.br\/2025\/09\/09104824\/lua-avermelhada-eclipse-1280x720.jpg.webp 1280w, https:\/\/media.gazetadopovo.com.br\/2025\/09\/09104824\/lua-avermelhada-eclipse-960x540.jpg.webp 960w, https:\/\/media.gazetadopovo.com.br\/2025\/09\/09104824\/lua-avermelhada-eclipse-660x372.jpg.webp 660w, https:\/\/media.gazetadopovo.com.br\/2025\/09\/09104824\/lua-avermelhada-eclipse-540x360.jpg.webp 540w, https:\/\/media.gazetadopovo.com.br\/2025\/09\/09104824\/lua-avermelhada-eclipse-380x214.jpg.webp 380w, https:\/\/media.gazetadopovo.com.br\/2025\/09\/09104824\/lua-avermelhada-eclipse-720x720.jpg.webp 720w, https:\/\/media.gazetadopovo.com.br\/2025\/09\/09104824\/lua-avermelhada-eclipse-540x540.jpg.webp 540w, https:\/\/media.gazetadopovo.com.br\/2025\/09\/09104824\/lua-avermelhada-eclipse-372x372.jpg.webp 372w, https:\/\/media.gazetadopovo.com.br\/2025\/09\/09104824\/lua-avermelhada-eclipse-214x214.jpg.webp 214w, https:\/\/media.gazetadopovo.com.br\/2025\/09\/09104824\/lua-avermelhada-eclipse.jpg.webp 1920w\" sizes=\"(max-width: 767px) 328px, 638px\"\/><img loading=\"lazy\" alt=\"Lua de Sangue, no eclipse lunar total de setembro.\" loading=\"lazy\" width=\"638\" height=\"359\" decoding=\"async\" data-nimg=\"1\" class=\"imageDefault_image-item__lU2Dk\" style=\"color:transparent\" src=\"https:\/\/media.gazetadopovo.com.br\/2025\/09\/09104824\/lua-avermelhada-eclipse.jpg.webp\"\/><\/picture><i class=\"postImage_post-image-caption__yoE82\">Eclipse lunar total visto de Praga, na Rep\u00fablica Checa.<!-- --> <!-- -->(Foto: MARTIN DIVISEK | EFE)<\/i><\/div>\n<\/div>\n<p><br \/>\n<br \/>Fonte: <a href=\"https:\/\/www.gazetadopovo.com.br\/mundo\/lua-de-sangue-veja-imagens-surpreendentes-do-eclipse-lunar-mais-longo-do-ano\/\">Revista Oeste<\/a><\/p>\n","protected":false},"excerpt":{"rendered":"<p>No \u00faltimo domingo (7), o c\u00e9u foi palco de um espet\u00e1culo astron\u00f4mico: a Lua de Sangue. O fen\u00f4meno, resultado de um eclipse lunar total, deixou o sat\u00e9lite com um tom avermelhado que chamou a aten\u00e7\u00e3o de observadores em diversas partes do mundo. Segundo a Nasa, isso acontece porque as cores com comprimentos de onda mais [&hellip;]<\/p>\n","protected":false},"author":5,"featured_media":42870,"comment_status":"open","ping_status":"open","sticky":false,"template":"","format":"standard","meta":{"_seopress_robots_primary_cat":"","_seopress_titles_title":"","_seopress_titles_desc":"","_seopress_robots_index":"","footnotes":""},"categories":[48],"tags":[],"class_list":["post-42869","post","type-post","status-publish","format-standard","has-post-thumbnail","hentry","category-internacional"],"_links":{"self":[{"href":"https:\/\/mussicom.com\/noticias\/wp-json\/wp\/v2\/posts\/42869","targetHints":{"allow":["GET"]}}],"collection":[{"href":"https:\/\/mussicom.com\/noticias\/wp-json\/wp\/v2\/posts"}],"about":[{"href":"https:\/\/mussicom.com\/noticias\/wp-json\/wp\/v2\/types\/post"}],"author":[{"embeddable":true,"href":"https:\/\/mussicom.com\/noticias\/wp-json\/wp\/v2\/users\/5"}],"replies":[{"embeddable":true,"href":"https:\/\/mussicom.com\/noticias\/wp-json\/wp\/v2\/comments?post=42869"}],"version-history":[{"count":0,"href":"https:\/\/mussicom.com\/noticias\/wp-json\/wp\/v2\/posts\/42869\/revisions"}],"wp:featuredmedia":[{"embeddable":true,"href":"https:\/\/mussicom.com\/noticias\/wp-json\/wp\/v2\/media\/42870"}],"wp:attachment":[{"href":"https:\/\/mussicom.com\/noticias\/wp-json\/wp\/v2\/media?parent=42869"}],"wp:term":[{"taxonomy":"category","embeddable":true,"href":"https:\/\/mussicom.com\/noticias\/wp-json\/wp\/v2\/categories?post=42869"},{"taxonomy":"post_tag","embeddable":true,"href":"https:\/\/mussicom.com\/noticias\/wp-json\/wp\/v2\/tags?post=42869"}],"curies":[{"name":"wp","href":"https:\/\/api.w.org\/{rel}","templated":true}]}}