{"id":42859,"date":"2025-09-09T23:34:21","date_gmt":"2025-09-10T02:34:21","guid":{"rendered":"https:\/\/mussicom.com\/precos-do-arroz-seguem-em-queda-no-rs\/"},"modified":"2025-09-09T23:34:21","modified_gmt":"2025-09-10T02:34:21","slug":"precos-do-arroz-seguem-em-queda-no-rs","status":"publish","type":"post","link":"https:\/\/mussicom.com\/noticias\/precos-do-arroz-seguem-em-queda-no-rs\/","title":{"rendered":"Pre\u00e7os do arroz seguem em queda no RS"},"content":{"rendered":"<p> <br \/>\n<\/p>\n<div>\n<p style=\"text-align:justify\">Os pre\u00e7os do arroz em casca continuaram em queda no Rio Grande do Sul ao longo de agosto, pressionando toda a cadeia produtiva, do beneficiamento ao varejo. Segundo dados do Cepea, o cen\u00e1rio segue incerto, influenciado por exporta\u00e7\u00f5es, estoques e a\u00e7\u00f5es do governo.&#13;\n<\/p>\n<p style=\"text-align:justify\"><strong>Queda persistente e liquidez baixa<\/strong><br \/>&#13;<br \/>\nConforme levantamento do Centro de Estudos Avan\u00e7ados em Economia Aplicada (Cepea), ainda que menos intensamente, os pre\u00e7os do arroz em casca seguiram em queda no Rio Grande do Sul durante o m\u00eas de agosto. O Indicador CEPEA\/IRGA-RS recuou 3,06% entre 31 de julho e 29 de agosto, acumulando queda de 31,5% no ano e de 41,8% em 12 meses.<\/p>\n<p style=\"text-align:justify\">O mercado permaneceu com baixa liquidez, reflexo da retra\u00e7\u00e3o tanto por parte dos vendedores, que aguardam maior clareza de mercado, quanto dos compradores, que enfrentam dificuldades para repassar os custos ao arroz beneficiado.<\/p>\n<p style=\"text-align:justify\"><strong>Interven\u00e7\u00e3o do governo e exporta\u00e7\u00f5es no radar<\/strong><br \/>&#13;<br \/>\nDiante da instabilidade, o governo federal realizou leil\u00f5es de contratos de op\u00e7\u00e3o de venda com pre\u00e7os acima dos praticados pelo mercado. A Conab negociou 109,2 mil toneladas, praticamente esgotando a oferta de 110 mil toneladas disponibilizadas. No RS, foram firmados 2.934 contratos \u2014 quase 100% da oferta regional.&#13;\n<\/p>\n<p style=\"text-align:justify\">Segundo analistas do Cepea, a recupera\u00e7\u00e3o sazonal esperada para o segundo semestre depende diretamente do comportamento das exporta\u00e7\u00f5es e dos estoques dispon\u00edveis.<\/p>\n<p style=\"text-align:justify\"><strong>Reflexos no atacado e varejo<\/strong><br \/>&#13;<br \/>\nO arroz beneficiado tamb\u00e9m registrou desvaloriza\u00e7\u00e3o. Dados do Irga apontam queda de 5,3% nos pre\u00e7os m\u00e9dios da saca de 30 kg entre junho e julho, passando de R$ 137,33 para R$ 129,99. Em 12 meses, a retra\u00e7\u00e3o \u00e9 de 16,1%.<\/p>\n<p style=\"text-align:justify\">No varejo, a press\u00e3o foi ainda mais acentuada. Segundo o IPCA do IBGE, os pre\u00e7os recuaram 2,89% de junho para julho, marcando o d\u00e9cimo m\u00eas consecutivo de queda. A retra\u00e7\u00e3o acumulada chega a 16,9% no ano e 18,8% em 12 meses. No IPCA-15, a baixa foi de 3,12% entre 16 de julho e 14 de agosto.<\/p>\n<p style=\"text-align:justify\"><strong>Cen\u00e1rio regional e qualidade do gr\u00e3o<\/strong><br \/>&#13;<br \/>\nA queda nos pre\u00e7os foi generalizada em todas as microrregi\u00f5es que comp\u00f5em o Indicador CEPEA\/IRGA-RS. A Campanha registrou o recuo mais acentuado (3,47%), seguida pela Zona Sul (3,3%) e Depress\u00e3o Central (3,07%).<\/p>\n<p style=\"text-align:justify\">Em rela\u00e7\u00e3o \u00e0 qualidade, o arroz com 63% a 65% de gr\u00e3os inteiros teve queda de 2,13%, fechando agosto a R$ 67,97\/sc. J\u00e1 os gr\u00e3os com 59% a 62% recuaram 2,54% (R$ 67,59\/sc), enquanto o produto com 50% a 57% teve desvaloriza\u00e7\u00e3o de 1,58%, para R$ 65,50\/sc.&#13;\n<\/p>\n<p style=\"text-align:justify\"><strong>Pr\u00f3ximos passos e impactos no setor<\/strong><br \/>&#13;<br \/>\nA indefini\u00e7\u00e3o sobre os rumos da pol\u00edtica de comercializa\u00e7\u00e3o e o comportamento das exporta\u00e7\u00f5es coloca o setor em compasso de espera.\u00a0A tend\u00eancia para os pr\u00f3ximos meses depender\u00e1 do equil\u00edbrio entre oferta interna, competitividade internacional e novas sinaliza\u00e7\u00f5es do governo sobre poss\u00edveis novas interven\u00e7\u00f5es no mercado.<\/p>\n<\/p><\/div>\n<p><script data-cfasync=\"false\">\n    !function (f, b, e, v, n, t, s) {\n        if (f.fbq) return; n = f.fbq = function () {\n            n.callMethod ?\n                n.callMethod.apply(n, arguments) : n.queue.push(arguments)\n        };\n        if (!f._fbq) f._fbq = n; n.push = n; n.loaded = !0; n.version = '2.0';\n        n.queue = []; t = b.createElement(e); t.async = !0;\n        t.src = v; s = b.getElementsByTagName(e)[0];\n        s.parentNode.insertBefore(t, s)\n    }(window, document, 'script',\n        'https:\/\/connect.facebook.net\/en_US\/fbevents.js');\n    fbq('init', '522546078623747');\n    fbq('track', 'PageView');\n<\/script><br \/>\n<br \/><br \/>\n<br \/>Fonte: <a href=\"https:\/\/www.agrolink.com.br\/noticias\/precos-do-arroz-seguem-em-queda-no-rs_505789.html\">AGROLINK<\/a><\/p>\n","protected":false},"excerpt":{"rendered":"<p>Os pre\u00e7os do arroz em casca continuaram em queda no Rio Grande do Sul ao longo de agosto, pressionando toda a cadeia produtiva, do beneficiamento ao varejo. Segundo dados do Cepea, o cen\u00e1rio segue incerto, influenciado por exporta\u00e7\u00f5es, estoques e a\u00e7\u00f5es do governo.&#13; Queda persistente e liquidez baixa&#13; Conforme levantamento do Centro de Estudos Avan\u00e7ados [&hellip;]<\/p>\n","protected":false},"author":5,"featured_media":42860,"comment_status":"open","ping_status":"open","sticky":false,"template":"","format":"standard","meta":{"_seopress_robots_primary_cat":"","_seopress_titles_title":"","_seopress_titles_desc":"","_seopress_robots_index":"","footnotes":""},"categories":[53],"tags":[],"class_list":["post-42859","post","type-post","status-publish","format-standard","has-post-thumbnail","hentry","category-agronegocio"],"_links":{"self":[{"href":"https:\/\/mussicom.com\/noticias\/wp-json\/wp\/v2\/posts\/42859","targetHints":{"allow":["GET"]}}],"collection":[{"href":"https:\/\/mussicom.com\/noticias\/wp-json\/wp\/v2\/posts"}],"about":[{"href":"https:\/\/mussicom.com\/noticias\/wp-json\/wp\/v2\/types\/post"}],"author":[{"embeddable":true,"href":"https:\/\/mussicom.com\/noticias\/wp-json\/wp\/v2\/users\/5"}],"replies":[{"embeddable":true,"href":"https:\/\/mussicom.com\/noticias\/wp-json\/wp\/v2\/comments?post=42859"}],"version-history":[{"count":0,"href":"https:\/\/mussicom.com\/noticias\/wp-json\/wp\/v2\/posts\/42859\/revisions"}],"wp:featuredmedia":[{"embeddable":true,"href":"https:\/\/mussicom.com\/noticias\/wp-json\/wp\/v2\/media\/42860"}],"wp:attachment":[{"href":"https:\/\/mussicom.com\/noticias\/wp-json\/wp\/v2\/media?parent=42859"}],"wp:term":[{"taxonomy":"category","embeddable":true,"href":"https:\/\/mussicom.com\/noticias\/wp-json\/wp\/v2\/categories?post=42859"},{"taxonomy":"post_tag","embeddable":true,"href":"https:\/\/mussicom.com\/noticias\/wp-json\/wp\/v2\/tags?post=42859"}],"curies":[{"name":"wp","href":"https:\/\/api.w.org\/{rel}","templated":true}]}}