{"id":42776,"date":"2025-09-09T15:38:24","date_gmt":"2025-09-09T18:38:24","guid":{"rendered":"https:\/\/mussicom.com\/mais-de-65-milhoes-de-familias-deixaram-linha-da-pobreza-em-2-anos\/"},"modified":"2025-09-09T15:38:24","modified_gmt":"2025-09-09T18:38:24","slug":"mais-de-65-milhoes-de-familias-deixaram-linha-da-pobreza-em-2-anos","status":"publish","type":"post","link":"https:\/\/mussicom.com\/noticias\/mais-de-65-milhoes-de-familias-deixaram-linha-da-pobreza-em-2-anos\/","title":{"rendered":"Mais de 6,5 milh\u00f5es de fam\u00edlias deixaram linha da pobreza em 2 anos"},"content":{"rendered":"<p> <br \/>\n<\/p>\n<div>\n<p><strong>Cerca de 6,55 milh\u00f5es de fam\u00edlias deixaram a linha da pobreza nos \u00faltimos dois anos. Em termos individuais, essas fam\u00edlias representam um contingente de 14,17 milh\u00f5es de pessoas<\/strong>.<img decoding=\"async\" src=\"https:\/\/agenciabrasil.ebc.com.br\/ebc.gif?id=1657814&amp;o=node\" style=\"width:1px; height:1px; display:inline;\"\/><\/p>\n<p>A constata\u00e7\u00e3o est\u00e1 em uma an\u00e1lise de fam\u00edlias inscritas no Cadastro \u00danico (Cad\u00danico)\u00a0e divulgada pelo Minist\u00e9rio do Desenvolvimento Social (MDS).<\/p>\n<p><strong>O Cad\u00danico considera como linha da pobreza fam\u00edlias com renda de at\u00e9 R$ 218 por pessoa. Em 2023, o cadastro tinha 26,1 milh\u00f5es de fam\u00edlias nessa faixa de renda. Em julho de 2025, a quantidade foi reduzida para 19,56 milh\u00f5es, diminui\u00e7\u00e3o de 25%.<\/strong><\/p>\n<p>Para o titular do MDS, ministro Wellington Dias, h\u00e1 uma combina\u00e7\u00e3o de desenvolvimento econ\u00f4mico e social.<\/p>\n<blockquote>\n<p>\u201cAs pessoas est\u00e3o saindo da pobreza, seja pelo trabalho ou pelo empreendedorismo&#8221;, diz.<\/p>\n<\/blockquote>\n<p>O cadastro do governo terminou julho deste ano com 41,6 milh\u00f5es de fam\u00edlias, o que significa 95,3 milh\u00f5es de pessoas. <strong>O minist\u00e9rio classifica os inscritos no Cad\u00danico em tr\u00eas faixas de renda mensal por pessoa:<\/strong><\/p>\n<ul>\n<li>situa\u00e7\u00e3o de pobreza: at\u00e9 R$ 218<\/li>\n<li>baixa renda: entre R$ 218,01 e meio sal\u00e1rio m\u00ednimo (R$ 759)<\/li>\n<li>renda acima de meio sal\u00e1rio m\u00ednimo<\/li>\n<\/ul>\n<p>&gt;&gt; Siga o canal da <strong>Ag\u00eancia Brasil <\/strong>no WhatsApp<\/p>\n<p><strong>O Cad\u00danico funciona como porta de entrada para benef\u00edcios do governo, como o Bolsa Fam\u00edlia<\/strong>. No caso do programa de transfer\u00eancia de renda, a principal regra para ter direito \u00e9 que a renda de cada pessoa da fam\u00edlia seja de, no m\u00e1ximo, R$ 218 por m\u00eas.<\/p>\n<h2>Renda familiar<\/h2>\n<p><strong>O c\u00e1lculo da renda familiar por pessoa consiste na soma das rendas individuais dos integrantes da fam\u00edlia dividida pelo n\u00famero de pessoas que formam o n\u00facleo familiar<\/strong>.<\/p>\n<p>No valor da renda individual, al\u00e9m de recursos obtidos por meio do trabalho, entram na conta aposentadoria, pens\u00e3o, doa\u00e7\u00f5es e o Benef\u00edcio de Presta\u00e7\u00e3o Continuada (BPC &#8211; um sal\u00e1rio m\u00ednimo por m\u00eas ao idoso com idade igual ou superior a 65 anos ou \u00e0 pessoa com defici\u00eancia de qualquer idade).<\/p>\n<p><strong>O levantamento que mostra redu\u00e7\u00e3o de pessoas abaixo da linha da pobreza foi realizado pela Secretaria de Avalia\u00e7\u00e3o, Gest\u00e3o da Informa\u00e7\u00e3o e Cadastro \u00danico<\/strong>. De acordo com secret\u00e1rio da pasta, Rafael Os\u00f3rio, a diminui\u00e7\u00e3o de fam\u00edlias com renda inferior a R$ 218 por pessoa \u00e9 explicada por tr\u00eas fatores:<\/p>\n<ul>\n<li>avan\u00e7o de programas sociais<\/li>\n<li>melhoria do mercado de trabalho<\/li>\n<li>processo de qualifica\u00e7\u00e3o do Cad\u00danico, que passou a incorporar automaticamente dados sobre a renda formal dos trabalhadores<\/li>\n<\/ul>\n<p><strong>Com esse aprimoramento do cadastro, o governo consegue incorporar dados como o recebimento de aposentadoria, por exemplo<\/strong>.<\/p>\n<p>\u201cCom a integra\u00e7\u00e3o das informa\u00e7\u00f5es com outras bases de dados, j\u00e1 dispon\u00edveis ao poder p\u00fablico, reduzimos a depend\u00eancia da autodeclara\u00e7\u00e3o\u201d, aponta o secret\u00e1rio.<\/p>\n<p>      <!-- Relacionada --><\/p>\n<p>            <!-- Relacionada -->\n    <\/div>\n<p><br \/>\n<br \/>Fonte: <a href=\"https:\/\/agenciabrasil.ebc.com.br\/economia\/noticia\/2025-09\/mais-de-65-milhoes-de-familias-deixaram-linha-da-pobreza-em-2-anos\">Gazeta do Povo<\/a><\/p>\n","protected":false},"excerpt":{"rendered":"<p>Cerca de 6,55 milh\u00f5es de fam\u00edlias deixaram a linha da pobreza nos \u00faltimos dois anos. Em termos individuais, essas fam\u00edlias representam um contingente de 14,17 milh\u00f5es de pessoas. A constata\u00e7\u00e3o est\u00e1 em uma an\u00e1lise de fam\u00edlias inscritas no Cadastro \u00danico (Cad\u00danico)\u00a0e divulgada pelo Minist\u00e9rio do Desenvolvimento Social (MDS). O Cad\u00danico considera como linha da pobreza [&hellip;]<\/p>\n","protected":false},"author":5,"featured_media":42777,"comment_status":"open","ping_status":"open","sticky":false,"template":"","format":"standard","meta":{"_seopress_robots_primary_cat":"","_seopress_titles_title":"","_seopress_titles_desc":"","_seopress_robots_index":"","footnotes":""},"categories":[45],"tags":[],"class_list":["post-42776","post","type-post","status-publish","format-standard","has-post-thumbnail","hentry","category-economia"],"_links":{"self":[{"href":"https:\/\/mussicom.com\/noticias\/wp-json\/wp\/v2\/posts\/42776","targetHints":{"allow":["GET"]}}],"collection":[{"href":"https:\/\/mussicom.com\/noticias\/wp-json\/wp\/v2\/posts"}],"about":[{"href":"https:\/\/mussicom.com\/noticias\/wp-json\/wp\/v2\/types\/post"}],"author":[{"embeddable":true,"href":"https:\/\/mussicom.com\/noticias\/wp-json\/wp\/v2\/users\/5"}],"replies":[{"embeddable":true,"href":"https:\/\/mussicom.com\/noticias\/wp-json\/wp\/v2\/comments?post=42776"}],"version-history":[{"count":0,"href":"https:\/\/mussicom.com\/noticias\/wp-json\/wp\/v2\/posts\/42776\/revisions"}],"wp:featuredmedia":[{"embeddable":true,"href":"https:\/\/mussicom.com\/noticias\/wp-json\/wp\/v2\/media\/42777"}],"wp:attachment":[{"href":"https:\/\/mussicom.com\/noticias\/wp-json\/wp\/v2\/media?parent=42776"}],"wp:term":[{"taxonomy":"category","embeddable":true,"href":"https:\/\/mussicom.com\/noticias\/wp-json\/wp\/v2\/categories?post=42776"},{"taxonomy":"post_tag","embeddable":true,"href":"https:\/\/mussicom.com\/noticias\/wp-json\/wp\/v2\/tags?post=42776"}],"curies":[{"name":"wp","href":"https:\/\/api.w.org\/{rel}","templated":true}]}}