{"id":42767,"date":"2025-09-09T14:38:18","date_gmt":"2025-09-09T17:38:18","guid":{"rendered":"https:\/\/mussicom.com\/festival-psica-anuncia-lineup-de-2025-com-martinho-da-vila-luedji-luna-ajuliacosta-e-urias\/"},"modified":"2025-09-09T14:38:18","modified_gmt":"2025-09-09T17:38:18","slug":"festival-psica-anuncia-lineup-de-2025-com-martinho-da-vila-luedji-luna-ajuliacosta-e-urias","status":"publish","type":"post","link":"https:\/\/mussicom.com\/noticias\/festival-psica-anuncia-lineup-de-2025-com-martinho-da-vila-luedji-luna-ajuliacosta-e-urias\/","title":{"rendered":"Festival Psica anuncia lineup de 2025 com Martinho da Vila, Luedji Luna, AJULIACOSTA e Urias"},"content":{"rendered":"<p> <br \/>\n<\/p>\n<div>\n<p class=\"whitespace-normal break-words\">O <strong>Festival Psica 2025<\/strong> anunciou seu lineup completo com mais de 70 atra\u00e7\u00f5es para a edi\u00e7\u00e3o <em><strong>O Retorno da Dourada<\/strong><\/em>, que acontece de 12 a 14 de dezembro em Bel\u00e9m. A grande homenageada desta edi\u00e7\u00e3o \u00e9 <strong>Dona Onete<\/strong>, que aos 86 anos se apresenta pela primeira vez como headliner de um festival deste porte.<\/p>\n<p class=\"whitespace-normal break-words\">A diva do carimb\u00f3 chamegado estreia o show audiovisual <em><strong>Quatro Contas<\/strong><\/em>, criado especialmente para o evento, que prop\u00f5e uma viagem pelos quatro elementos da natureza atrav\u00e9s de sua obra. O espet\u00e1culo revisita m\u00fasicas pouco tocadas em sua carreira e apresenta cl\u00e1ssicos em novos arranjos.<\/p>\n<p class=\"whitespace-normal break-words\">Entre os destaques est\u00e3o <strong>Martinho da Vila<\/strong> e <strong>Jorge Arag\u00e3o<\/strong>, que apresentam juntos o show <em><strong>Canta Canta Minha Gente<\/strong><\/em>. O lineup inclui ainda <strong>Luedji Luna<\/strong>, a rapper <strong>AJULIACOSTA<\/strong>, <strong>Urias<\/strong>, <strong>Jaloo<\/strong>, <strong>Na\u00e7\u00e3o Zumbi<\/strong> com <em><strong>Da Lama Ao Caos \u2013 30 Anos<\/strong><\/em>, <strong>Edson Gomes<\/strong>, <strong>Di Melo<\/strong> e <strong>Viviane Batid\u00e3o<\/strong>.<\/p>\n<p class=\"whitespace-normal break-words\">O festival traz o cantor colombiano <strong>Armando Hern\u00e1ndez<\/strong>, conhecido por cl\u00e1ssicos como <strong>\u201cLa Zenaida\u201d<\/strong> e <strong>\u201cReina de Cumbias\u201d<\/strong>, refor\u00e7ando a conex\u00e3o pan-amaz\u00f4nica do evento. Entre as atra\u00e7\u00f5es internacionais mais aguardadas est\u00e1 o trio feminino japon\u00eas <strong>The 5.6.7.8\u2019s<\/strong>, famoso pela trilha sonora do filme <em><strong>Kill Bill<\/strong><\/em>, de <strong>Quentin Tarantino<\/strong>.<\/p>\n<p class=\"whitespace-normal break-words\">A programa\u00e7\u00e3o internacional inclui ainda a cantora <strong>Male\u00efka<\/strong> e o percussionista <strong>Boris Percus<\/strong>, da Martinica. \u201cO Par\u00e1 tem uma conex\u00e3o muito forte com a m\u00fasica da Martinica, que influenciou diretamente a nossa lambada paraense\u201d, explica <strong>Jeft Dias<\/strong>, diretor do festival.<\/p>\n<p class=\"whitespace-normal break-words\">O festival dedica espa\u00e7os espec\u00edficos para o tecnobrega paraense, com as aparelhagens <strong>Carabao O M\u00e1ximo<\/strong>, <strong>Rubi A Nave do Som<\/strong> e <strong>Tud\u00e3o Crocodilo<\/strong>. A programa\u00e7\u00e3o eletr\u00f4nica inclui <strong>DJ Baby Plus Size<\/strong> \u2014 conhecida pelo remix de <strong>\u201cRock Doido de Caju\u201d<\/strong>, de <strong>Liniker<\/strong> \u2014, <strong>Ramemes<\/strong>, <strong>Batekoo<\/strong> e <strong>Clementaum<\/strong>.<\/p>\n<p class=\"whitespace-normal break-words\">O evento mant\u00e9m seu compromisso com a cultura amaz\u00f4nica atrav\u00e9s de artistas como <strong>Ian Wapichana<\/strong>, do povo origin\u00e1rio Wapichana, o <strong>Grupo folcl\u00f3rico Paracauari<\/strong> e apresenta\u00e7\u00f5es do <strong>Cortejo Encantado<\/strong>, espet\u00e1culo teatral que celebra a cultura ind\u00edgena brasileira.<\/p>\n<p class=\"whitespace-normal break-words\">A programa\u00e7\u00e3o ocupa as ruas da Cidade Velha e o est\u00e1dio do Mangueir\u00e3o. Criado em 2012, o <strong>Psica<\/strong> se consolidou como um dos principais festivais independentes do Brasil, com a edi\u00e7\u00e3o de 2024 batendo recorde de p\u00fablico com mais de 100 mil pessoas.<\/p>\n<p class=\"whitespace-normal break-words\">\u201cO Psica \u00e9 sobre contar outras hist\u00f3rias do Brasil a partir da Amaz\u00f4nia. Essa curadoria \u00e9 tamb\u00e9m um manifesto\u201d, afirma <strong>Jeft Dias<\/strong>, destacando a proposta do festival de ampliar o mapa da m\u00fasica nacional a partir da perspectiva amaz\u00f4nica.<\/p>\n<p class=\"text-center\"><\/p>\n<h3>Festival Psica 2025 \u2013 O Retorno da Dourada<\/h3>\n<p><strong>Onde<\/strong>: Cidade Velha \u2013 Bel\u00e9m (PA)<\/p>\n<p><strong>Quando<\/strong>: 12, 13 e 14 de dezembro de 2025<\/p>\n<p><strong>Ingressos<\/strong>: Passaportes a partir de R$ 125 (meia) dispon\u00edveis na [Ingresse] \/ Gratuidade: Lista TransFree e PCD\u2019s<\/p>\n<p><strong>Redes<\/strong>: @festivalpsica \/ Site Oficial<\/p>\n<div class=\"author-box clearfix mb-4\">\n<div class=\"d-flex align-items-center\">\n<div class=\"author-avatar\">\n        &#13;<br \/>\n          <img decoding=\"async\" alt=\"Daniela Swidrak (@newtango)\" src=\"https:\/\/rollingstone.com.br\/wp-content\/uploads\/2025\/09\/daniela_sqmd.png\" class=\"avatar avatar-115 photo rounded-circle\" height=\"115\" width=\"115\"\/>\n      <\/div>\n<div class=\"author-info ms-3\">\n<p>Nascida na Argentina mas radicada no Brasil h\u00e1 mais de 15 anos, Daniela achou na m\u00fasica sua linguagem universal. Formada em radialismo pela UNESP, virou pesquisadora criativa e firmou seu p\u00e9 no jornalismo musical no portal Popload. Gateira, durante a semana procura a sua pr\u00f3xima banda favorita e aos finais de semana sempre acha um bom show para assistir.<\/p>\n<\/p><\/div>\n<\/p><\/div>\n<\/p><\/div>\n<\/p><\/div>\n<p><script async src=\"\/\/www.instagram.com\/embed.js\"><\/script><br \/>\n<br \/><br \/>\n<br \/>Fonte: <a href=\"https:\/\/rollingstone.com.br\/musica\/festival-psica-anuncia-lineup-de-2025-com-martinho-da-vila-luedji-luna-ajuliacosta-e-urias\/\">rollingstone.com.br<\/a><\/p>\n","protected":false},"excerpt":{"rendered":"<p>O Festival Psica 2025 anunciou seu lineup completo com mais de 70 atra\u00e7\u00f5es para a edi\u00e7\u00e3o O Retorno da Dourada, que acontece de 12 a 14 de dezembro em Bel\u00e9m. A grande homenageada desta edi\u00e7\u00e3o \u00e9 Dona Onete, que aos 86 anos se apresenta pela primeira vez como headliner de um festival deste porte. A [&hellip;]<\/p>\n","protected":false},"author":5,"featured_media":42768,"comment_status":"open","ping_status":"open","sticky":false,"template":"","format":"standard","meta":{"_seopress_robots_primary_cat":"","_seopress_titles_title":"","_seopress_titles_desc":"","_seopress_robots_index":"","footnotes":""},"categories":[51],"tags":[],"class_list":["post-42767","post","type-post","status-publish","format-standard","has-post-thumbnail","hentry","category-musica"],"_links":{"self":[{"href":"https:\/\/mussicom.com\/noticias\/wp-json\/wp\/v2\/posts\/42767","targetHints":{"allow":["GET"]}}],"collection":[{"href":"https:\/\/mussicom.com\/noticias\/wp-json\/wp\/v2\/posts"}],"about":[{"href":"https:\/\/mussicom.com\/noticias\/wp-json\/wp\/v2\/types\/post"}],"author":[{"embeddable":true,"href":"https:\/\/mussicom.com\/noticias\/wp-json\/wp\/v2\/users\/5"}],"replies":[{"embeddable":true,"href":"https:\/\/mussicom.com\/noticias\/wp-json\/wp\/v2\/comments?post=42767"}],"version-history":[{"count":0,"href":"https:\/\/mussicom.com\/noticias\/wp-json\/wp\/v2\/posts\/42767\/revisions"}],"wp:featuredmedia":[{"embeddable":true,"href":"https:\/\/mussicom.com\/noticias\/wp-json\/wp\/v2\/media\/42768"}],"wp:attachment":[{"href":"https:\/\/mussicom.com\/noticias\/wp-json\/wp\/v2\/media?parent=42767"}],"wp:term":[{"taxonomy":"category","embeddable":true,"href":"https:\/\/mussicom.com\/noticias\/wp-json\/wp\/v2\/categories?post=42767"},{"taxonomy":"post_tag","embeddable":true,"href":"https:\/\/mussicom.com\/noticias\/wp-json\/wp\/v2\/tags?post=42767"}],"curies":[{"name":"wp","href":"https:\/\/api.w.org\/{rel}","templated":true}]}}