{"id":42753,"date":"2025-09-09T13:23:44","date_gmt":"2025-09-09T16:23:44","guid":{"rendered":"https:\/\/mussicom.com\/exportacoes-brasileiras-de-soja-batem-recorde-em-2025\/"},"modified":"2025-09-09T13:23:44","modified_gmt":"2025-09-09T16:23:44","slug":"exportacoes-brasileiras-de-soja-batem-recorde-em-2025","status":"publish","type":"post","link":"https:\/\/mussicom.com\/noticias\/exportacoes-brasileiras-de-soja-batem-recorde-em-2025\/","title":{"rendered":"Exporta\u00e7\u00f5es brasileiras de soja batem recorde em 2025"},"content":{"rendered":"<p> <br \/>\n<\/p>\n<div>\n<div class=\"row\">\n<div class=\"col-lg col-infos mt-0 mt-lg-0\">\n<div class=\"section-sub-title\">\n<p itemprop=\"description\">&#13;<br \/>\n                                Demanda da China impulsiona soja brasileira&#13;\n                            <\/p>\n<\/p><\/div>\n<div class=\"container\">\n<div class=\"row\">\n<div class=\"col-lg p-0\">\n<div>\n<div class=\"block-news-main-infos mt-3 text-start\">\n<p>                                            <strong class=\"fn\" itemprop=\"author\" style=\"color: rgb(112, 112, 112); \">&#13;<br \/>\n                                                Agrolink&#13;<br \/>\n&#13;<br \/>\n                                                    &#8211; Seane Lennon&#13;<br \/>\n&#13;<br \/>\n                                            <\/strong><br \/>\n                                        <\/p>\n<p>                                            <abbr><time datetime=\"2025 - 09 - 09T12:41\" itemprop=\"datePublished dateModified\"> Publicado em 09\/09\/2025 \u00e0s 12:41h.<\/time><\/abbr>\n                                    <\/div>\n<\/p><\/div>\n<\/p><\/div>\n<div class=\"col-lg p-0 text-lg-end\">\n<div>\n<div id=\"mdEnviarPagina\" class=\"modal fade\" role=\"dialog\">\n<div class=\"modal-dialog\">\n<div class=\"modal-content\">\n<div class=\"modal-body\">\n<p><strong>Estimado usu\u00e1rio.<\/strong><br \/>Preencha o formul\u00e1rio abaixo para remeter a p\u00e1gina.<\/p>\n<\/p><\/div>\n<\/p><\/div>\n<\/p><\/div>\n<\/div><\/div>\n<\/p><\/div>\n<\/p><\/div>\n<\/p><\/div>\n<\/p><\/div>\n<\/p><\/div>\n<div class=\"row justify-content-md-center mt-3\">\n<div class=\"col-lg-auto col-image block-news-main-image\">\n<p>                                <br \/>\n                                                <span class=\"publicity-photo d-block mt-1\">Foto: Pixabay<\/span><\/p><\/div>\n<\/p><\/div>\n<div class=\"section-description section-description-noticias mt-3\">\n<p style=\"text-align:justify\">Segundo a an\u00e1lise semanal do Imea, divulgada nesta segunda-feira (8) com base em dados da Secex, as exporta\u00e7\u00f5es brasileiras de soja atingiram recorde em 2025. \u201cO acumulado at\u00e9 agosto totalizou 86,54 milh\u00f5es de toneladas, incremento de 3,72% em rela\u00e7\u00e3o ao mesmo per\u00edodo de 2024\u201d, informou o instituto.&#13;\n<\/p>\n<p style=\"text-align:justify\">Apesar da queda de 23,81% frente a julho, os 9,34 milh\u00f5es de toneladas embarcados em agosto representaram \u201co maior volume da s\u00e9rie hist\u00f3rica para o m\u00eas, aumento de 16,13% em rela\u00e7\u00e3o a agosto de 2024\u201d, destacou a an\u00e1lise. O desempenho foi atribu\u00eddo \u00e0 demanda da China, que, em meio \u00e0 disputa comercial com os Estados Unidos, \u201cmanteve o foco na soja brasileira\u201d.&#13;\n<\/p>\n<p style=\"text-align:justify\">Em Mato Grosso, tamb\u00e9m foi registrado recorde em agosto, com 1,25 milh\u00e3o de toneladas exportadas, avan\u00e7o de 118,08% em compara\u00e7\u00e3o com agosto de 2024. \u201cNo acumulado de janeiro a agosto de 2025, o estado embarcou 27,89 milh\u00f5es de toneladas, superando as 24,73 milh\u00f5es de toneladas exportadas em todo o ano de 2024\u201d, apontou o Imea. Sobre o destino da soja mato-grossense, a China respondeu por 82,40% das exporta\u00e7\u00f5es do estado em agosto. \u201cNo acumulado de 2025, as compras chinesas somaram 19,14 milh\u00f5es de toneladas, volume 33,41% superior ao registrado entre janeiro e agosto de 2024\u201d, concluiu o instituto.<br \/>&#13;<br \/>\n\u00a0&#13;\n<\/p>\n<\/p><\/div>\n<\/p><\/div>\n<p><script data-cfasync=\"false\">\n    !function (f, b, e, v, n, t, s) {\n        if (f.fbq) return; n = f.fbq = function () {\n            n.callMethod ?\n                n.callMethod.apply(n, arguments) : n.queue.push(arguments)\n        };\n        if (!f._fbq) f._fbq = n; n.push = n; n.loaded = !0; n.version = '2.0';\n        n.queue = []; t = b.createElement(e); t.async = !0;\n        t.src = v; s = b.getElementsByTagName(e)[0];\n        s.parentNode.insertBefore(t, s)\n    }(window, document, 'script',\n        'https:\/\/connect.facebook.net\/en_US\/fbevents.js');\n    fbq('init', '522546078623747');\n    fbq('track', 'PageView');\n<\/script><br \/>\n<br \/><br \/>\n<br \/>Fonte: <a href=\"https:\/\/www.agrolink.com.br\/noticias\/exportacoes-brasileiras-de-soja-batem-recorde-em-2025_505802.html\">AGROLINK<\/a><\/p>\n","protected":false},"excerpt":{"rendered":"<p>&#13; Demanda da China impulsiona soja brasileira&#13; &#13; Agrolink&#13; &#13; &#8211; Seane Lennon&#13; &#13; Publicado em 09\/09\/2025 \u00e0s 12:41h. Estimado usu\u00e1rio.Preencha o formul\u00e1rio abaixo para remeter a p\u00e1gina. Foto: Pixabay Segundo a an\u00e1lise semanal do Imea, divulgada nesta segunda-feira (8) com base em dados da Secex, as exporta\u00e7\u00f5es brasileiras de soja atingiram recorde em 2025. [&hellip;]<\/p>\n","protected":false},"author":5,"featured_media":34729,"comment_status":"open","ping_status":"open","sticky":false,"template":"","format":"standard","meta":{"_seopress_robots_primary_cat":"","_seopress_titles_title":"","_seopress_titles_desc":"","_seopress_robots_index":"","footnotes":""},"categories":[53],"tags":[],"class_list":["post-42753","post","type-post","status-publish","format-standard","has-post-thumbnail","hentry","category-agronegocio"],"_links":{"self":[{"href":"https:\/\/mussicom.com\/noticias\/wp-json\/wp\/v2\/posts\/42753","targetHints":{"allow":["GET"]}}],"collection":[{"href":"https:\/\/mussicom.com\/noticias\/wp-json\/wp\/v2\/posts"}],"about":[{"href":"https:\/\/mussicom.com\/noticias\/wp-json\/wp\/v2\/types\/post"}],"author":[{"embeddable":true,"href":"https:\/\/mussicom.com\/noticias\/wp-json\/wp\/v2\/users\/5"}],"replies":[{"embeddable":true,"href":"https:\/\/mussicom.com\/noticias\/wp-json\/wp\/v2\/comments?post=42753"}],"version-history":[{"count":0,"href":"https:\/\/mussicom.com\/noticias\/wp-json\/wp\/v2\/posts\/42753\/revisions"}],"wp:featuredmedia":[{"embeddable":true,"href":"https:\/\/mussicom.com\/noticias\/wp-json\/wp\/v2\/media\/34729"}],"wp:attachment":[{"href":"https:\/\/mussicom.com\/noticias\/wp-json\/wp\/v2\/media?parent=42753"}],"wp:term":[{"taxonomy":"category","embeddable":true,"href":"https:\/\/mussicom.com\/noticias\/wp-json\/wp\/v2\/categories?post=42753"},{"taxonomy":"post_tag","embeddable":true,"href":"https:\/\/mussicom.com\/noticias\/wp-json\/wp\/v2\/tags?post=42753"}],"curies":[{"name":"wp","href":"https:\/\/api.w.org\/{rel}","templated":true}]}}