{"id":42731,"date":"2025-09-09T11:34:19","date_gmt":"2025-09-09T14:34:19","guid":{"rendered":"https:\/\/mussicom.com\/banco-desliga-mil-funcionarios-apos-monitorar-home-office\/"},"modified":"2025-09-09T11:34:19","modified_gmt":"2025-09-09T14:34:19","slug":"banco-desliga-mil-funcionarios-apos-monitorar-home-office","status":"publish","type":"post","link":"https:\/\/mussicom.com\/noticias\/banco-desliga-mil-funcionarios-apos-monitorar-home-office\/","title":{"rendered":"banco desliga mil funcion\u00e1rios ap\u00f3s monitorar home office"},"content":{"rendered":"<p> <br \/>\n<\/p>\n<div>\n<p class=\"postParagraph_post-paragraph__juWZN\">Cerca de mil funcion\u00e1rios do Ita\u00fa Unibanco foram demitidos na segunda-feira (8). As demiss\u00f5es, confirmadas pelo banco e pelo Sindicato dos Banc\u00e1rios de S\u00e3o Paulo, Osasco e Regi\u00e3o, atingiram trabalhadores de v\u00e1rios setores e aconteceram em meio a um processo de revis\u00e3o de condutas relacionadas ao trabalho remoto e ao registro de jornada.<\/p>\n<p class=\"postParagraph_post-paragraph__juWZN\">O banco alegou que o motivo das dispensas foi a detec\u00e7\u00e3o de incompatibilidade entre o registro de ponto eletr\u00f4nico e a atividade real monitorada durante o home office. \u201cEm alguns casos, foram identificados padr\u00f5es incompat\u00edveis com nossos princ\u00edpios de confian\u00e7a, que s\u00e3o inegoci\u00e1veis para o banco\u201d, declarou em nota o banco.<\/p>\n<p class=\"postParagraph_post-paragraph__juWZN\">O Ita\u00fa realizou acompanhamento das atividades dos funcion\u00e1rios em computadores e plataformas internas nos \u00faltimos seis meses, verificando dados como n\u00famero de cliques, abas abertas, uso de sistemas e inclus\u00e3o de tarefas.<\/p>\n<p class=\"postParagraph_post-paragraph__juWZN\">O Sindicato dos Banc\u00e1rios criticou o corte em massa. \u201cConsideramos esse crit\u00e9rio extremamente question\u00e1vel, j\u00e1 que n\u00e3o leva em conta a complexidade do trabalho banc\u00e1rio remoto, poss\u00edveis falhas t\u00e9cnicas, contextos de sa\u00fade, sobrecarga, ou mesmo a pr\u00f3pria organiza\u00e7\u00e3o do trabalho pelas equipes\u201d, avaliou o diretor do Sindicato, Maikon Azzi.<\/p>\n<p class=\"postParagraph_post-paragraph__juWZN\">O sindicato tamb\u00e9m afirmou que n\u00e3o foi consultado sobre alternativas para realoca\u00e7\u00e3o dos trabalhadores e anunciou que ir\u00e1 intensificar os protestos e exigir di\u00e1logo com o banco. \u201cForam dispensas em massa, realizadas de forma unilateral, sem transpar\u00eancia e sem respeito aos princ\u00edpios de negocia\u00e7\u00e3o e media\u00e7\u00e3o\u201d, citou o sindicalista. O Ita\u00fa Unibanco \u00e9 o maior banco privado da Am\u00e9rica Latina em ativos e emprega cerca de 100 mil pessoas no Brasil e exterior.<\/p>\n<\/div>\n<p><br \/>\n<br \/>Fonte: <a href=\"https:\/\/www.gazetadopovo.com.br\/economia\/demissoes-itau-monitoramento-home-office\/\">Gazeta do Povo<\/a><\/p>\n","protected":false},"excerpt":{"rendered":"<p>Cerca de mil funcion\u00e1rios do Ita\u00fa Unibanco foram demitidos na segunda-feira (8). As demiss\u00f5es, confirmadas pelo banco e pelo Sindicato dos Banc\u00e1rios de S\u00e3o Paulo, Osasco e Regi\u00e3o, atingiram trabalhadores de v\u00e1rios setores e aconteceram em meio a um processo de revis\u00e3o de condutas relacionadas ao trabalho remoto e ao registro de jornada. O banco [&hellip;]<\/p>\n","protected":false},"author":5,"featured_media":42732,"comment_status":"open","ping_status":"open","sticky":false,"template":"","format":"standard","meta":{"_seopress_robots_primary_cat":"","_seopress_titles_title":"","_seopress_titles_desc":"","_seopress_robots_index":"","footnotes":""},"categories":[45],"tags":[],"class_list":["post-42731","post","type-post","status-publish","format-standard","has-post-thumbnail","hentry","category-economia"],"_links":{"self":[{"href":"https:\/\/mussicom.com\/noticias\/wp-json\/wp\/v2\/posts\/42731","targetHints":{"allow":["GET"]}}],"collection":[{"href":"https:\/\/mussicom.com\/noticias\/wp-json\/wp\/v2\/posts"}],"about":[{"href":"https:\/\/mussicom.com\/noticias\/wp-json\/wp\/v2\/types\/post"}],"author":[{"embeddable":true,"href":"https:\/\/mussicom.com\/noticias\/wp-json\/wp\/v2\/users\/5"}],"replies":[{"embeddable":true,"href":"https:\/\/mussicom.com\/noticias\/wp-json\/wp\/v2\/comments?post=42731"}],"version-history":[{"count":0,"href":"https:\/\/mussicom.com\/noticias\/wp-json\/wp\/v2\/posts\/42731\/revisions"}],"wp:featuredmedia":[{"embeddable":true,"href":"https:\/\/mussicom.com\/noticias\/wp-json\/wp\/v2\/media\/42732"}],"wp:attachment":[{"href":"https:\/\/mussicom.com\/noticias\/wp-json\/wp\/v2\/media?parent=42731"}],"wp:term":[{"taxonomy":"category","embeddable":true,"href":"https:\/\/mussicom.com\/noticias\/wp-json\/wp\/v2\/categories?post=42731"},{"taxonomy":"post_tag","embeddable":true,"href":"https:\/\/mussicom.com\/noticias\/wp-json\/wp\/v2\/tags?post=42731"}],"curies":[{"name":"wp","href":"https:\/\/api.w.org\/{rel}","templated":true}]}}