{"id":42717,"date":"2025-09-09T10:31:18","date_gmt":"2025-09-09T13:31:18","guid":{"rendered":"https:\/\/mussicom.com\/maduro-antecipa-novamente-o-natal-na-venezuela\/"},"modified":"2025-09-09T10:31:18","modified_gmt":"2025-09-09T13:31:18","slug":"maduro-antecipa-novamente-o-natal-na-venezuela","status":"publish","type":"post","link":"https:\/\/mussicom.com\/noticias\/maduro-antecipa-novamente-o-natal-na-venezuela\/","title":{"rendered":"Maduro antecipa novamente o Natal na Venezuela"},"content":{"rendered":"<p> <br \/>\n<\/p>\n<div>\n<p class=\"postParagraph_post-paragraph__juWZN\">O regime do ditador Nicol\u00e1s Maduro decidiu \u201cantecipar\u201d novamente o Natal na Venezuela.<\/p>\n<p class=\"postParagraph_post-paragraph-innerHtml__Q5vwc\">Em pronunciamento na noite desta segunda-feira (8), transmitido pela emissora estatal <em>VTV<\/em>, o l\u00edder chavista decretou que as celebra\u00e7\u00f5es natalinas ter\u00e3o in\u00edcio j\u00e1 em 1\u00ba de outubro, em meio \u00e0 crescente tens\u00e3o com os Estados Unidos pela mobiliza\u00e7\u00e3o de navios militares americanos no Caribe.<\/p>\n<p class=\"postParagraph_post-paragraph__juWZN\">\u201cVamos aplicar a f\u00f3rmula de outros anos, que nos saiu muito bem, para a economia, para a cultura, para a alegria, a felicidade, e vamos decretar (que) a partir de 1\u00ba de outubro o Natal na Venezuela come\u00e7a outra vez, neste ano tamb\u00e9m\u201d, disse Maduro em seu programa semanal de televis\u00e3o.<\/p>\n<p class=\"postParagraph_post-paragraph__juWZN\">O governante justificou a decis\u00e3o como uma forma de defender \u201co direito \u00e0 felicidade, \u00e0 alegria\u201d da popula\u00e7\u00e3o, mesmo em meio \u00e0s dificuldades econ\u00f4micas e ao isolamento pol\u00edtico do pa\u00eds.<\/p>\n<p class=\"postParagraph_post-paragraph__juWZN\">\u201cDas dificuldades surgiu o melhor de n\u00f3s, a capacidade de nos refazer e de nos reconstruir e de nos fazer de novo\u201d, acrescentou.<\/p>\n<p class=\"postParagraph_post-paragraph__juWZN\">Segundo Maduro, 2025 teria sido \u201cum ano bom\u201d e \u201cbonito\u201d para o pa\u00eds, com avan\u00e7os em v\u00e1rias \u00e1reas. A fala contrasta com os indicadores internacionais, que apontam crise humanit\u00e1ria, \u00eaxodo migrat\u00f3rio e recess\u00e3o econ\u00f4mica sob o regime socialista, bem como a intensifica\u00e7\u00e3o da persegui\u00e7\u00e3o e tortura contra opositores.<\/p>\n<p class=\"postParagraph_post-paragraph__juWZN\">A antecipa\u00e7\u00e3o do natal n\u00e3o \u00e9 um ato in\u00e9dito de Maduro. Em setembro do ano passado, o ditador chavista tamb\u00e9m declarou o in\u00edcio precoce do Natal, dizendo que era uma \u201chomenagem\u201d e um \u201cagradecimento\u201d aos venezuelanos ap\u00f3s as elei\u00e7\u00f5es presidenciais de julho de 2024 &#8211; pleito marcado por den\u00fancias de fraude feitas pela oposi\u00e7\u00e3o, que, segundo relat\u00f3rios de democracias ocidentais, foi a verdadeira vencedora daquela elei\u00e7\u00e3o.<\/p>\n<\/div>\n<p><br \/>\n<br \/>Fonte: <a href=\"https:\/\/www.gazetadopovo.com.br\/mundo\/sob-mira-dos-eua-maduro-antecipa-novamente-o-natal-na-venezuela\/\">Revista Oeste<\/a><\/p>\n","protected":false},"excerpt":{"rendered":"<p>O regime do ditador Nicol\u00e1s Maduro decidiu \u201cantecipar\u201d novamente o Natal na Venezuela. Em pronunciamento na noite desta segunda-feira (8), transmitido pela emissora estatal VTV, o l\u00edder chavista decretou que as celebra\u00e7\u00f5es natalinas ter\u00e3o in\u00edcio j\u00e1 em 1\u00ba de outubro, em meio \u00e0 crescente tens\u00e3o com os Estados Unidos pela mobiliza\u00e7\u00e3o de navios militares americanos [&hellip;]<\/p>\n","protected":false},"author":5,"featured_media":41246,"comment_status":"open","ping_status":"open","sticky":false,"template":"","format":"standard","meta":{"_seopress_robots_primary_cat":"","_seopress_titles_title":"","_seopress_titles_desc":"","_seopress_robots_index":"","footnotes":""},"categories":[48],"tags":[],"class_list":["post-42717","post","type-post","status-publish","format-standard","has-post-thumbnail","hentry","category-internacional"],"_links":{"self":[{"href":"https:\/\/mussicom.com\/noticias\/wp-json\/wp\/v2\/posts\/42717","targetHints":{"allow":["GET"]}}],"collection":[{"href":"https:\/\/mussicom.com\/noticias\/wp-json\/wp\/v2\/posts"}],"about":[{"href":"https:\/\/mussicom.com\/noticias\/wp-json\/wp\/v2\/types\/post"}],"author":[{"embeddable":true,"href":"https:\/\/mussicom.com\/noticias\/wp-json\/wp\/v2\/users\/5"}],"replies":[{"embeddable":true,"href":"https:\/\/mussicom.com\/noticias\/wp-json\/wp\/v2\/comments?post=42717"}],"version-history":[{"count":0,"href":"https:\/\/mussicom.com\/noticias\/wp-json\/wp\/v2\/posts\/42717\/revisions"}],"wp:featuredmedia":[{"embeddable":true,"href":"https:\/\/mussicom.com\/noticias\/wp-json\/wp\/v2\/media\/41246"}],"wp:attachment":[{"href":"https:\/\/mussicom.com\/noticias\/wp-json\/wp\/v2\/media?parent=42717"}],"wp:term":[{"taxonomy":"category","embeddable":true,"href":"https:\/\/mussicom.com\/noticias\/wp-json\/wp\/v2\/categories?post=42717"},{"taxonomy":"post_tag","embeddable":true,"href":"https:\/\/mussicom.com\/noticias\/wp-json\/wp\/v2\/tags?post=42717"}],"curies":[{"name":"wp","href":"https:\/\/api.w.org\/{rel}","templated":true}]}}