{"id":42590,"date":"2025-09-08T17:58:19","date_gmt":"2025-09-08T20:58:19","guid":{"rendered":"https:\/\/mussicom.com\/tarcisio-emerge-lider-da-anistia-e-stf-encara-as-ruas-e-os-eua\/"},"modified":"2025-09-08T17:58:19","modified_gmt":"2025-09-08T20:58:19","slug":"tarcisio-emerge-lider-da-anistia-e-stf-encara-as-ruas-e-os-eua","status":"publish","type":"post","link":"https:\/\/mussicom.com\/noticias\/tarcisio-emerge-lider-da-anistia-e-stf-encara-as-ruas-e-os-eua\/","title":{"rendered":"Tarc\u00edsio emerge l\u00edder da anistia e STF encara as ruas e os EUA"},"content":{"rendered":"<p> <br \/>\n<\/p>\n<div>\n<p class=\"postParagraph_post-paragraph-innerHtml__Q5vwc\">Diante de dezenas de milhares de manifestantes que lotaram boa parte da Avenida Paulista neste Sete de Setembro, em ato pela anistia dos r\u00e9us do 8 de janeiro e pelo impeachment do ministro Alexandre de Moraes, do Supremo Tribunal Federal (STF), o governador de S\u00e3o Paulo, Tarc\u00edsio de Freitas (Republicanos), fez o firme discurso contra \u201cos abusos da ditadura de toga\u201d.<\/p>\n<p class=\"postParagraph_post-paragraph__juWZN\">\u201cO que disse traduz o sentimento da popula\u00e7\u00e3o\u201d, justificou Tarc\u00edsio. Sua fala consolidou um novo e incisivo posicionamento sobre a anistia, maior pauta da direita, que tem ganhado apoio do centro at\u00e9 antes do julgamento do ex-presidente Jair Bolsonaro (PL) na Primeira Turma do STF, iniciado na semana passada. O veredicto pela suposta trama golpista para o ex-mandat\u00e1rio \u00e9 esperado para sexta-feira (12).<\/p>\n<p class=\"postParagraph_post-paragraph__juWZN\">Alguns analistas procuraram explorar preju\u00edzos a Tarc\u00edsio por ter subido o tom contra o STF, com eventual perda de interlocu\u00e7\u00e3o com magistrados da Corte. Mas a maioria entende que a sua cobran\u00e7a pela vota\u00e7\u00e3o da anistia e a sua cr\u00edtica contra Moraes refletem uma tomada de decis\u00e3o pol\u00edtica diante da crise que mobiliza Congresso, ruas e at\u00e9 o governo dos Estados Unidos.<\/p>\n<p class=\"postParagraph_post-paragraph-innerHtml__Q5vwc\">O governo do presidente Luiz In\u00e1cio Lula da Silva (PT), aliados e at\u00e9 ministros do STF reagiram de imediato. \u201cN\u00e3o h\u00e1 ditadura da toga, tampouco ministros tiranos\u201d, protestou o ministro Gilmar Mendes, do STF. A quest\u00e3o tamb\u00e9m foi comentada pelo presidente da Corte, ministro Lu\u00eds Roberto Barroso. O magistrado afirmou que, ao contr\u00e1rio da ditadura marcada pela falta de transpar\u00eancia, os julgamentos atuais ocorrem de forma p\u00fablica e &#8220;refletem a realidade&#8221;, ainda que a imagem desagrade a alguns.<\/p>\n<p class=\"postParagraph_post-paragraph-innerHtml__Q5vwc\">J\u00e1 o l\u00edder do PT na C\u00e2mara, Lindbergh Farias (RJ), afirmou que Tarc\u00edsio fez um &#8220;ataque frontal ao STF, que pode configurar coa\u00e7\u00e3o no curso do processo&#8221;. Al\u00e9m deles, o ministro da Fazenda, Fernando Haddad, j\u00e1 havia dito: \u201ccaiu a m\u00e1scara\u201d do governador.<\/p>\n<div class=\"postViewMore_post-view-more-container___5wai\" data-mrf-recirculation=\"Post - Veja tamb\u00e9m\">\n<p class=\"gp-styles-module-size-small-afeYRa gp-styles-module-font-family2-afeYRa gp-styles-module-color-secondary-afeYRa gp-styles-module-weight-bold-afeYRa\">VEJA TAMB\u00c9M:<\/p>\n<ul class=\"postViewMore_post-view-more-list__CU_CE\">\n<li class=\"postViewMore_post-view-more-item__2MzRb\">\n<div class=\"postViewMore_post-view-more-image__5gUSe\"><picture class=\"imageDefault_image-container__XGd8_\"><\/picture><\/div>\n<p>Voto de Fux pode abrir margem para recursos e at\u00e9 anula\u00e7\u00e3o do julgamento de Bolsonaro no STF<\/li>\n<li class=\"postViewMore_post-view-more-item__2MzRb\">\n<div class=\"postViewMore_post-view-more-image__5gUSe\"><picture class=\"imageDefault_image-container__XGd8_\"><img decoding=\"async\" class=\"imageDefault_image-item__lU2Dk\" src=\"https:\/\/media.gazetadopovo.com.br\/2025\/09\/08152834\/luis-roberto-barroso-discurso-abl-foto-reproducao-abl-380x214.jpg.webp\" alt=\"Lu\u00eds Roberto Barroso\" width=\"72\" height=\"72\"\/><\/picture><\/div>\n<p>Barroso critica falas de Tarc\u00edsio no 7\/9 sobre tirania de Moraes<\/li>\n<\/ul>\n<\/div>\n<h2 class=\"postParagraph_post-paragraph__juWZN postParagraph_type-tag-h2__TtFkT\">Ju\u00edzes do STF ausentes em cerim\u00f4nia com Lula enquanto Tarc\u00edsio critica Moraes<\/h2>\n<p class=\"postParagraph_post-paragraph-innerHtml__Q5vwc\">Com o lema \u201cReaja Brasil: o medo acabou\u201d, o ato organizado pelo pastor Silas Malafaia focou na anistia e nas cr\u00edticas a Moraes, pautas apoiadas por Tarc\u00edsio inteiramente. Interrompido no discurso com gritos do p\u00fablico de \u201cfora, Moraes\u201d, o governador respondeu: \u201cNingu\u00e9m aguenta mais a tirania de um ministro como Moraes\u201d, deixando claro seu alvo principal.<\/p>\n<p class=\"postParagraph_post-paragraph__juWZN\">O governador contestou as provas contra Bolsonaro, chamou de \u201cmentirosa\u201d a dela\u00e7\u00e3o de Mauro Cid sobre o 8 de janeiro e defendeu anistia irrestrita. Ele cobrou do presidente da C\u00e2mara, Hugo Motta (Republicanos-PB), a vota\u00e7\u00e3o imediata da pauta e disse que Bolsonaro \u201c\u00e9 o \u00fanico candidato de 2026\u201d. Encerrou avisando: \u201cN\u00e3o vamos aceitar a ditadura de um poder sobre o outro, nem que um ditador paute o que devemos fazer\u201d.<\/p>\n<p class=\"postParagraph_post-paragraph__juWZN\">Mais cedo, em Bras\u00edlia, chamou aten\u00e7\u00e3o a aus\u00eancia de ministros do STF no palanque do desfile militar e na cerim\u00f4nia oficial do 7 de Setembro, ao lado do presidente da Rep\u00fablica, apesar de convidados. O gesto, considerado raro, foi lido como sinal de independ\u00eancia do Judici\u00e1rio ou escolha calculada para evitar novas tens\u00f5es institucionais.<\/p>\n<p class=\"postParagraph_post-paragraph-innerHtml__Q5vwc\">A solenidade, que teve como mote a defesa da soberania, contou com ministros de Estado, autoridades militares e representantes do Legislativo, como o presidente da C\u00e2mara, Hugo Motta (Republicanos-PB). O presidente do Senado, Davi Alcolumbre (Uni\u00e3o-AP), estava ausente. Tradicionalmente, ministros do STF marcam presen\u00e7a, como no ano passado, quando Moraes, Barroso e Edson Fachin participaram, o que refor\u00e7a o car\u00e1ter excepcional da aus\u00eancia coletiva neste ano.<\/p>\n<h2 class=\"postParagraph_post-paragraph__juWZN postParagraph_type-tag-h2__TtFkT\">Especialistas veem STF enfraquecido e Lula amea\u00e7ado pelo Congresso<\/h2>\n<p class=\"postParagraph_post-paragraph__juWZN\">O professor de Ci\u00eancia Pol\u00edtica Adriano Cerqueira, do Ibmec-BH, avalia que Tarc\u00edsio se firmou como candidato natural da alian\u00e7a entre direita e centro-direita em 2026, sem pressa para oficializar. No ato da Paulista, sob a emo\u00e7\u00e3o de discursos de Michelle Bolsonaro e Silas Malafaia, deu nova prova de lealdade com cr\u00edtica ao STF e proximidade ao eleitor fiel de Bolsonaro.<\/p>\n<p class=\"postParagraph_post-paragraph__juWZN\">Segundo Cerqueira, a postura de Tarc\u00edsio ainda exp\u00f4s o enfraquecimento do governo e da Suprema Corte, enquanto a anistia ganha for\u00e7a no Congresso e o acordo entre PL e Centr\u00e3o se consolida.<\/p>\n<p class=\"postParagraph_post-paragraph__juWZN\">O senador Ciro Nogueira (PI), presidente do PP, avisou que quem aposta no racha no campo conservador \u201cpode tirar o cavalo da chuva\u201d. \u201cVamos tirar a esquerda do poder\u201d, promete.<\/p>\n<p class=\"postParagraph_post-paragraph-innerHtml__Q5vwc\">Para Leonardo Barreto, da <em>Think Policy,<\/em> o 7 de Setembro serviu \u00e0 guinada de Tarc\u00edsio, que deixou de vez a imagem de moderado ao chamar Moraes de \u201cditador\u201d, ocupando o posto de sucessor de Bolsonaro como l\u00edder da direita e da luta pela anistia. O especialista v\u00ea o Centr\u00e3o jogar com o risco dessa iniciativa ser barrada pelo STF para desgastar Lula e parar vota\u00e7\u00f5es cruciais no Congresso.<\/p>\n<p class=\"postParagraph_post-paragraph__juWZN\">\u201cNesse c\u00e1lculo, a pauta da anistia serve para unir direita e centro-direita, resgatando a ret\u00f3rica antissistema de 2018. O Centr\u00e3o, sem lealdades fixas, v\u00ea vantagem em inflamar o conflito sem crer na volta de Bolsonaro \u00e0s urnas. J\u00e1 Lula, ao radicalizar medidas populistas, instiga rea\u00e7\u00f5es fortes da oposi\u00e7\u00e3o, exp\u00f5e dilemas institucionais e define rumos da disputa de 2026\u201d, avaliou.<\/p>\n<h2 class=\"postParagraph_post-paragraph__juWZN postParagraph_type-tag-h2__TtFkT\">Davi Alcolumbre e STF ainda s\u00e3o as maiores barreiras contra a anistia geral<\/h2>\n<p class=\"postParagraph_post-paragraph__juWZN\">Nas redes sociais e nos palanques dos atos de 7 de Setembro, pol\u00edticos conservadores refor\u00e7aram a pauta da anistia e ataques ao STF. Em Copacabana, Fl\u00e1vio Bolsonaro (PL-RJ) afirmou que a Corte deve \u201centregar a cabe\u00e7a de Alexandre de Moraes na bandeja\u201d e disse que a anistia deve incluir o seu pai. O deputado Mario Frias (PL-SP) declarou que \u201c[Jair] Bolsonaro n\u00e3o cometeu crime. Elei\u00e7\u00e3o sem Bolsonaro \u00e9 golpe\u201d. J\u00e1 a colega Bia Kicis (PL-DF) afirmou: \u201cSomos a voz do Bolsonaro. Somos o ex\u00e9rcito da liberdade e justi\u00e7a\u201d.<\/p>\n<p class=\"postParagraph_post-paragraph__juWZN\">Na Avenida Paulista, o l\u00edder do PL na C\u00e2mara, S\u00f3stenes Cavalcante (RJ), acusou Moraes de violar direitos humanos e anunciou 41 assinaturas para impeachment no Senado, pedindo seu afastamento imediato. Em Goi\u00e2nia, o deputado Gustavo Gayer (PL-GO) defendeu anistia \u201ctotal, ampla e irrestrita\u201d, com falas tamb\u00e9m em ingl\u00eas.<\/p>\n<p class=\"postParagraph_post-paragraph__juWZN\">O diretor-geral do Ranking dos Pol\u00edticos, Juan Carlos Arruda, lembra que a anistia ampla defendida pelo PL, que inclui Bolsonaro, ainda encontra forte resist\u00eancia, sobretudo do presidente do Senado, Davi Alcolumbre (Uni\u00e3o-AP), e de ministros do STF. \u201cEnquanto Alcolumbre busca vers\u00e3o restrita a r\u00e9us do 8 de janeiro, o PT promete levar tudo ao crivo do tribunal\u201d, disse.<\/p>\n<p class=\"postParagraph_post-paragraph__juWZN\">O governo adota cautela, temendo novos choques com o Legislativo, com o l\u00edder do PT na C\u00e2mara, Lindbergh Farias (RJ), avisando que Lula vetar\u00e1 uma aprova\u00e7\u00e3o. \u201cO impasse \u00e9 teste de for\u00e7as: direita quer o perd\u00e3o amplo, Alcolumbre e Centr\u00e3o defendem limites, e STF e governo acompanham tudo atentos. O desfecho mudar\u00e1 o equil\u00edbrio entre os poderes\u201d, avaliou Arruda.<\/p>\n<h2 class=\"postParagraph_post-paragraph__juWZN postParagraph_type-tag-h2__TtFkT\">Bandeira dos EUA refor\u00e7a elo com Casa Branca e refor\u00e7a discurso de Lula<\/h2>\n<p class=\"postParagraph_post-paragraph__juWZN\">Fortalecida pela ades\u00e3o popular, a oposi\u00e7\u00e3o insiste na anistia \u201campla, geral e irrestrita\u201d. J\u00e1 os governistas e a esquerda, que tentaram mobilizar bases no 7 de Setembro, mas ficaram longe do n\u00edvel de engajamento da direita, seguem explorando o discurso patri\u00f3tico, amparado nas rea\u00e7\u00f5es do governo do presidente americano Donald Trump contra o julgamento de Bolsonaro. Manifestantes da direita, contudo, fizeram quest\u00e3o de mostrar elo com a Casa Branca, em mensagens direcionadas ao exterior.<\/p>\n<p class=\"postParagraph_post-paragraph__juWZN\">O deputado Eduardo Bolsonaro (PL-SP) afirmou no X que a bandeira gigante dos EUA estendida em frente ao Museu de Arte Moderna (Masp), durante o ato em S\u00e3o Paulo, foi um agradecimento a Donald Trump. Em ingl\u00eas, disse que o gesto ocorreu em defesa da liberdade e contra Alexandre de Moraes, refor\u00e7ando no Instagram cartazes de apoio ao presidente americano.<\/p>\n<p class=\"postParagraph_post-paragraph__juWZN\">Eduardo marcou o perfil de Trump e compartilhou mensagem de Jason Miller, ex-estrategista da Casa Branca, destacando o \u201camor\u201d do Brasil pelo presidente dos EUA. Miller atacou o STF, chamando-o de \u201ccabe\u00e7a de cobra\u201d, e publicou foto de um \u201cEspetinho do Donald Trump\u201d, divulgado com a faixa \u201cSabor de Magnitsky\u201d, em refer\u00eancia \u00e0 lei americana de san\u00e7\u00f5es.<\/p>\n<p class=\"postParagraph_post-paragraph__juWZN\">Do outro lado, a ministra das Rela\u00e7\u00f5es Institucionais, Gleisi Hoffmann, afirmou que \u201cexaltamos a bandeira do Brasil\u201d, em compara\u00e7\u00e3o postada em suas redes sociais.<\/p>\n<p class=\"postParagraph_post-paragraph-innerHtml__Q5vwc\">A imprensa internacional destacou a mobiliza\u00e7\u00e3o dos eleitores e dos aliados de Bolsonaro, que promoveram atos em 25 capitais e no Distrito Federal. O jornal americano <em>The New York Times<\/em> destacou a profus\u00e3o de s\u00edmbolos dos EUA nos atos, mencionando a bandeira gigante na Avenida Paulista, camisetas com a imagem de Trump no Rio e m\u00e1scaras com o seu rosto usadas por manifestantes em Bras\u00edlia.<\/p>\n<p class=\"postParagraph_post-paragraph__juWZN\">Mas o organizador do ato, pastor Silas Malafaia, criticou a presen\u00e7a de s\u00edmbolos americanos, que afirmou n\u00e3o querer ver nos pr\u00f3ximos eventos.<\/p>\n<\/div>\n<p><br \/>\n<br \/>Fonte: <a href=\"https:\/\/www.gazetadopovo.com.br\/republica\/tarcisio-emerge-como-lider-da-luta-pela-anistia-enquanto-stf-sofre-pressao-das-ruas-e-eua\/\">Revista Oeste<\/a><\/p>\n","protected":false},"excerpt":{"rendered":"<p>Diante de dezenas de milhares de manifestantes que lotaram boa parte da Avenida Paulista neste Sete de Setembro, em ato pela anistia dos r\u00e9us do 8 de janeiro e pelo impeachment do ministro Alexandre de Moraes, do Supremo Tribunal Federal (STF), o governador de S\u00e3o Paulo, Tarc\u00edsio de Freitas (Republicanos), fez o firme discurso contra [&hellip;]<\/p>\n","protected":false},"author":5,"featured_media":42591,"comment_status":"open","ping_status":"open","sticky":false,"template":"","format":"standard","meta":{"_seopress_robots_primary_cat":"","_seopress_titles_title":"","_seopress_titles_desc":"","_seopress_robots_index":"","footnotes":""},"categories":[1],"tags":[],"class_list":["post-42590","post","type-post","status-publish","format-standard","has-post-thumbnail","hentry","category-ultimas-noticias"],"_links":{"self":[{"href":"https:\/\/mussicom.com\/noticias\/wp-json\/wp\/v2\/posts\/42590","targetHints":{"allow":["GET"]}}],"collection":[{"href":"https:\/\/mussicom.com\/noticias\/wp-json\/wp\/v2\/posts"}],"about":[{"href":"https:\/\/mussicom.com\/noticias\/wp-json\/wp\/v2\/types\/post"}],"author":[{"embeddable":true,"href":"https:\/\/mussicom.com\/noticias\/wp-json\/wp\/v2\/users\/5"}],"replies":[{"embeddable":true,"href":"https:\/\/mussicom.com\/noticias\/wp-json\/wp\/v2\/comments?post=42590"}],"version-history":[{"count":0,"href":"https:\/\/mussicom.com\/noticias\/wp-json\/wp\/v2\/posts\/42590\/revisions"}],"wp:featuredmedia":[{"embeddable":true,"href":"https:\/\/mussicom.com\/noticias\/wp-json\/wp\/v2\/media\/42591"}],"wp:attachment":[{"href":"https:\/\/mussicom.com\/noticias\/wp-json\/wp\/v2\/media?parent=42590"}],"wp:term":[{"taxonomy":"category","embeddable":true,"href":"https:\/\/mussicom.com\/noticias\/wp-json\/wp\/v2\/categories?post=42590"},{"taxonomy":"post_tag","embeddable":true,"href":"https:\/\/mussicom.com\/noticias\/wp-json\/wp\/v2\/tags?post=42590"}],"curies":[{"name":"wp","href":"https:\/\/api.w.org\/{rel}","templated":true}]}}