{"id":42518,"date":"2025-09-08T11:57:26","date_gmt":"2025-09-08T14:57:26","guid":{"rendered":"https:\/\/mussicom.com\/mercado-da-soja-recua-com-pressao-externa-e-expectativa-de-supersafra-brasileira\/"},"modified":"2025-09-08T11:57:26","modified_gmt":"2025-09-08T14:57:26","slug":"mercado-da-soja-recua-com-pressao-externa-e-expectativa-de-supersafra-brasileira","status":"publish","type":"post","link":"https:\/\/mussicom.com\/noticias\/mercado-da-soja-recua-com-pressao-externa-e-expectativa-de-supersafra-brasileira\/","title":{"rendered":"Mercado da soja recua com press\u00e3o externa e expectativa de supersafra brasileira"},"content":{"rendered":"<p> <br \/>\n<\/p>\n<div>\n<p style=\"text-align:justify\">A semana foi marcada por forte recuo nas cota\u00e7\u00f5es da soja na Bolsa de Chicago, em um ambiente de alta volatilidade e retra\u00e7\u00e3o nas compras chinesas. Enquanto isso, o Brasil avan\u00e7a no plantio da safra 2025\/26 sob incertezas clim\u00e1ticas, mas projeta exporta\u00e7\u00e3o recorde at\u00e9 o final do ano. Segundo a Gr\u00e3o Direto, o mercado f\u00edsico brasileiro apresentou comportamento misto, refletindo as indefini\u00e7\u00f5es no cen\u00e1rio externo e interno.&#13;\n<\/p>\n<p style=\"text-align:justify\">O contrato da soja para setembro\/2025 encerrou a semana cotado a US$ 10,06 por bushel, acumulando queda de 2,99%. Para mar\u00e7o\/2026, a baixa foi de 2,30%, fechando a US$ 10,61\/bushel. A press\u00e3o vem da aus\u00eancia da China nas compras norte-americanas e da expectativa de maior oferta global, com os EUA colhendo sob boas condi\u00e7\u00f5es e o Brasil iniciando uma nova temporada com estimativa de produ\u00e7\u00e3o superior a 170 milh\u00f5es de toneladas.<\/p>\n<p style=\"text-align:justify\">Segundo a Gr\u00e3o Direto, no mercado f\u00edsico brasileiro, os pre\u00e7os oscilaram conforme a pra\u00e7a e o perfil de comercializa\u00e7\u00e3o, mas com tend\u00eancia de baixa. \u201cO produtor segue atento ao c\u00e2mbio e aos pr\u00eamios, mas a refer\u00eancia internacional vem limitando oportunidades\u201d, destacou Rafael Arantes, analista da plataforma.<\/p>\n<p style=\"text-align:justify\">Dados da Associa\u00e7\u00e3o Nacional dos Exportadores de Cereais (Anec) indicam que o Brasil deve embarcar cerca de 16 milh\u00f5es de toneladas de soja entre outubro e dezembro, consolidando a proje\u00e7\u00e3o de um volume recorde de 110 milh\u00f5es de toneladas exportadas em 2024. A robustez da oferta brasileira e a vantagem cambial seguem como diferenciais frente aos concorrentes globais.&#13;\n<\/p>\n<p style=\"text-align:justify\">No Paran\u00e1, o plantio j\u00e1 come\u00e7ou, mas a umidade do solo ainda \u00e9 um desafio. As previs\u00f5es para os pr\u00f3ximos 15 dias indicam clima seco e temperaturas elevadas, o que pode limitar o avan\u00e7o das opera\u00e7\u00f5es, especialmente no Centro-Oeste. A possibilidade de forma\u00e7\u00e3o tardia do fen\u00f4meno La Ni\u00f1a entre setembro e novembro tamb\u00e9m est\u00e1 no radar dos produtores, podendo impactar o regime de chuvas na primavera.<\/p>\n<p style=\"text-align:justify\">Outro fator que contribui para a press\u00e3o nas cota\u00e7\u00f5es \u00e9 a expectativa do novo relat\u00f3rio de oferta e demanda do USDA, previsto para o dia 12. O mercado antecipa revis\u00e3o nos estoques finais dos EUA, mas mant\u00e9m perspectiva de produ\u00e7\u00e3o elevada. \u201cCom lavouras bem desenvolvidas e demanda externa retra\u00edda, os pre\u00e7os tendem a seguir pressionados\u201d, avalia Andr\u00e9 Oliveira, consultor de mercado.<\/p>\n<p style=\"text-align:justify\">A China, maior compradora global, segue abastecida por volumes expressivos da safra brasileira. A estrat\u00e9gia do pa\u00eds asi\u00e1tico \u00e9 manter estoques confort\u00e1veis no curto prazo, aguardando maior competitividade do programa norte-americano. No entanto, as margens negativas da suinocultura ainda limitam o ritmo de compras. \u201cA demanda chinesa est\u00e1 diretamente ligada \u00e0 prote\u00edna su\u00edna, e os produtores seguem cautelosos\u201d, acrescenta Oliveira.&#13;\n<\/p>\n<p style=\"text-align:justify\">No c\u00e2mbio, o d\u00f3lar recuou 0,37% na semana, fechando a R$ 5,40. A sinaliza\u00e7\u00e3o do Banco Central brasileiro de manuten\u00e7\u00e3o da Selic em 15% pode sustentar o real no curto prazo via carry trade, apesar do risco fiscal ainda pesar sobre o cen\u00e1rio. Nos EUA, incertezas pol\u00edticas e diverg\u00eancias no Federal Reserve aumentam a volatilidade.<\/p>\n<p style=\"text-align:justify\">Para os pr\u00f3ximos dias, o mercado segue atento \u00e0s defini\u00e7\u00f5es macroecon\u00f4micas, \u00e0 evolu\u00e7\u00e3o clim\u00e1tica no Brasil e aos desdobramentos do relat\u00f3rio do USDA. A combina\u00e7\u00e3o entre pr\u00eamios, c\u00e2mbio e timing de plantio pode gerar janelas de oportunidade, mas o cen\u00e1rio ainda \u00e9 de cautela.<\/p>\n<\/p><\/div>\n<p><script data-cfasync=\"false\">\n    !function (f, b, e, v, n, t, s) {\n        if (f.fbq) return; n = f.fbq = function () {\n            n.callMethod ?\n                n.callMethod.apply(n, arguments) : n.queue.push(arguments)\n        };\n        if (!f._fbq) f._fbq = n; n.push = n; n.loaded = !0; n.version = '2.0';\n        n.queue = []; t = b.createElement(e); t.async = !0;\n        t.src = v; s = b.getElementsByTagName(e)[0];\n        s.parentNode.insertBefore(t, s)\n    }(window, document, 'script',\n        'https:\/\/connect.facebook.net\/en_US\/fbevents.js');\n    fbq('init', '522546078623747');\n    fbq('track', 'PageView');\n<\/script><br \/>\n<br \/><br \/>\n<br \/>Fonte: <a href=\"https:\/\/www.agrolink.com.br\/noticias\/mercado-da-soja-recua-com-pressao-externa-e-expectativa-de-supersafra-brasileira_505751.html\">AGROLINK<\/a><\/p>\n","protected":false},"excerpt":{"rendered":"<p>A semana foi marcada por forte recuo nas cota\u00e7\u00f5es da soja na Bolsa de Chicago, em um ambiente de alta volatilidade e retra\u00e7\u00e3o nas compras chinesas. Enquanto isso, o Brasil avan\u00e7a no plantio da safra 2025\/26 sob incertezas clim\u00e1ticas, mas projeta exporta\u00e7\u00e3o recorde at\u00e9 o final do ano. Segundo a Gr\u00e3o Direto, o mercado f\u00edsico [&hellip;]<\/p>\n","protected":false},"author":5,"featured_media":39589,"comment_status":"open","ping_status":"open","sticky":false,"template":"","format":"standard","meta":{"_seopress_robots_primary_cat":"","_seopress_titles_title":"","_seopress_titles_desc":"","_seopress_robots_index":"","footnotes":""},"categories":[53],"tags":[],"class_list":["post-42518","post","type-post","status-publish","format-standard","has-post-thumbnail","hentry","category-agronegocio"],"_links":{"self":[{"href":"https:\/\/mussicom.com\/noticias\/wp-json\/wp\/v2\/posts\/42518","targetHints":{"allow":["GET"]}}],"collection":[{"href":"https:\/\/mussicom.com\/noticias\/wp-json\/wp\/v2\/posts"}],"about":[{"href":"https:\/\/mussicom.com\/noticias\/wp-json\/wp\/v2\/types\/post"}],"author":[{"embeddable":true,"href":"https:\/\/mussicom.com\/noticias\/wp-json\/wp\/v2\/users\/5"}],"replies":[{"embeddable":true,"href":"https:\/\/mussicom.com\/noticias\/wp-json\/wp\/v2\/comments?post=42518"}],"version-history":[{"count":0,"href":"https:\/\/mussicom.com\/noticias\/wp-json\/wp\/v2\/posts\/42518\/revisions"}],"wp:featuredmedia":[{"embeddable":true,"href":"https:\/\/mussicom.com\/noticias\/wp-json\/wp\/v2\/media\/39589"}],"wp:attachment":[{"href":"https:\/\/mussicom.com\/noticias\/wp-json\/wp\/v2\/media?parent=42518"}],"wp:term":[{"taxonomy":"category","embeddable":true,"href":"https:\/\/mussicom.com\/noticias\/wp-json\/wp\/v2\/categories?post=42518"},{"taxonomy":"post_tag","embeddable":true,"href":"https:\/\/mussicom.com\/noticias\/wp-json\/wp\/v2\/tags?post=42518"}],"curies":[{"name":"wp","href":"https:\/\/api.w.org\/{rel}","templated":true}]}}