{"id":42516,"date":"2025-09-08T11:52:21","date_gmt":"2025-09-08T14:52:21","guid":{"rendered":"https:\/\/mussicom.com\/michelle-bolsonaro-denuncia-stf-ditadura-judicial\/"},"modified":"2025-09-08T11:52:21","modified_gmt":"2025-09-08T14:52:21","slug":"michelle-bolsonaro-denuncia-stf-ditadura-judicial","status":"publish","type":"post","link":"https:\/\/mussicom.com\/noticias\/michelle-bolsonaro-denuncia-stf-ditadura-judicial\/","title":{"rendered":"Michelle Bolsonaro denuncia STF &#8211; \u201cditadura judicial\u201d"},"content":{"rendered":"<p> <br \/>\n<\/p>\n<div>\n<p class=\"postParagraph_post-paragraph__juWZN\">A ex-primeira-dama Michelle Bolsonaro, presidente nacional do PL Mulher, criticou os abusos cometidos pelo Supremo Tribunal Federal (STF) neste domingo (7), durante manifesta\u00e7\u00e3o na Avenida Paulista.<\/p>\n<p class=\"postParagraph_post-paragraph__juWZN\">Em pronunciamento repleto de refer\u00eancias religiosas, durante 15 minutos, Michelle chorou ao falar sobre a pris\u00e3o domiciliar do marido, o ex-presidente Jair Bolsonaro (PL), em Bras\u00edlia.<\/p>\n<p class=\"postParagraph_post-paragraph__juWZN\">\u201cEu sei que nossa na\u00e7\u00e3o vai ser livre dessa ditadura judicial\u201d, declarou. Afirmou ainda que Bolsonaro \u201cest\u00e1 sofrendo\u201d, mas confiou na justi\u00e7a divina: \u201cAcreditamos no verdadeiro juiz, que est\u00e1 no trono. E vamos vencer, porque estamos com a verdade\u201d.<\/p>\n<p class=\"postParagraph_post-paragraph__juWZN\">Michelle lamentou a aus\u00eancia do marido na manifesta\u00e7\u00e3o. \u201cQuem era para estar aqui era meu marido, que hoje est\u00e1 amorda\u00e7ado dentro de casa. Com uma tornozeleira, n\u00e3o foi julgado e est\u00e1 preso. Com policiais olhando os muros dos vizinhos para saber se ele pode pular\u201d, disse.<\/p>\n<p class=\"postParagraph_post-paragraph__juWZN\">A ex-primeira-dama descreveu o momento como de persegui\u00e7\u00e3o e humilha\u00e7\u00e3o. \u201cN\u00e3o est\u00e3o sendo dias f\u00e1ceis. Nossas liberdades est\u00e3o cerceadas. \u00c9 muita humilha\u00e7\u00e3o que estamos sofrendo, muita maldade que est\u00e3o fazendo com a gente.\u201d<\/p>\n<h2 class=\"postParagraph_post-paragraph__juWZN postParagraph_type-tag-h2__TtFkT\">Michelle reproduziu \u00e1udio antigo de Bolsonaro<\/h2>\n<p class=\"postParagraph_post-paragraph__juWZN\">Michelle afirmou que cuida de Bolsonaro como \u201cm\u00e3e, esposa e presidente do PL Mulher\u201d e expressou confian\u00e7a na vit\u00f3ria do casal. \u201cSe temos esse ex\u00e9rcito de homens e mulheres de bem nas ruas, defendendo a verdadeira democracia, \u00e9 porque Deus levantou essa na\u00e7\u00e3o.\u201d<\/p>\n<p class=\"postParagraph_post-paragraph__juWZN\">Ela tamb\u00e9m pediu arrependimento do ministro Alexandre de Moraes, afirmando que Deus o perdoar\u00e1 se \u201cdeixar o pecado de lado\u201d. Ao lado do pastor Silas Malafaia, Michelle declamou o \u201cPai-Nosso\u201d e solicitou preces pelo deputado Eduardo Bolsonaro (PL-SP) e por presos pol\u00edticos.<\/p>\n<p class=\"postParagraph_post-paragraph__juWZN\">A ex-primeira-dama tamb\u00e9m relatou persegui\u00e7\u00e3o \u00e0 liberdade religiosa, impedida de realizar cultos dom\u00e9sticos:<\/p>\n<p class=\"postParagraph_post-paragraph__juWZN\">\u201cEu estou tendo minha liberdade religiosa perseguida, pastor Silas. N\u00e3o posso fazer um culto religioso, porque ele [Alexandre de Moraes] n\u00e3o permitiu. Pedi &#8211; libera a peti\u00e7\u00e3o, libera meus irm\u00e3os de estarem comigo neste momento, afirmou.\u201d<\/p>\n<p class=\"postParagraph_post-paragraph__juWZN\">O discurso encerrou com reprodu\u00e7\u00e3o de um \u00e1udio antigo de Jair Bolsonaro, baixado da internet. No \u00e1udio, ele grita: \u201cDeus, p\u00e1tria, fam\u00edlia e liberdade\u201d. Michelle deixou claro que n\u00e3o se tratava de grava\u00e7\u00e3o feita para a manifesta\u00e7\u00e3o, mas um material retirado da internet.<\/p>\n<\/div>\n<p><br \/>\n<br \/>Fonte: <a href=\"https:\/\/www.gazetadopovo.com.br\/republica\/michelle-bolsonaro-acusa-stf-de-ditadura-judicial-durante-ato-do-7-de-setembro-na-av-paulista\/\">Revista Oeste<\/a><\/p>\n","protected":false},"excerpt":{"rendered":"<p>A ex-primeira-dama Michelle Bolsonaro, presidente nacional do PL Mulher, criticou os abusos cometidos pelo Supremo Tribunal Federal (STF) neste domingo (7), durante manifesta\u00e7\u00e3o na Avenida Paulista. Em pronunciamento repleto de refer\u00eancias religiosas, durante 15 minutos, Michelle chorou ao falar sobre a pris\u00e3o domiciliar do marido, o ex-presidente Jair Bolsonaro (PL), em Bras\u00edlia. \u201cEu sei que [&hellip;]<\/p>\n","protected":false},"author":5,"featured_media":42517,"comment_status":"open","ping_status":"open","sticky":false,"template":"","format":"standard","meta":{"_seopress_robots_primary_cat":"","_seopress_titles_title":"","_seopress_titles_desc":"","_seopress_robots_index":"","footnotes":""},"categories":[1],"tags":[],"class_list":["post-42516","post","type-post","status-publish","format-standard","has-post-thumbnail","hentry","category-ultimas-noticias"],"_links":{"self":[{"href":"https:\/\/mussicom.com\/noticias\/wp-json\/wp\/v2\/posts\/42516","targetHints":{"allow":["GET"]}}],"collection":[{"href":"https:\/\/mussicom.com\/noticias\/wp-json\/wp\/v2\/posts"}],"about":[{"href":"https:\/\/mussicom.com\/noticias\/wp-json\/wp\/v2\/types\/post"}],"author":[{"embeddable":true,"href":"https:\/\/mussicom.com\/noticias\/wp-json\/wp\/v2\/users\/5"}],"replies":[{"embeddable":true,"href":"https:\/\/mussicom.com\/noticias\/wp-json\/wp\/v2\/comments?post=42516"}],"version-history":[{"count":0,"href":"https:\/\/mussicom.com\/noticias\/wp-json\/wp\/v2\/posts\/42516\/revisions"}],"wp:featuredmedia":[{"embeddable":true,"href":"https:\/\/mussicom.com\/noticias\/wp-json\/wp\/v2\/media\/42517"}],"wp:attachment":[{"href":"https:\/\/mussicom.com\/noticias\/wp-json\/wp\/v2\/media?parent=42516"}],"wp:term":[{"taxonomy":"category","embeddable":true,"href":"https:\/\/mussicom.com\/noticias\/wp-json\/wp\/v2\/categories?post=42516"},{"taxonomy":"post_tag","embeddable":true,"href":"https:\/\/mussicom.com\/noticias\/wp-json\/wp\/v2\/tags?post=42516"}],"curies":[{"name":"wp","href":"https:\/\/api.w.org\/{rel}","templated":true}]}}