{"id":42358,"date":"2025-09-06T23:12:26","date_gmt":"2025-09-07T02:12:26","guid":{"rendered":"https:\/\/mussicom.com\/atos-da-direita-serao-contra-moraes-e-pela-anistia\/"},"modified":"2025-09-06T23:12:26","modified_gmt":"2025-09-07T02:12:26","slug":"atos-da-direita-serao-contra-moraes-e-pela-anistia","status":"publish","type":"post","link":"https:\/\/mussicom.com\/noticias\/atos-da-direita-serao-contra-moraes-e-pela-anistia\/","title":{"rendered":"atos da direita ser\u00e3o contra Moraes e pela anistia"},"content":{"rendered":"<p> <br \/>\n<\/p>\n<div>\n<p class=\"postParagraph_post-paragraph__juWZN\">Com o lema &#8220;Reaja, Brasil&#8221;, a oposi\u00e7\u00e3o e apoiadores do ex-presidente Jair Bolsonaro (PL) preparam manifesta\u00e7\u00f5es em dezenas de cidades do pa\u00eds neste domingo, 7 de Setembro. As principais pautas das manifesta\u00e7\u00f5es s\u00e3o a anistia para os presos do 8 de janeiro e o impeachment do ministro Alexandre de Moraes. Os organizadores acusam o magistrado de &#8220;ruptura democr\u00e1tica e abuso de poder&#8221;. Confira no fim da mat\u00e9ria a lista com alguns dos atos programados no 7 de Setembro.<\/p>\n<p class=\"postParagraph_post-paragraph__juWZN\">Em 2025, os atos ocorrem em meio a um cen\u00e1rio pol\u00edtico que inclui o julgamento de Bolsonaro no Supremo Tribunal Federal (STF), den\u00fancias contra o ministro Alexandre de Moraes reveladas pelo ex-assessor Eduardo Tagliaferro, a CPMI do INSS, e as tentativas de avan\u00e7ar com a pauta da anistia no Congresso.<\/p>\n<p class=\"postParagraph_post-paragraph__juWZN\">A ex-primeira-dama Michelle Bolsonaro dever\u00e1 participar da manifesta\u00e7\u00e3o na Avenida Paulista, em S\u00e3o Paulo (SP), segundo informa\u00e7\u00f5es da assessoria do pastor Silas Malafaia. O governador de S\u00e3o Paulo, Tarc\u00edsio de Freitas (Republicanos-SP), e o senador Fl\u00e1vio Bolsonaro (PL-RJ) tamb\u00e9m devem comparecer ao mesmo evento. Em Belo Horizonte (MG), a mobiliza\u00e7\u00e3o contar\u00e1 com a participa\u00e7\u00e3o do deputado federal Nikolas Ferreira (PL-MG).<\/p>\n<p class=\"postParagraph_post-paragraph__juWZN\">Em Bras\u00edlia (DF), o ato ocorrer\u00e1 no estacionamento da Funarte, atr\u00e1s da Torre de TV, por recomenda\u00e7\u00e3o da Pol\u00edcia Militar. Entre as autoridades confirmadas na capital federal, est\u00e3o a senadora Damares Alves (Republicanos-DF), o senador Izalci Lucas (PL-DF), a deputada federal Bia Kicis (PL-DF) e o ex-desembargador Sebasti\u00e3o Coelho (Novo-DF).<\/p>\n<p class=\"postParagraph_post-paragraph-innerHtml__Q5vwc\">O pastor Silas Malafaia \u00e9 um dos grandes mobilizadores para as manifesta\u00e7\u00f5es por meio das redes sociais. Ao convocar o povo \u00e0s ruas, ele diz que o ato \u00e9 em favor da \u201cliberdade\u201d e contra a \u201cpersegui\u00e7\u00e3o pol\u00edtica vergonhosa\u201d, em refer\u00eancia ao julgamento do ex-presidente Jair Bolsonaro.\u00a0<\/p>\n<p class=\"postParagraph_post-paragraph__juWZN\">Na mesma linha, o senador Fl\u00e1vio Bolsonaro publicou uma mensagem de mobiliza\u00e7\u00e3o e afirmou que a manifesta\u00e7\u00e3o \u00e9 um &#8220;grito de liberdade&#8221;. \u201cN\u00e3o se mata uma ideia! No dia 7 de setembro, seremos milh\u00f5es de brasileiros nas ruas, unidos em um s\u00f3 grito de liberdade. N\u00e3o apenas pelo presidente Bolsonaro, mas por todos aqueles que hoje sofrem com a tirania de poucos. \u00c9 a voz do povo que ecoar\u00e1, \u00e9 o Brasil que se levantar\u00e1! Vamos \u00e0s ruas! Que Deus aben\u00e7oe o nosso Brasil\u201d, disse o senador.<\/p>\n<p class=\"postParagraph_post-paragraph__juWZN\">O ex-desembargador Sebasti\u00e3o Coelho, por sua vez, criticou as articula\u00e7\u00f5es pol\u00edticas e as iniciativas para a anistia. &#8220;No dia 7 de Setembro, todos nas ruas! \u00c9 a hora de mostrar que n\u00e3o aceitamos trocas pol\u00edticas, mentiras de golpe de estado e persegui\u00e7\u00f5es. Essa anistia que est\u00e3o articulando \u00e9 uma farsa! O Congresso j\u00e1 teve v\u00e1rias oportunidades e sempre nos enganou. Vamos juntos lutar por justi\u00e7a, anistia e por um novo Brasil&#8221;, afirmou.<\/p>\n<p class=\"postParagraph_post-paragraph__juWZN\">Coelho se referia \u00e0 proposta do presidente do Senado, Davi Alcolumbre (Uni\u00e3o-AP), aliado do Pal\u00e1cio do Planalto, que articula uma vers\u00e3o reduzida da anistia, apelidada de \u201canistia light\u201d. Essa vers\u00e3o do texto abrandaria as penas dos condenados pelos atos do 8 de janeiro, mas excluiria Bolsonaro e os l\u00edderes dos atos.<\/p>\n<p class=\"postParagraph_post-paragraph-innerHtml__Q5vwc\">J\u00e1 o vice-l\u00edder da oposi\u00e7\u00e3o, deputado Ubiratan Sanderson (PL-RS), refor\u00e7ou que o 7 de Setembro &#8220;\u00e9 a oportunidade do povo mostrar que n\u00e3o aceita persegui\u00e7\u00f5es e que defende um Brasil livre e soberano&#8221;. &#8220;Vamos \u00e0s ruas de forma pac\u00edfica, mas firme, para reafirmar que nossa independ\u00eancia e nossa liberdade n\u00e3o s\u00e3o negoci\u00e1veis\u201d, disse \u00e0 <strong>Gazeta do Povo<\/strong>.<\/p>\n<p class=\"postParagraph_post-paragraph__juWZN\">O l\u00edder da oposi\u00e7\u00e3o no Senado, Rog\u00e9rio Marinho (PL-RN), tamb\u00e9m enfatizou que os atos pelo Brasil s\u00e3o para manter acesa a &#8220;chama da indigna\u00e7\u00e3o&#8221;. Segundo ele, &#8220;n\u00e3o podemos banalizar o fato de que a justi\u00e7a est\u00e1 sendo ultrapassada, que o arb\u00edtrio est\u00e1 estabelecido, que as pessoas est\u00e3o sendo caladas e emudecidas em nome de uma pretensa democracia de fachada&#8221;. &#8220;Pela liberdade, pela anistia, pelo fim das injusti\u00e7as e da persegui\u00e7\u00e3o contra a direita no Brasil&#8221;, afirmou.<\/p>\n<div class=\"postViewMore_post-view-more-container___5wai\" data-mrf-recirculation=\"Post - Veja tamb\u00e9m\">\n<p class=\"gp-styles-module-size-small-afeYRa gp-styles-module-font-family2-afeYRa gp-styles-module-color-secondary-afeYRa gp-styles-module-weight-bold-afeYRa\">VEJA TAMB\u00c9M:<\/p>\n<ul class=\"postViewMore_post-view-more-list__CU_CE\">\n<li class=\"postViewMore_post-view-more-item__2MzRb\">\n<div class=\"postViewMore_post-view-more-image__5gUSe\"><picture class=\"imageDefault_image-container__XGd8_\"><\/picture><\/div>\n<p>Abin vai monitorar manifesta\u00e7\u00f5es previstas para o 7 de setembro em Bras\u00edlia<\/li>\n<li class=\"postViewMore_post-view-more-item__2MzRb\">\n<div class=\"postViewMore_post-view-more-image__5gUSe\"><picture class=\"imageDefault_image-container__XGd8_\"><img decoding=\"async\" class=\"imageDefault_image-item__lU2Dk\" src=\"https:\/\/media.gazetadopovo.com.br\/2025\/08\/28165730\/Ato-patriotico-380x214.jpg.webp\" alt=\"Paulo Figueiredo diz que americanos acompanhar\u00e3o atos de 7 de setembro\" width=\"72\" height=\"72\"\/><\/picture><\/div>\n<p>Paulo Figueiredo diz que EUA acompanhar\u00e3o mobiliza\u00e7\u00f5es de 7 de setembro<\/li>\n<\/ul>\n<\/div>\n<h2 class=\"postParagraph_post-paragraph__juWZN postParagraph_type-tag-h2__TtFkT\">Julgamento de Bolsonaro d\u00e1 peso aos atos<\/h2>\n<p class=\"postParagraph_post-paragraph__juWZN\">As manifesta\u00e7\u00f5es de 7 de Setembro acontecem em meio a uma sucess\u00e3o de fatos que elevam a tens\u00e3o entre os Poderes. Os principais fatos s\u00e3o:<\/p>\n<ul class=\"postList_post-list-container__W0E4y postList_visual-type-unordered-list__M8U7t\">\n<li class=\"postList_post-list-item__34Ck1\">A Primeira Turma do Supremo iniciou, no dia 2 de setembro, o julgamento de Jair Bolsonaro, acusado de articular um plano de golpe em 2022;<\/li>\n<li class=\"postList_post-list-item__34Ck1\">No Senado, o ex-assessor Eduardo Tagliaferro fez den\u00fancias contra o ministro Alexandre de Moraes;<\/li>\n<li class=\"postList_post-list-item__34Ck1\">A CPMI do INSS pressiona por explica\u00e7\u00f5es sobre fraudes bilion\u00e1rias contra aposentados e pensionistas e tem a possibilidade de desgastar ainda mais a imagem do governo Lula;<\/li>\n<li class=\"postList_post-list-item__34Ck1\">E a oposi\u00e7\u00e3o tenta acelerar no Congresso a pauta da anistia aos presos do 8 de janeiro.<\/li>\n<\/ul>\n<p class=\"postParagraph_post-paragraph__juWZN\">Esse conjunto de eventos deve servir para ampliar o alcance e o tom das manifesta\u00e7\u00f5es. Para o analista pol\u00edtico Alexandre Bandeira, o impacto da mobiliza\u00e7\u00e3o da direita para o 7 de setembro \u00e9 uma inc\u00f3gnita, j\u00e1 que as \u00faltimas manifesta\u00e7\u00f5es pr\u00f3-Bolsonaro n\u00e3o tiveram o mesmo impacto das anteriores. No entanto, ele refor\u00e7a que a data \u00e9 importante para o movimento, que a utiliza como um ato c\u00edvico e de protesto.<\/p>\n<p class=\"postParagraph_post-paragraph__juWZN\">Bandeira avalia que o fato de o 7 de Setembro ocorrer em meio ao julgamento de Bolsonaro pode levar mais pessoas \u00e0s ruas nas manifesta\u00e7\u00f5es. &#8220;O ponto \u00e9 esse: pararemos nos protestos?&#8221;, questiona. O analista afirma que, se os protestos forem pac\u00edficos e contarem com &#8220;milh\u00f5es de pessoas nas ruas&#8221;, podem ser uma forma de press\u00e3o sobre o Supremo Tribunal Federal (STF) e um &#8220;salvo-conduto&#8221; para o Congresso acelerar o processo de anistia para os presos do 8 de janeiro.<\/p>\n<p class=\"postParagraph_post-paragraph-innerHtml__Q5vwc\">J\u00e1 o advogado Andr\u00e9 Marsiglia, especialista em liberdade de express\u00e3o, avalia que a manifesta\u00e7\u00e3o ser\u00e1 um \u201cterm\u00f4metro\u201d para o Congresso avan\u00e7ar com a pauta da anistia, al\u00e9m de \u201csensibilizar o Centr\u00e3o para que entenda o que s\u00e3o as pautas populares\u201d.\u00a0<\/p>\n<p class=\"postParagraph_post-paragraph-innerHtml__Q5vwc\">\u201cEssas manifesta\u00e7\u00f5es podem sensibilizar o Congresso ou os congressistas para acelerar ou buscarem acelerar as pautas de impeachment [de ministros do STF] ou da anistia. Acredito que seja essa a inten\u00e7\u00e3o\u201d, declarou.\u00a0<\/p>\n<p class=\"postParagraph_post-paragraph-innerHtml__Q5vwc\">Em rela\u00e7\u00e3o a um poss\u00edvel impacto dos atos do 7 de Setembro no julgamento do ex-presidente, Marsiglia avalia que isso n\u00e3o existir\u00e1. \u201cN\u00e3o creio que isso deva impactar os ju\u00edzes ou o resultado do julgamento na Primeira Turma. At\u00e9 porque me parece que j\u00e1 \u00e9 conhecido esse resultado pela postura e conduta desse julgamento, pela pr\u00f3pria manifesta\u00e7\u00e3o desses ministros em oportunidades anteriores\u201d, completou.\u00a0<\/p>\n<p class=\"postParagraph_post-paragraph__juWZN\">Outro ponto destacado por Bandeira \u00e9 o acirramento do clima eleitoral de 2026 j\u00e1 em 2025. &#8220;N\u00f3s estamos vendo essa mesma temperatura j\u00e1 em n\u00edveis elevados um ano antes das elei\u00e7\u00f5es&#8221;, diz. O analista afirma que essa tens\u00e3o, que normalmente ocorre apenas em anos eleitorais, j\u00e1 est\u00e1 se manifestando em diversos \u00e2mbitos da sociedade, de grupos de WhatsApp a reuni\u00f5es familiares, o que pode tornar o pr\u00f3ximo ano eleitoral ainda mais tenso.<\/p>\n<div class=\"postViewMore_post-view-more-container___5wai\" data-mrf-recirculation=\"Post - Veja tamb\u00e9m\">\n<p class=\"gp-styles-module-size-small-afeYRa gp-styles-module-font-family2-afeYRa gp-styles-module-color-secondary-afeYRa gp-styles-module-weight-bold-afeYRa\">VEJA TAMB\u00c9M:<\/p>\n<ul class=\"postViewMore_post-view-more-list__CU_CE\">\n<li class=\"postViewMore_post-view-more-item__2MzRb\">\n<div class=\"postViewMore_post-view-more-image__5gUSe\"><picture class=\"imageDefault_image-container__XGd8_\"><img decoding=\"async\" class=\"imageDefault_image-item__lU2Dk\" src=\"https:\/\/media.gazetadopovo.com.br\/2025\/08\/27112642\/48357814461_ff5e013ddb_o-380x214.jpg.webp\" alt=\"Tarc\u00edsio deu novo f\u00f4lego \u00e0 luta pela anistia\" width=\"72\" height=\"72\"\/><\/picture><\/div>\n<p>Com aval de Bolsonaro, Tarc\u00edsio costura aprova\u00e7\u00e3o da anistia e pavimenta apoio para 2026<\/li>\n<li class=\"postViewMore_post-view-more-item__2MzRb\">\n<div class=\"postViewMore_post-view-more-image__5gUSe\"><picture class=\"imageDefault_image-container__XGd8_\"><img decoding=\"async\" class=\"imageDefault_image-item__lU2Dk\" src=\"https:\/\/media.gazetadopovo.com.br\/2025\/08\/29141732\/Eduardo-380x214.jpg.webp\" alt=\"Eduardo Bolsonaro defende anistia para reduzir tarifas dos EUA e evita cr\u00edticas a Tarc\u00edsio\" width=\"72\" height=\"72\"\/><\/picture><\/div>\n<p>Eduardo Bolsonaro defende anistia para reduzir tarifas dos EUA e evita cr\u00edticas a Tarc\u00edsio<\/li>\n<\/ul>\n<\/div>\n<h2 class=\"postParagraph_post-paragraph__juWZN postParagraph_type-tag-h2__TtFkT\">Veja a lista de cidades que ter\u00e3o manifesta\u00e7\u00f5es neste 7 de Setembro<\/h2>\n<p class=\"postParagraph_post-paragraph-innerHtml__Q5vwc\"><strong>ACRE<\/strong><\/p>\n<p class=\"postParagraph_post-paragraph-innerHtml__Q5vwc\">\u2022 <strong>Rio Branco:<\/strong> Pra\u00e7a da Gameleira &#8211; 16h<\/p>\n<p class=\"postParagraph_post-paragraph-innerHtml__Q5vwc\"><strong>ALAGOAS<\/strong><\/p>\n<p class=\"postParagraph_post-paragraph-innerHtml__Q5vwc\">\u2022 <strong>Macei\u00f3:<\/strong><\/p>\n<p class=\"postParagraph_post-paragraph-innerHtml__Q5vwc\">\u00a0\u00a0\u00a0\u00a0\u25e6 Pra\u00e7a da Faculdade &#8211; 8h<\/p>\n<p class=\"postParagraph_post-paragraph-innerHtml__Q5vwc\">\u00a0\u00a0\u00a0\u00a0\u25e6 Corredor Vera Arruda &#8211; 9h<\/p>\n<p class=\"postParagraph_post-paragraph-innerHtml__Q5vwc\"><strong>AMAP\u00c1<\/strong><\/p>\n<p class=\"postParagraph_post-paragraph-innerHtml__Q5vwc\">\u2022 <strong>Macap\u00e1:<\/strong> Pra\u00e7a dos Povos, Marco Zero &#8211; 16h<\/p>\n<p class=\"postParagraph_post-paragraph-innerHtml__Q5vwc\"><strong>AMAZONAS<\/strong><\/p>\n<p class=\"postParagraph_post-paragraph-innerHtml__Q5vwc\">\u2022 <strong>Manaus:<\/strong> Ponta Negra &#8211; 16h<\/p>\n<p class=\"postParagraph_post-paragraph-innerHtml__Q5vwc\"><strong>BAHIA<\/strong><\/p>\n<p class=\"postParagraph_post-paragraph-innerHtml__Q5vwc\">\u2022 <strong>Barreiras:<\/strong> Em frente \u00e0 \u00c1trio Pisos &#8211; 8h<\/p>\n<p class=\"postParagraph_post-paragraph-innerHtml__Q5vwc\">\u2022 <strong>Canavieiras:<\/strong> Pra\u00e7a Ma\u00e7\u00f4nica &#8211; 8h<\/p>\n<p class=\"postParagraph_post-paragraph-innerHtml__Q5vwc\">\u2022 <strong>Feira de Santana:<\/strong> Viaduto da Av. Jo\u00e3o Durval &#8211; 14h<\/p>\n<p class=\"postParagraph_post-paragraph-innerHtml__Q5vwc\">\u2022 <strong>Itoror\u00f3:<\/strong> Pra\u00e7a Henrique Brito &#8211; 10h<\/p>\n<p class=\"postParagraph_post-paragraph-innerHtml__Q5vwc\">\u2022 <strong>Salvador:<\/strong> Farol da Barra &#8211; 9h<\/p>\n<p class=\"postParagraph_post-paragraph-innerHtml__Q5vwc\"><strong>CEAR\u00c1<\/strong><\/p>\n<p class=\"postParagraph_post-paragraph-innerHtml__Q5vwc\">\u2022 <strong>Fortaleza:<\/strong> Pra\u00e7a Portugal &#8211; 16h<\/p>\n<p class=\"postParagraph_post-paragraph-innerHtml__Q5vwc\">\u2022 <strong>Juazeiro do Norte:<\/strong> Pra\u00e7a do Giradouro &#8211; 16h<\/p>\n<p class=\"postParagraph_post-paragraph-innerHtml__Q5vwc\"><strong>DISTRITO FEDERAL<\/strong><\/p>\n<p class=\"postParagraph_post-paragraph-innerHtml__Q5vwc\">\u2022 <strong>Bras\u00edlia:<\/strong> Estacionamento da Funarte &#8211; 9h<\/p>\n<p class=\"postParagraph_post-paragraph-innerHtml__Q5vwc\"><strong>ESP\u00cdRITO SANTO<\/strong><\/p>\n<p class=\"postParagraph_post-paragraph-innerHtml__Q5vwc\">\u2022 <strong>Vit\u00f3ria:<\/strong> Posto Moby Dick, na Praia da Costa &#8211; 12h<\/p>\n<p class=\"postParagraph_post-paragraph-innerHtml__Q5vwc\"><strong>GOI\u00c1S<\/strong><\/p>\n<p class=\"postParagraph_post-paragraph-innerHtml__Q5vwc\">\u2022 <strong>Goi\u00e2nia:<\/strong> Pra\u00e7a do Sol &#8211; 9h<\/p>\n<p class=\"postParagraph_post-paragraph-innerHtml__Q5vwc\"><strong>MARANH\u00c3O<\/strong><\/p>\n<p class=\"postParagraph_post-paragraph-innerHtml__Q5vwc\">\u2022 <strong>Caxias:<\/strong> Av. Central, em frente ao Mix Mateus &#8211; 16h<\/p>\n<p class=\"postParagraph_post-paragraph-innerHtml__Q5vwc\">\u2022 <strong>S\u00e3o Lu\u00eds:<\/strong> Av. Daniel de La Touche, em frente \u00e0 Havan &#8211; 9h<\/p>\n<p class=\"postParagraph_post-paragraph-innerHtml__Q5vwc\"><strong>MATO GROSSO<\/strong><\/p>\n<p class=\"postParagraph_post-paragraph-innerHtml__Q5vwc\">\u2022 <strong>C\u00e1ceres:<\/strong> Sal\u00e3o da Matriz S\u00e3o Sebasti\u00e3o &#8211; 7h<\/p>\n<p class=\"postParagraph_post-paragraph-innerHtml__Q5vwc\">\u2022 <strong>Cuiab\u00e1:<\/strong> Pra\u00e7a do Chopp\u00e3o (8 de Abril) &#8211; 16h<\/p>\n<p class=\"postParagraph_post-paragraph-innerHtml__Q5vwc\"><strong>MATO GROSSO DO SUL<\/strong><\/p>\n<p class=\"postParagraph_post-paragraph-innerHtml__Q5vwc\">\u2022 <strong>Bonito:<\/strong> Pra\u00e7a do Rotary &#8211; 15h<\/p>\n<p class=\"postParagraph_post-paragraph-innerHtml__Q5vwc\">\u2022 <strong>Campo Grande:<\/strong> Av. Afonso Pena, em frente ao Bioparque Pantanal &#8211; 16h<\/p>\n<p class=\"postParagraph_post-paragraph-innerHtml__Q5vwc\"><strong>MINAS GERAIS<\/strong><\/p>\n<p class=\"postParagraph_post-paragraph-innerHtml__Q5vwc\">\u2022 <strong>Belo Horizonte:<\/strong> Pra\u00e7a da Liberdade &#8211; 10h<\/p>\n<p class=\"postParagraph_post-paragraph-innerHtml__Q5vwc\">\u2022 <strong>Governador Valadares:<\/strong> Pra\u00e7a dos Pioneiros &#8211; 9h<\/p>\n<p class=\"postParagraph_post-paragraph-innerHtml__Q5vwc\">\u2022 <strong>Ipatinga:<\/strong><\/p>\n<p class=\"postParagraph_post-paragraph-innerHtml__Q5vwc\">\u00a0\u00a0\u00a0\u00a0\u25e6 Parque Ipanema &#8211; 9h30<\/p>\n<p class=\"postParagraph_post-paragraph-innerHtml__Q5vwc\">\u00a0\u00a0\u00a0\u00a0\u25e6 BR381, no bairro do Orto &#8211; 10h<\/p>\n<p class=\"postParagraph_post-paragraph-innerHtml__Q5vwc\">\u2022 <strong>Juiz de Fora:<\/strong> Pra\u00e7a do Riachuelo (em frente ao Santa Cruz Shopping) &#8211; 10h<\/p>\n<p class=\"postParagraph_post-paragraph-innerHtml__Q5vwc\">\u2022 <strong>Montes Claros:<\/strong> Av. Deputado Esteves Rodrigues, 235, centro &#8211; 9h<\/p>\n<p class=\"postParagraph_post-paragraph-innerHtml__Q5vwc\">\u2022 <strong>Muzambinho:<\/strong> Trevo da cidade &#8211; 14h<\/p>\n<p class=\"postParagraph_post-paragraph-innerHtml__Q5vwc\">\u2022 <strong>Patos de Minas:<\/strong> Em frente ao 15\u00ba Batalh\u00e3o de Pol\u00edcia Militar &#8211; 9h (concentra\u00e7\u00e3o), 10h (sa\u00edda da carreata)<\/p>\n<p class=\"postParagraph_post-paragraph-innerHtml__Q5vwc\">\u2022 <strong>Uberl\u00e2ndia:<\/strong> Pra\u00e7a Clarimundo Carneiro &#8211; 10h<\/p>\n<p class=\"postParagraph_post-paragraph-innerHtml__Q5vwc\"><strong>PAR\u00c1<\/strong><\/p>\n<p class=\"postParagraph_post-paragraph-innerHtml__Q5vwc\">\u2022 <strong>Bel\u00e9m:<\/strong> Avenida Nazar\u00e9 &#8211; 8h30<\/p>\n<p class=\"postParagraph_post-paragraph-innerHtml__Q5vwc\"><strong>PARAN\u00c1<\/strong><\/p>\n<p class=\"postParagraph_post-paragraph-innerHtml__Q5vwc\">\u2022 <strong>Apucarana:<\/strong> Av. Curitiba &#8211; 8h30<\/p>\n<p class=\"postParagraph_post-paragraph-innerHtml__Q5vwc\">\u2022 <strong>Cascavel:<\/strong> Pra\u00e7a da B\u00edblia &#8211; 15h<\/p>\n<p class=\"postParagraph_post-paragraph-innerHtml__Q5vwc\">\u2022 <strong>Curitiba:<\/strong> Pra\u00e7a Nossa Senhora de Salete &#8211; 14h<\/p>\n<p class=\"postParagraph_post-paragraph-innerHtml__Q5vwc\">\u2022 <strong>Foz do Igua\u00e7u:<\/strong> Pra\u00e7a do Mitre &#8211; 14h<\/p>\n<p class=\"postParagraph_post-paragraph-innerHtml__Q5vwc\">\u2022 <strong>Guarapuava:<\/strong> Pra\u00e7a Cleve &#8211; 15h<\/p>\n<p class=\"postParagraph_post-paragraph-innerHtml__Q5vwc\">\u2022 <strong>Jacarezinho:<\/strong> Avenida Brasil, em frente do posto Santa Maria &#8211; 9h<\/p>\n<p class=\"postParagraph_post-paragraph-innerHtml__Q5vwc\">\u2022 <strong>Londrina:<\/strong> Av. Higien\u00f3polis com a Av. JK &#8211; 15h<\/p>\n<p class=\"postParagraph_post-paragraph-innerHtml__Q5vwc\">\u2022 <strong>Maring\u00e1:<\/strong> Catedral de Maring\u00e1 &#8211; 14h<\/p>\n<p class=\"postParagraph_post-paragraph-innerHtml__Q5vwc\">\u2022 <strong>Paranava\u00ed:<\/strong> Pra\u00e7a dos Pioneiros &#8211; 11h30<\/p>\n<p class=\"postParagraph_post-paragraph-innerHtml__Q5vwc\">\u2022 <strong>Pato Branco:<\/strong> Rua Tocantins &#8211; 15h<\/p>\n<p class=\"postParagraph_post-paragraph-innerHtml__Q5vwc\">\u2022 <strong>Ponta Grossa:<\/strong> Pra\u00e7a Bar\u00e3o de Guara\u00fana &#8211; 15h<\/p>\n<p class=\"postParagraph_post-paragraph-innerHtml__Q5vwc\">\u2022 <strong>Umuarama:<\/strong> Pra\u00e7a Paulo VI (Pra\u00e7a da Catedral) &#8211; 9h<\/p>\n<p class=\"postParagraph_post-paragraph-innerHtml__Q5vwc\"><strong>PERNAMBUCO<\/strong><\/p>\n<p class=\"postParagraph_post-paragraph-innerHtml__Q5vwc\">\u2022 <strong>Caruaru:<\/strong> Grande Hotel &#8211; 9h<\/p>\n<p class=\"postParagraph_post-paragraph-innerHtml__Q5vwc\">\u2022 <strong>Recife:<\/strong> Av. Boa Viagem, em frente \u00e0 padaria Boa Viagem &#8211; 14h<\/p>\n<p class=\"postParagraph_post-paragraph-innerHtml__Q5vwc\"><strong>PIAU\u00cd<\/strong><\/p>\n<p class=\"postParagraph_post-paragraph-innerHtml__Q5vwc\">\u2022 <strong>Parna\u00edba:<\/strong> Pra\u00e7a Santo Ant\u00f4nio &#8211; 8h<\/p>\n<p class=\"postParagraph_post-paragraph-innerHtml__Q5vwc\">\u2022 <strong>Teresina:<\/strong> Ponte Estaiada &#8211; 16h<\/p>\n<p class=\"postParagraph_post-paragraph-innerHtml__Q5vwc\"><strong>RIO DE JANEIRO<\/strong><\/p>\n<p class=\"postParagraph_post-paragraph-innerHtml__Q5vwc\">\u2022 <strong>Angra dos Reis:<\/strong> Vila Hist\u00f3rica de Mambucaba, em frente \u00e0 casa de Bolsonaro &#8211; 10h (manifesta\u00e7\u00e3o) e 19h (ora\u00e7\u00e3o)<\/p>\n<p class=\"postParagraph_post-paragraph-innerHtml__Q5vwc\">\u2022 <strong>Maca\u00e9:<\/strong> Praia dos Cavaleiros (Posto 1) &#8211; 10h\/12h (Linha Verde em dire\u00e7\u00e3o ao Posto Um \/ Posto 1)<\/p>\n<p class=\"postParagraph_post-paragraph-innerHtml__Q5vwc\">\u2022 <strong>Nova Friburgo:<\/strong> Via Expressa &#8211; 13h<\/p>\n<p class=\"postParagraph_post-paragraph-innerHtml__Q5vwc\">\u2022 <strong>Rio de Janeiro:<\/strong> Copacabana, Posto 4\/5 &#8211; 10h\/11h (nas areias \/ Posto 4\/5)<\/p>\n<p class=\"postParagraph_post-paragraph-innerHtml__Q5vwc\"><strong>RIO GRANDE DO NORTE<\/strong><\/p>\n<p class=\"postParagraph_post-paragraph-innerHtml__Q5vwc\">\u2022 <strong>Mossor\u00f3:<\/strong> Gin\u00e1sio Pedro Ciarlini &#8211; 7h<\/p>\n<p class=\"postParagraph_post-paragraph-innerHtml__Q5vwc\">\u2022 <strong>Natal:<\/strong> Midway Mall &#8211; 15h<\/p>\n<p class=\"postParagraph_post-paragraph-innerHtml__Q5vwc\"><strong>RIO GRANDE DO SUL<\/strong><\/p>\n<p class=\"postParagraph_post-paragraph-innerHtml__Q5vwc\">\u2022 <strong>Porto Alegre:<\/strong> Parc\u00e3o (Av. Goethe) &#8211; 14h<\/p>\n<p class=\"postParagraph_post-paragraph-innerHtml__Q5vwc\">\u2022 <strong>Lajeado<\/strong>: Parque dos Dick &#8211; 14h<\/p>\n<p class=\"postParagraph_post-paragraph-innerHtml__Q5vwc\"><strong>ROND\u00d4NIA<\/strong><\/p>\n<p class=\"postParagraph_post-paragraph-innerHtml__Q5vwc\">\u2022 <strong>Porto Velho:<\/strong> Espa\u00e7o Alternativo &#8211; 15h<\/p>\n<p class=\"postParagraph_post-paragraph-innerHtml__Q5vwc\"><strong>RORAIMA<\/strong><\/p>\n<p class=\"postParagraph_post-paragraph-innerHtml__Q5vwc\">\u2022 <strong>Boa Vista:<\/strong> Pra\u00e7a Centro C\u00edvico &#8211; 12h<\/p>\n<p class=\"postParagraph_post-paragraph-innerHtml__Q5vwc\"><strong>SANTA CATARINA<\/strong><\/p>\n<p class=\"postParagraph_post-paragraph-innerHtml__Q5vwc\">\u2022 <strong>Balne\u00e1rio Cambori\u00fa:<\/strong> Pra\u00e7a Almirante Tamandar\u00e9 &#8211; 15h<\/p>\n<p class=\"postParagraph_post-paragraph-innerHtml__Q5vwc\">\u2022 <strong>Blumenau:<\/strong> Prefeitura &#8211; 15h<\/p>\n<p class=\"postParagraph_post-paragraph-innerHtml__Q5vwc\">\u2022 <strong>Chapec\u00f3:<\/strong> Pra\u00e7a Coronel Bertaso &#8211; 9h<\/p>\n<p class=\"postParagraph_post-paragraph-innerHtml__Q5vwc\">\u2022 <strong>Florian\u00f3polis:<\/strong> Trapiche da Beira-Mar Norte &#8211; 10h<\/p>\n<p class=\"postParagraph_post-paragraph-innerHtml__Q5vwc\">\u2022 <strong>Joinville:<\/strong> Em frente \u00e0 C\u00e2mara de Vereadores &#8211; 10h<\/p>\n<p class=\"postParagraph_post-paragraph-innerHtml__Q5vwc\">\u2022 <strong>S\u00e3o Jo\u00e3o Batista:<\/strong> Trevo Via Sacra &#8211; 15h<\/p>\n<p class=\"postParagraph_post-paragraph-innerHtml__Q5vwc\"><strong>S\u00c3O PAULO<\/strong><\/p>\n<p class=\"postParagraph_post-paragraph-innerHtml__Q5vwc\">\u2022 <strong>\u00c1guas de Santa B\u00e1rbara:<\/strong> Pra\u00e7a da Matriz &#8211; 14h<\/p>\n<p class=\"postParagraph_post-paragraph-innerHtml__Q5vwc\">\u2022 <strong>Andradina:<\/strong> Prolongamento da Av. Guanabara &#8211; 9h<\/p>\n<p class=\"postParagraph_post-paragraph-innerHtml__Q5vwc\">\u2022 <strong>Aparecida:<\/strong> Porto \u2192 caminhada at\u00e9 a Bas\u00edlica &#8211; 7h<\/p>\n<p class=\"postParagraph_post-paragraph-innerHtml__Q5vwc\">\u2022 <strong>Ara\u00e7atuba:<\/strong> Avenida Pompeu com a Duque de Caxias &#8211; 10h<\/p>\n<p class=\"postParagraph_post-paragraph-innerHtml__Q5vwc\">\u2022 <strong>Araraquara:<\/strong> Em frente ao Teatro Municipal &#8211; 14h<\/p>\n<p class=\"postParagraph_post-paragraph-innerHtml__Q5vwc\">\u2022 <strong>Bauru:<\/strong><\/p>\n<p class=\"postParagraph_post-paragraph-innerHtml__Q5vwc\">\u00a0\u00a0\u00a0\u00a0\u25e6 Pra\u00e7a do L\u00edbano &#8211; 10h<\/p>\n<p class=\"postParagraph_post-paragraph-innerHtml__Q5vwc\">\u00a0\u00a0\u00a0\u00a0\u25e6 Avenida Get\u00falio Vargas, quadra 19, em frente \u00e0 Copa\u00edba &#8211; 10h<\/p>\n<p class=\"postParagraph_post-paragraph-innerHtml__Q5vwc\">\u2022 <strong>Campinas:<\/strong> Pedreira do Chapad\u00e3o &#8211; 9h<\/p>\n<p class=\"postParagraph_post-paragraph-innerHtml__Q5vwc\">\u2022 <strong>Dracena:<\/strong> Pra\u00e7a Artur Pagnosi &#8211; 10h<\/p>\n<p class=\"postParagraph_post-paragraph-innerHtml__Q5vwc\">\u2022 <strong>Franca:<\/strong> Expoagro com destino ao Franca Shopping &#8211; 13h<\/p>\n<p class=\"postParagraph_post-paragraph-innerHtml__Q5vwc\">\u2022 <strong>Indaiatuba:<\/strong> Parque Ecol\u00f3gico &#8211; 10h<\/p>\n<p class=\"postParagraph_post-paragraph-innerHtml__Q5vwc\">\u2022 <strong>Ja\u00fa:<\/strong> Avenida Ant\u00f4nio Prado Lira (atr\u00e1s do Shopping) &#8211; 14h (concentra\u00e7\u00e3o), 15h (sa\u00edda)<\/p>\n<p class=\"postParagraph_post-paragraph-innerHtml__Q5vwc\">\u2022 <strong>Jundia\u00ed:<\/strong> Parque da Uva &#8211; 10h<\/p>\n<p class=\"postParagraph_post-paragraph-innerHtml__Q5vwc\">\u2022 <strong>Mar\u00edlia:<\/strong> Pra\u00e7a Saturnino (Pra\u00e7a da Prefeitura) &#8211; 14h<\/p>\n<p class=\"postParagraph_post-paragraph-innerHtml__Q5vwc\">\u2022 <strong>Mau\u00e1:<\/strong> Pra\u00e7a Mons. Alexandre V. Arminas &#8211; 8h30<\/p>\n<p class=\"postParagraph_post-paragraph-innerHtml__Q5vwc\">\u2022 <strong>Osasco:<\/strong> Esta\u00e7\u00e3o de Trem &#8211; 8h30<\/p>\n<p class=\"postParagraph_post-paragraph-innerHtml__Q5vwc\">\u2022 <strong>Piraju\u00ed:<\/strong> Parque do Povo &#8211; 9h (concentra\u00e7\u00e3o), 10h (sa\u00edda motocarreata)<\/p>\n<p class=\"postParagraph_post-paragraph-innerHtml__Q5vwc\">\u2022 <strong>Pirassununga:<\/strong> Pra\u00e7a Central &#8211; 15h<\/p>\n<p class=\"postParagraph_post-paragraph-innerHtml__Q5vwc\">\u2022 <strong>Presidente Prudente:<\/strong> Pr\u00f3ximo \u00e0 TV Fronteira &#8211; 10h<\/p>\n<p class=\"postParagraph_post-paragraph-innerHtml__Q5vwc\">\u2022 <strong>Ribeir\u00e3o Preto:<\/strong> Centro &#8211; 14h<\/p>\n<p class=\"postParagraph_post-paragraph-innerHtml__Q5vwc\">\u2022 <strong>Santana de Parna\u00edba:<\/strong> Largo da Matriz &#8211; 14h<\/p>\n<p class=\"postParagraph_post-paragraph-innerHtml__Q5vwc\">\u2022 <strong>Santos:<\/strong> Pra\u00e7a da Independ\u00eancia &#8211; 14h\/15h<\/p>\n<p class=\"postParagraph_post-paragraph-innerHtml__Q5vwc\">\u2022 <strong>S\u00e3o Jos\u00e9 do Rio Preto:<\/strong> Av. Alberto Andalo &#8211; 10h<\/p>\n<p class=\"postParagraph_post-paragraph-innerHtml__Q5vwc\">\u2022 <strong>S\u00e3o Paulo:<\/strong><\/p>\n<p class=\"postParagraph_post-paragraph-innerHtml__Q5vwc\">\u00a0\u00a0\u00a0\u00a0\u25e6 Av. Paulista x Rua Peixoto Gomide &#8211; 15h<\/p>\n<p class=\"postParagraph_post-paragraph-innerHtml__Q5vwc\">\u00a0\u00a0\u00a0\u00a0\u25e6 Pra\u00e7a da S\u00e9 &#8211; 7h (concentra\u00e7\u00e3o), 10h30 (caminhada)<\/p>\n<p class=\"postParagraph_post-paragraph-innerHtml__Q5vwc\">\u00a0\u00a0\u00a0\u00a0\u25e6 Pra\u00e7a da Rep\u00fablica &#8211; 9h<\/p>\n<p class=\"postParagraph_post-paragraph-innerHtml__Q5vwc\">\u2022 <strong>S\u00e3o Sebasti\u00e3o:<\/strong> Rua da Praia &#8211; 9h<\/p>\n<p class=\"postParagraph_post-paragraph-innerHtml__Q5vwc\"><strong>SERGIPE<\/strong><\/p>\n<p class=\"postParagraph_post-paragraph-innerHtml__Q5vwc\">\u2022 <strong>Aracaju:<\/strong> Orla de Atalaia &#8211; 14h<\/p>\n<p class=\"postParagraph_post-paragraph-innerHtml__Q5vwc\"><strong>TOCANTINS<\/strong><\/p>\n<p class=\"postParagraph_post-paragraph-innerHtml__Q5vwc\">\u2022 <strong>Palmas:<\/strong> Pra\u00e7a dos Girass\u00f3is &#8211; 16h<\/p>\n<h3 class=\"postParagraph_post-paragraph-innerHtml__Q5vwc postParagraph_type-tag-h3__xSAn9\"><strong>Cidades no Exterior<\/strong><\/h3>\n<p class=\"postParagraph_post-paragraph-innerHtml__Q5vwc\">\u2022 <strong>Alemanha (Pocking):<\/strong> Am Stadtplatz &#8211; 14h<\/p>\n<p class=\"postParagraph_post-paragraph-innerHtml__Q5vwc\">\u2022 <strong>Canad\u00e1 (Toronto):<\/strong> Dufferin Grove Park &#8211; 14h<\/p>\n<p class=\"postParagraph_post-paragraph-innerHtml__Q5vwc\">\u2022 <strong>Espanha (Barcelona):<\/strong> Arco do Triunfo &#8211; 18h<\/p>\n<p class=\"postParagraph_post-paragraph-innerHtml__Q5vwc\">\u2022 <strong>EUA (Nova York):<\/strong> Times Square &#8211; 14h<\/p>\n<p class=\"postParagraph_post-paragraph-innerHtml__Q5vwc\">\u2022 <strong>EUA (Orlando):<\/strong> Est\u00e1tua do Ronaldinho Ga\u00facho &#8211; 16h<\/p>\n<p class=\"postParagraph_post-paragraph-innerHtml__Q5vwc\">\u2022 <strong>EUA (Washington):<\/strong> Em frente \u00e0 Casa Branca &#8211; 16h<\/p>\n<\/div>\n<p><br \/>\n<br \/>Fonte: <a href=\"https:\/\/www.gazetadopovo.com.br\/republica\/atos-da-direita-no-7-de-setembro-unem-protestos-contra-moraes-e-pedidos-de-anistia\/\">Revista Oeste<\/a><\/p>\n","protected":false},"excerpt":{"rendered":"<p>Com o lema &#8220;Reaja, Brasil&#8221;, a oposi\u00e7\u00e3o e apoiadores do ex-presidente Jair Bolsonaro (PL) preparam manifesta\u00e7\u00f5es em dezenas de cidades do pa\u00eds neste domingo, 7 de Setembro. As principais pautas das manifesta\u00e7\u00f5es s\u00e3o a anistia para os presos do 8 de janeiro e o impeachment do ministro Alexandre de Moraes. Os organizadores acusam o magistrado [&hellip;]<\/p>\n","protected":false},"author":5,"featured_media":42359,"comment_status":"open","ping_status":"open","sticky":false,"template":"","format":"standard","meta":{"_seopress_robots_primary_cat":"","_seopress_titles_title":"","_seopress_titles_desc":"","_seopress_robots_index":"","footnotes":""},"categories":[1],"tags":[],"class_list":["post-42358","post","type-post","status-publish","format-standard","has-post-thumbnail","hentry","category-ultimas-noticias"],"_links":{"self":[{"href":"https:\/\/mussicom.com\/noticias\/wp-json\/wp\/v2\/posts\/42358","targetHints":{"allow":["GET"]}}],"collection":[{"href":"https:\/\/mussicom.com\/noticias\/wp-json\/wp\/v2\/posts"}],"about":[{"href":"https:\/\/mussicom.com\/noticias\/wp-json\/wp\/v2\/types\/post"}],"author":[{"embeddable":true,"href":"https:\/\/mussicom.com\/noticias\/wp-json\/wp\/v2\/users\/5"}],"replies":[{"embeddable":true,"href":"https:\/\/mussicom.com\/noticias\/wp-json\/wp\/v2\/comments?post=42358"}],"version-history":[{"count":0,"href":"https:\/\/mussicom.com\/noticias\/wp-json\/wp\/v2\/posts\/42358\/revisions"}],"wp:featuredmedia":[{"embeddable":true,"href":"https:\/\/mussicom.com\/noticias\/wp-json\/wp\/v2\/media\/42359"}],"wp:attachment":[{"href":"https:\/\/mussicom.com\/noticias\/wp-json\/wp\/v2\/media?parent=42358"}],"wp:term":[{"taxonomy":"category","embeddable":true,"href":"https:\/\/mussicom.com\/noticias\/wp-json\/wp\/v2\/categories?post=42358"},{"taxonomy":"post_tag","embeddable":true,"href":"https:\/\/mussicom.com\/noticias\/wp-json\/wp\/v2\/tags?post=42358"}],"curies":[{"name":"wp","href":"https:\/\/api.w.org\/{rel}","templated":true}]}}