{"id":42288,"date":"2025-09-06T13:17:15","date_gmt":"2025-09-06T16:17:15","guid":{"rendered":"https:\/\/mussicom.com\/suecia-acusa-russia-de-sabotar-gps-de-mais-de-100-mil-voos\/"},"modified":"2025-09-06T13:17:15","modified_gmt":"2025-09-06T16:17:15","slug":"suecia-acusa-russia-de-sabotar-gps-de-mais-de-100-mil-voos","status":"publish","type":"post","link":"https:\/\/mussicom.com\/noticias\/suecia-acusa-russia-de-sabotar-gps-de-mais-de-100-mil-voos\/","title":{"rendered":"Su\u00e9cia acusa R\u00fassia de sabotar GPS de mais de 100 mil voos"},"content":{"rendered":"<p> <br \/>\n<\/p>\n<div>\n<p class=\"postParagraph_post-paragraph__juWZN\">A rota por GPS de quase 123 mil teriam sido sabotadas entre os meses de janeiro e abril por sinais que interferem na rota por a\u00e7\u00e3o da R\u00fassia, segundo relat\u00f3rio da Su\u00e9cia e de cinco pa\u00edses vizinhos ao qual a rede de televis\u00e3o sueca \u201cSVT\u201d teve acesso. Em alguns espa\u00e7os a\u00e9reos, mais de 40% de todos os voos teriam sido afetados pelas interfer\u00eancias com o GPS. A R\u00fassia ainda n\u00e3o reagiu oficialmente \u00e0s acusa\u00e7\u00f5es.<\/p>\n<p class=\"postParagraph_post-paragraph__juWZN\">Foram observadas tanto interfer\u00eancias (bloqueio de sinais) quanto falsifica\u00e7\u00e3o (sinais GNSS falsos que enganam os sistemas). Os efeitos v\u00e3o desde relat\u00f3rios falsos de posi\u00e7\u00e3o at\u00e9 falhas de sistemas que podem acompanhar o voo at\u00e9 seu destino.<\/p>\n<p class=\"postParagraph_post-paragraph__juWZN\">Segundo a Ag\u00eancia Sueca de Transporte, foi registrado um aumento significativo de alertas sobre interfer\u00eancias nos sistemas de navega\u00e7\u00e3o a\u00e9rea nos \u00faltimos meses, incluindo o que detectou o avi\u00e3o no qual a presidente da Comiss\u00e3o Europeia, Ursula von der Leyen, viajou recentemente para a Bulg\u00e1ria.<\/p>\n<p class=\"postParagraph_post-paragraph__juWZN\">Junto aos pa\u00edses ao redor do Mar B\u00e1ltico, a ag\u00eancia sueca mapeou a magnitude do problema, que revela que entre janeiro e abril foram afetados 122.607 voos de 365 companhias a\u00e9reas.<\/p>\n<p class=\"postParagraph_post-paragraph-innerHtml__Q5vwc\">As distor\u00e7\u00f5es impactaram especialmente os espa\u00e7os a\u00e9reos da Pol\u00f4nia, dos tr\u00eas pa\u00edses b\u00e1lticos \u2013 Est\u00f4nia, Let\u00f4nia e Litu\u00e2nia \u2013, da \u00a0Finl\u00e2ndia e da Su\u00e9cia.<\/p>\n<p class=\"postParagraph_post-paragraph__juWZN\">No \u00faltimo ano, o problema aumentou notavelmente. Somente na Su\u00e9cia, j\u00e1 foram reportados mais de 733 incidentes que afetaram a avia\u00e7\u00e3o civil no que vai do ano.<\/p>\n<p class=\"postParagraph_post-paragraph__juWZN\">Em todo o ano de 2023, houve 55 interfer\u00eancias, enquanto em 2024 j\u00e1 foram 495. As autoridades rastrearam a origem das perturba\u00e7\u00f5es e, gra\u00e7as a medi\u00e7\u00f5es, foi poss\u00edvel localizar emissores de interfer\u00eancias em Kaliningrado, S\u00e3o Petersburgo, Smolensk e Rostov.<\/p>\n<p class=\"postParagraph_post-paragraph__juWZN\">&#8220;Podemos afirmar, e al\u00e9m disso temos provas, de que as perturba\u00e7\u00f5es se originam em territ\u00f3rio russo&#8221;, disse \u00e0 \u201cSVT\u201d Andreas Holmgren, chefe da unidade da Ag\u00eancia Sueca de Transporte.<\/p>\n<p class=\"postParagraph_post-paragraph__juWZN\">&#8220;Consideramos a situa\u00e7\u00e3o grave, j\u00e1 que observamos um aumento constante das interfer\u00eancias e n\u00e3o uma diminui\u00e7\u00e3o das mesmas&#8221;, afirmou.<\/p>\n<p class=\"postParagraph_post-paragraph__juWZN\">&#8220;\u00c9 preocupante que um sistema global, utilizado por muitas partes da sociedade, seja perturbado deliberadamente&#8221;, acrescentou.<\/p>\n<p class=\"postParagraph_post-paragraph__juWZN\">Esse cen\u00e1rio representa um perigo crescente para a seguran\u00e7a a\u00e9rea, segundo advertiram os pa\u00edses afetados \u00e0 Organiza\u00e7\u00e3o de Avia\u00e7\u00e3o Civil Internacional (OACI), que exigiu que a &#8220;R\u00fassia cumpra com suas obriga\u00e7\u00f5es internacionais e garanta que as interfer\u00eancias cessem imediatamente&#8221;.<\/p>\n<\/div>\n<p><br \/>\n<br \/>Fonte: <a href=\"https:\/\/www.gazetadopovo.com.br\/mundo\/suecia-acusa-russia-de-sabotar-gps-de-mais-de-100-mil-voos\/\">Revista Oeste<\/a><\/p>\n","protected":false},"excerpt":{"rendered":"<p>A rota por GPS de quase 123 mil teriam sido sabotadas entre os meses de janeiro e abril por sinais que interferem na rota por a\u00e7\u00e3o da R\u00fassia, segundo relat\u00f3rio da Su\u00e9cia e de cinco pa\u00edses vizinhos ao qual a rede de televis\u00e3o sueca \u201cSVT\u201d teve acesso. Em alguns espa\u00e7os a\u00e9reos, mais de 40% de [&hellip;]<\/p>\n","protected":false},"author":5,"featured_media":38229,"comment_status":"open","ping_status":"open","sticky":false,"template":"","format":"standard","meta":{"_seopress_robots_primary_cat":"","_seopress_titles_title":"","_seopress_titles_desc":"","_seopress_robots_index":"","footnotes":""},"categories":[48],"tags":[],"class_list":["post-42288","post","type-post","status-publish","format-standard","has-post-thumbnail","hentry","category-internacional"],"_links":{"self":[{"href":"https:\/\/mussicom.com\/noticias\/wp-json\/wp\/v2\/posts\/42288","targetHints":{"allow":["GET"]}}],"collection":[{"href":"https:\/\/mussicom.com\/noticias\/wp-json\/wp\/v2\/posts"}],"about":[{"href":"https:\/\/mussicom.com\/noticias\/wp-json\/wp\/v2\/types\/post"}],"author":[{"embeddable":true,"href":"https:\/\/mussicom.com\/noticias\/wp-json\/wp\/v2\/users\/5"}],"replies":[{"embeddable":true,"href":"https:\/\/mussicom.com\/noticias\/wp-json\/wp\/v2\/comments?post=42288"}],"version-history":[{"count":0,"href":"https:\/\/mussicom.com\/noticias\/wp-json\/wp\/v2\/posts\/42288\/revisions"}],"wp:featuredmedia":[{"embeddable":true,"href":"https:\/\/mussicom.com\/noticias\/wp-json\/wp\/v2\/media\/38229"}],"wp:attachment":[{"href":"https:\/\/mussicom.com\/noticias\/wp-json\/wp\/v2\/media?parent=42288"}],"wp:term":[{"taxonomy":"category","embeddable":true,"href":"https:\/\/mussicom.com\/noticias\/wp-json\/wp\/v2\/categories?post=42288"},{"taxonomy":"post_tag","embeddable":true,"href":"https:\/\/mussicom.com\/noticias\/wp-json\/wp\/v2\/tags?post=42288"}],"curies":[{"name":"wp","href":"https:\/\/api.w.org\/{rel}","templated":true}]}}