{"id":42244,"date":"2025-09-06T08:18:47","date_gmt":"2025-09-06T11:18:47","guid":{"rendered":"https:\/\/mussicom.com\/veja-o-provavel-setlist-do-show-no-the-town\/"},"modified":"2025-09-06T08:18:47","modified_gmt":"2025-09-06T11:18:47","slug":"veja-o-provavel-setlist-do-show-no-the-town","status":"publish","type":"post","link":"https:\/\/mussicom.com\/noticias\/veja-o-provavel-setlist-do-show-no-the-town\/","title":{"rendered":"Veja o prov\u00e1vel setlist do show no The Town"},"content":{"rendered":"<p> <br \/>\n<\/p>\n<div>\n<p>Pela segunda vez no Brasil, quase dois anos ap\u00f3s se apresentar no pa\u00eds pela primeira vez (no \u00faltimo dia de <strong>Cena2K 2023<\/strong>), <strong>Don Toliver<\/strong> retornar\u00e1 para outro festival, na primeira data do <strong>The Town 2025<\/strong>, em 6 de setembro.<\/p>\n<p>O rapper de 31 anos est\u00e1 escalado para se apresentar no <strong>Palco Skyline<\/strong> \u00e0s 20h30 (hor\u00e1rio de Bras\u00edlia). <strong>Filipe Ret<\/strong> (15h50), <strong>Burna Boy<\/strong> (18h10) e Travis Scott (23h15). No mesmo dia, nomes como <strong>Karol Conk\u00e1<\/strong>, <strong>Matu\u00ea<\/strong>, <strong>Lauryn Hill<\/strong>, <strong>Budah<\/strong> e <strong>Teto<\/strong> tamb\u00e9m participar\u00e3o em outros palcos.<\/p>\n<p>Quanto ao setlist, que n\u00e3o foi divulgado oficialmente por <strong>Toliver<\/strong> ou pela organiza\u00e7\u00e3o do <strong>The Town<\/strong>, existem duas possibilidades: ele ser dividido em seis atos em 20 m\u00fasicas, ou ele n\u00e3o ter uma narrativa definida, com cerca de 21 faixas. De qualquer forma, o show deve ter cerca de 1h30 de dura\u00e7\u00e3o no festival.<\/p>\n<p>Em apresenta\u00e7\u00f5es recentes, o rapper estadunidense, al\u00e9m de cantar as pr\u00f3prias m\u00fasicas, tamb\u00e9m fez covers de outros artistas, como &#8220;<strong>Too Many Nights<\/strong>&#8221; (de <strong>Future<\/strong> e <strong>Metro Boomin<\/strong>) e &#8220;<strong>FIELD TRIP<\/strong>&#8221; (<strong>Kanye West<\/strong> e <strong>Ty Dolla $ign<\/strong>), &#8220;<strong>2TONE<\/strong>&#8221; (<strong>Yeat<\/strong>) e &#8220;<strong>CAN&#8217;T SAY<\/strong>&#8221; (<strong>Travis Scott<\/strong>). Abaixo, veja mais detalhes:<\/p>\n<h2>O prov\u00e1vel setlist de Don Toliver (dividido em atos)<\/h2>\n<ol>\n<li>(Ato I) TORE UP<\/li>\n<li>4X4<\/li>\n<li>Cardigan<\/li>\n<li>HAD ENOUGH<\/li>\n<li>GEEKED UP<\/li>\n<li>(Ato II) ATTITUDE<\/li>\n<li>CAN&#8217;T SAY<\/li>\n<li>WHAT TO DO?<\/li>\n<li>GANG GANG<\/li>\n<li>Smoke<\/li>\n<li>(Ato III) No Pole<\/li>\n<li>(Ato IV) NEW DROP<\/li>\n<li>(Ato V) No Idea<\/li>\n<li>(Ato VI) FWU<\/li>\n<li>Lemonade<\/li>\n<li>BANDIT<\/li>\n<li>Too Many Nights<\/li>\n<li>2TONE<\/li>\n<li>Screwed Up<\/li>\n<li>After Party<\/li>\n<\/ol>\n<h2>O prov\u00e1vel setlist de Don Toliver (sem divis\u00e3o por atos)<\/h2>\n<ol>\n<li>KRYPTONITE<\/li>\n<li>TORE UP<\/li>\n<li>BROTHER STONE<\/li>\n<li>4X4<\/li>\n<li>HAD ENOUGH<\/li>\n<li>Cardigan<\/li>\n<li>GANG GANG (JACKBOYS song)<\/li>\n<li>WHAT TO DO?<\/li>\n<li>FIELD TRIP<\/li>\n<li>No Pole<\/li>\n<li>NEW DROP<\/li>\n<li>CAN&#8217;T SAY<strong> (Travis Scott cover)<\/strong><\/li>\n<li>Private Landing<\/li>\n<li>Smoke<\/li>\n<li>Lemonade<\/li>\n<li>No Idea<\/li>\n<li>Too Many Nights<\/li>\n<li>FWU<\/li>\n<li>BANDIT<\/li>\n<li>After Party<\/li>\n<li>FWU<\/li>\n<\/ol>\n<p><strong>+++LEIA MAIS: Kali Uchis anuncia gravidez em v\u00eddeo de novo \u00e1lbum; assista<\/strong><\/p>\n<\/div>\n<p><br \/>\n<br \/>Fonte: <a href=\"https:\/\/rollingstone.com.br\/musica\/don-toliver-veja-o-provavel-setlist-do-show-no-the-town\/\">rollingstone.com.br<\/a><\/p>\n","protected":false},"excerpt":{"rendered":"<p>Pela segunda vez no Brasil, quase dois anos ap\u00f3s se apresentar no pa\u00eds pela primeira vez (no \u00faltimo dia de Cena2K 2023), Don Toliver retornar\u00e1 para outro festival, na primeira data do The Town 2025, em 6 de setembro. O rapper de 31 anos est\u00e1 escalado para se apresentar no Palco Skyline \u00e0s 20h30 (hor\u00e1rio [&hellip;]<\/p>\n","protected":false},"author":5,"featured_media":42245,"comment_status":"open","ping_status":"open","sticky":false,"template":"","format":"standard","meta":{"_seopress_robots_primary_cat":"","_seopress_titles_title":"","_seopress_titles_desc":"","_seopress_robots_index":"","footnotes":""},"categories":[51],"tags":[],"class_list":["post-42244","post","type-post","status-publish","format-standard","has-post-thumbnail","hentry","category-musica"],"_links":{"self":[{"href":"https:\/\/mussicom.com\/noticias\/wp-json\/wp\/v2\/posts\/42244","targetHints":{"allow":["GET"]}}],"collection":[{"href":"https:\/\/mussicom.com\/noticias\/wp-json\/wp\/v2\/posts"}],"about":[{"href":"https:\/\/mussicom.com\/noticias\/wp-json\/wp\/v2\/types\/post"}],"author":[{"embeddable":true,"href":"https:\/\/mussicom.com\/noticias\/wp-json\/wp\/v2\/users\/5"}],"replies":[{"embeddable":true,"href":"https:\/\/mussicom.com\/noticias\/wp-json\/wp\/v2\/comments?post=42244"}],"version-history":[{"count":0,"href":"https:\/\/mussicom.com\/noticias\/wp-json\/wp\/v2\/posts\/42244\/revisions"}],"wp:featuredmedia":[{"embeddable":true,"href":"https:\/\/mussicom.com\/noticias\/wp-json\/wp\/v2\/media\/42245"}],"wp:attachment":[{"href":"https:\/\/mussicom.com\/noticias\/wp-json\/wp\/v2\/media?parent=42244"}],"wp:term":[{"taxonomy":"category","embeddable":true,"href":"https:\/\/mussicom.com\/noticias\/wp-json\/wp\/v2\/categories?post=42244"},{"taxonomy":"post_tag","embeddable":true,"href":"https:\/\/mussicom.com\/noticias\/wp-json\/wp\/v2\/tags?post=42244"}],"curies":[{"name":"wp","href":"https:\/\/api.w.org\/{rel}","templated":true}]}}