{"id":42216,"date":"2025-09-06T02:11:16","date_gmt":"2025-09-06T05:11:16","guid":{"rendered":"https:\/\/mussicom.com\/o-investimento-milionario-que-tz-da-coronel-fez-para-show-no-the-town\/"},"modified":"2025-09-06T02:11:16","modified_gmt":"2025-09-06T05:11:16","slug":"o-investimento-milionario-que-tz-da-coronel-fez-para-show-no-the-town","status":"publish","type":"post","link":"https:\/\/mussicom.com\/noticias\/o-investimento-milionario-que-tz-da-coronel-fez-para-show-no-the-town\/","title":{"rendered":"O investimento milion\u00e1rio que TZ da Coronel fez para show no The Town"},"content":{"rendered":"<p> <br \/>\n<\/p>\n<div>\n<p data-end=\"484\" data-start=\"193\">O rapper <strong>TZ da Coronel<\/strong> prepara uma apresenta\u00e7\u00e3o hist\u00f3rica no <strong>The Town 2025<\/strong>, que acontece no dia 12 de setembro, a partir das 19h. Para marcar a estreia de sua nova turn\u00ea, o artista investiu R$ 1,5 milh\u00e3o em um espet\u00e1culo que promete elevar o patamar das performances de trap no Brasil.<\/p>\n<p data-end=\"721\" data-start=\"486\">Com uma proposta ousada, <strong>TZ<\/strong> une tecnologia de ponta, artes visuais contempor\u00e2neas e uma narrativa inspirada no cl\u00e1ssico \u00e9pico <strong><em data-end=\"624\" data-start=\"612\">A Odisseia<\/em><\/strong>. O show ser\u00e1 dividido em tr\u00eas atos, cada um representando uma fase distinta de sua trajet\u00f3ria.<\/p>\n<p data-end=\"1193\" data-start=\"723\">No primeiro bloco, <strong><em data-end=\"752\" data-start=\"742\">Odisseia<\/em><\/strong>, a ascens\u00e3o do rapper \u00e9 retratada em uma est\u00e9tica que mistura games retr\u00f4 e recursos digitais modernos. Em seguida, o ato <strong><em data-end=\"882\" data-start=\"875\">Selva<\/em><\/strong> traz um tom mais intimista, explorando sua espiritualidade com ilumina\u00e7\u00e3o minimalista e cen\u00e1rios que se transformam em tempo real por meio da tecnologia Kinect. O espet\u00e1culo se encerra com <strong><em data-end=\"1085\" data-start=\"1072\">Alta C\u00fapula<\/em><\/strong>, momento em que o artista resgata suas ra\u00edzes no funk, celebrando a energia que o projetou nacionalmente.<\/p>\n<blockquote class=\"citacao\" data-end=\"1433\" data-start=\"1195\"><p>\u201cOdisseia simboliza tanto um reencontro quanto um recome\u00e7o. Esse show \u00e9 uma comemora\u00e7\u00e3o das vit\u00f3rias at\u00e9 aqui, mas tamb\u00e9m o in\u00edcio de um novo cap\u00edtulo. Quero entregar ao p\u00fablico algo nunca visto em shows de trap\u201d, afirmou<strong> TZ da Coronel<\/strong>.<\/p><\/blockquote>\n<p data-end=\"1575\" data-start=\"1435\">A cenografia ter\u00e1 como destaque um pared\u00e3o de LEDs de alt\u00edssima defini\u00e7\u00e3o, elemento central que guiar\u00e1 a narrativa visual da apresenta\u00e7\u00e3o.<\/p>\n<p data-end=\"1981\" data-start=\"1577\">Paralelamente ao an\u00fancio do show, o rapper lan\u00e7ou o single <strong>&#8220;Odisseia&#8221;<\/strong>, acompanhado de um clipe impactante que utiliza imagens de sua vit\u00f3ria contra o ator <strong>Daniel Rocha<\/strong>, nocauteado em menos de um minuto no Fight Music Show 6. Assista abaixo:<\/p>\n<p><iframe title=\"Tz da Coronel - Odisseia  (Clipe Oficial)\" width=\"800\" height=\"450\" src=\"https:\/\/www.youtube.com\/embed\/XuaFiJ188B4?feature=oembed\" frameborder=\"0\" allow=\"accelerometer; autoplay; clipboard-write; encrypted-media; gyroscope; picture-in-picture; web-share\" referrerpolicy=\"strict-origin-when-cross-origin\" allowfullscreen><\/iframe><\/p>\n<p data-end=\"1981\" data-start=\"1577\"><strong>LEIA TAMB\u00c9M: Como assistir ao The Town 2025 ao vivo pela TV e internet<\/strong><\/p>\n<\/div>\n<p><br \/>\n<br \/>Fonte: <a href=\"https:\/\/rollingstone.com.br\/musica\/o-investimento-milionario-que-tz-da-coronel-fez-para-show-no-the-town\/\">rollingstone.com.br<\/a><\/p>\n","protected":false},"excerpt":{"rendered":"<p>O rapper TZ da Coronel prepara uma apresenta\u00e7\u00e3o hist\u00f3rica no The Town 2025, que acontece no dia 12 de setembro, a partir das 19h. Para marcar a estreia de sua nova turn\u00ea, o artista investiu R$ 1,5 milh\u00e3o em um espet\u00e1culo que promete elevar o patamar das performances de trap no Brasil. Com uma proposta [&hellip;]<\/p>\n","protected":false},"author":5,"featured_media":42217,"comment_status":"open","ping_status":"open","sticky":false,"template":"","format":"standard","meta":{"_seopress_robots_primary_cat":"","_seopress_titles_title":"","_seopress_titles_desc":"","_seopress_robots_index":"","footnotes":""},"categories":[51],"tags":[],"class_list":["post-42216","post","type-post","status-publish","format-standard","has-post-thumbnail","hentry","category-musica"],"_links":{"self":[{"href":"https:\/\/mussicom.com\/noticias\/wp-json\/wp\/v2\/posts\/42216","targetHints":{"allow":["GET"]}}],"collection":[{"href":"https:\/\/mussicom.com\/noticias\/wp-json\/wp\/v2\/posts"}],"about":[{"href":"https:\/\/mussicom.com\/noticias\/wp-json\/wp\/v2\/types\/post"}],"author":[{"embeddable":true,"href":"https:\/\/mussicom.com\/noticias\/wp-json\/wp\/v2\/users\/5"}],"replies":[{"embeddable":true,"href":"https:\/\/mussicom.com\/noticias\/wp-json\/wp\/v2\/comments?post=42216"}],"version-history":[{"count":0,"href":"https:\/\/mussicom.com\/noticias\/wp-json\/wp\/v2\/posts\/42216\/revisions"}],"wp:featuredmedia":[{"embeddable":true,"href":"https:\/\/mussicom.com\/noticias\/wp-json\/wp\/v2\/media\/42217"}],"wp:attachment":[{"href":"https:\/\/mussicom.com\/noticias\/wp-json\/wp\/v2\/media?parent=42216"}],"wp:term":[{"taxonomy":"category","embeddable":true,"href":"https:\/\/mussicom.com\/noticias\/wp-json\/wp\/v2\/categories?post=42216"},{"taxonomy":"post_tag","embeddable":true,"href":"https:\/\/mussicom.com\/noticias\/wp-json\/wp\/v2\/tags?post=42216"}],"curies":[{"name":"wp","href":"https:\/\/api.w.org\/{rel}","templated":true}]}}