{"id":42084,"date":"2025-09-05T13:34:16","date_gmt":"2025-09-05T16:34:16","guid":{"rendered":"https:\/\/mussicom.com\/ratinho-jr-aparece-a-frente-de-lula-zema-e-caiado-em-pesquisa-presidencial-em-sc\/"},"modified":"2025-09-05T13:34:16","modified_gmt":"2025-09-05T16:34:16","slug":"ratinho-jr-aparece-a-frente-de-lula-zema-e-caiado-em-pesquisa-presidencial-em-sc","status":"publish","type":"post","link":"https:\/\/mussicom.com\/noticias\/ratinho-jr-aparece-a-frente-de-lula-zema-e-caiado-em-pesquisa-presidencial-em-sc\/","title":{"rendered":"Ratinho Jr. aparece \u00e0 frente de Lula, Zema e Caiado em pesquisa presidencial em SC"},"content":{"rendered":"<p> <br \/>\n<\/p>\n<div>\n<p class=\"postParagraph_post-paragraph-innerHtml__Q5vwc\">O governador paranaense Ratinho Jr. (PSD) seria eleito presidente da Rep\u00fablica pelos catarinenses se as elei\u00e7\u00f5es de 2026 fossem realizadas hoje, de acordo com uma nova pesquisa da Neokemp divulgada nesta sexta (5). O pol\u00edtico aparece \u00e0 frente do pr\u00f3prio presidente Luiz In\u00e1cio Lula da Silva (PT), que deve disputar a reelei\u00e7\u00e3o, e dos governadores Romeu Zema (Novo-MG) e Ronaldo Caiado (Uni\u00e3o-GO).<\/p>\n<p class=\"postParagraph_post-paragraph-innerHtml__Q5vwc\">Nesta rodada em Santa Catarina para a presid\u00eancia da Rep\u00fablica, a Neokemp n\u00e3o testou os nomes do ex-presidente Jair Bolsonaro (PL), que est\u00e1 ineleg\u00edvel e sendo julgado nesta semana e na pr\u00f3xima pelo Supremo Tribunal Federal (STF) por supostamente liderar uma tentativa de golpe de Estado ap\u00f3s as elei\u00e7\u00f5es de 2022, e do governador Tarc\u00edsio de Freitas (Republicanos-SP), de S\u00e3o Paulo, apontado como principal herdeiro pol\u00edtico do militar.<\/p>\n<p class=\"postParagraph_post-paragraph__juWZN\">A Neokemp ouviu 1.008 pessoas em 117 cidades catarinenses entre os dias 25 e 26 de agosto. A margem de erro \u00e9 de 3,1 pontos percentuais para mais ou para menos e n\u00edvel de confian\u00e7a de 95%.<\/p>\n<div class=\"postViewMore_post-view-more-container___5wai\" data-mrf-recirculation=\"Post - Veja tamb\u00e9m\">\n<p class=\"gp-styles-module-size-small-afeYRa gp-styles-module-font-family2-afeYRa gp-styles-module-color-secondary-afeYRa gp-styles-module-weight-bold-afeYRa\">VEJA TAMB\u00c9M:<\/p>\n<ul class=\"postViewMore_post-view-more-list__CU_CE\">\n<li class=\"postViewMore_post-view-more-item__2MzRb\">\n<div class=\"postViewMore_post-view-more-image__5gUSe\"><picture class=\"imageDefault_image-container__XGd8_\"><\/picture><\/div>\n<p>Lula define Tarc\u00edsio como advers\u00e1rio para 2026 em meio a julgamento de Bolsonaro<\/li>\n<\/ul>\n<\/div>\n<p class=\"postParagraph_post-paragraph__juWZN\">Segundo a Neokemp, Ratinho Jr. supera os demais concorrentes tanto no primeiro como no segundo turno:<\/p>\n<h2 class=\"postParagraph_post-paragraph__juWZN postParagraph_type-tag-h2__TtFkT\">1\u00ba turno<\/h2>\n<ul class=\"postList_post-list-container__W0E4y postList_visual-type-unordered-list__M8U7t\">\n<li class=\"postList_post-list-item__34Ck1\">Ratinho Jr. (PSD): 40%;<\/li>\n<li class=\"postList_post-list-item__34Ck1\">Lula (PT): 25,4%;<\/li>\n<li class=\"postList_post-list-item__34Ck1\">Romeu Zema (Novo): 11,8%;<\/li>\n<li class=\"postList_post-list-item__34Ck1\">Ronaldo Caiado (Uni\u00e3o): 5,5%;<\/li>\n<li class=\"postList_post-list-item__34Ck1\">N\u00e3o sabe: 8,7%;<\/li>\n<li class=\"postList_post-list-item__34Ck1\">Branco ou nulo: 8,6%.<\/li>\n<\/ul>\n<h2 class=\"postParagraph_post-paragraph__juWZN postParagraph_type-tag-h2__TtFkT\">2\u00ba turno<\/h2>\n<ul class=\"postList_post-list-container__W0E4y postList_visual-type-unordered-list__M8U7t\">\n<li class=\"postList_post-list-item__34Ck1\">Ratinho Jr. (PSD): 58,8%;<\/li>\n<li class=\"postList_post-list-item__34Ck1\">Lula (PT): 24,6%;<\/li>\n<li class=\"postList_post-list-item__34Ck1\">N\u00e3o sabe: 8,4%;<\/li>\n<li class=\"postList_post-list-item__34Ck1\">Branco ou nulo: 8,5%;<\/li>\n<\/ul>\n<p class=\"postParagraph_post-paragraph__juWZN\">Os eleitores de Ratinho Jr. s\u00e3o principalmente homens, dos 35 aos 44 anos de idade, com ensino superior completo e renda de R$ 3 mil a R$ 7,6 mil. J\u00e1 os de Lula s\u00e3o mulheres, acima dos 45 anos de idade, com ensino fundamental e tamb\u00e9m renda entre R$ 3 mil e R$ 7,5 mil.<\/p>\n<h2 class=\"postParagraph_post-paragraph-innerHtml__Q5vwc postParagraph_type-tag-h2__TtFkT\">Por que a Gazeta do Povo publica pesquisas eleitorais\u00a0<\/h2>\n<p class=\"postParagraph_post-paragraph-innerHtml__Q5vwc\">A\u00a0<strong>Gazeta do Povo<\/strong>\u00a0publica h\u00e1 anos todas as pesquisas de inten\u00e7\u00e3o de voto realizadas pelos principais institutos de opini\u00e3o p\u00fablica do pa\u00eds. As pesquisas de inten\u00e7\u00e3o de voto fazem uma leitura de momento, com base em amostras representativas da popula\u00e7\u00e3o.<\/p>\n<p class=\"postParagraph_post-paragraph-innerHtml__Q5vwc\">M\u00e9todos de entrevistas, composi\u00e7\u00e3o e n\u00famero da amostra e at\u00e9 mesmo a forma como uma pergunta \u00e9 feita s\u00e3o fatores que podem influenciar no resultado. Por isso \u00e9 importante ficar atento \u00e0s informa\u00e7\u00f5es de metodologias, encontradas no fim das mat\u00e9rias da\u00a0<strong>Gazeta do Povo<\/strong>\u00a0sobre pesquisas eleitorais.<\/p>\n<p class=\"postParagraph_post-paragraph-innerHtml__Q5vwc\">Pesquisas publicadas nas elei\u00e7\u00f5es de 2022, por exemplo, apontaram discrep\u00e2ncias relevantes em rela\u00e7\u00e3o ao resultado apresentado na urna. Feitos esses apontamentos, a\u00a0<strong>Gazeta do Povo<\/strong>\u00a0considera que as pesquisas eleitorais, longe de serem uma previs\u00e3o do resultado das elei\u00e7\u00f5es, s\u00e3o uma ferramenta de informa\u00e7\u00e3o \u00e0 disposi\u00e7\u00e3o do leitor, j\u00e1 que os resultados divulgados t\u00eam potencial de influenciar decis\u00f5es de partidos, de lideran\u00e7as pol\u00edticas e at\u00e9 mesmo os humores do mercado financeiro.<\/p>\n<\/div>\n<p><br \/>\n<br \/>Fonte: <a href=\"https:\/\/www.gazetadopovo.com.br\/republica\/ratinho-jr-lula-zema-caiado-pesquisa-presidencial-sc\/\">Revista Oeste<\/a><\/p>\n","protected":false},"excerpt":{"rendered":"<p>O governador paranaense Ratinho Jr. (PSD) seria eleito presidente da Rep\u00fablica pelos catarinenses se as elei\u00e7\u00f5es de 2026 fossem realizadas hoje, de acordo com uma nova pesquisa da Neokemp divulgada nesta sexta (5). O pol\u00edtico aparece \u00e0 frente do pr\u00f3prio presidente Luiz In\u00e1cio Lula da Silva (PT), que deve disputar a reelei\u00e7\u00e3o, e dos governadores [&hellip;]<\/p>\n","protected":false},"author":5,"featured_media":42085,"comment_status":"open","ping_status":"open","sticky":false,"template":"","format":"standard","meta":{"_seopress_robots_primary_cat":"","_seopress_titles_title":"","_seopress_titles_desc":"","_seopress_robots_index":"","footnotes":""},"categories":[1],"tags":[],"class_list":["post-42084","post","type-post","status-publish","format-standard","has-post-thumbnail","hentry","category-ultimas-noticias"],"_links":{"self":[{"href":"https:\/\/mussicom.com\/noticias\/wp-json\/wp\/v2\/posts\/42084","targetHints":{"allow":["GET"]}}],"collection":[{"href":"https:\/\/mussicom.com\/noticias\/wp-json\/wp\/v2\/posts"}],"about":[{"href":"https:\/\/mussicom.com\/noticias\/wp-json\/wp\/v2\/types\/post"}],"author":[{"embeddable":true,"href":"https:\/\/mussicom.com\/noticias\/wp-json\/wp\/v2\/users\/5"}],"replies":[{"embeddable":true,"href":"https:\/\/mussicom.com\/noticias\/wp-json\/wp\/v2\/comments?post=42084"}],"version-history":[{"count":0,"href":"https:\/\/mussicom.com\/noticias\/wp-json\/wp\/v2\/posts\/42084\/revisions"}],"wp:featuredmedia":[{"embeddable":true,"href":"https:\/\/mussicom.com\/noticias\/wp-json\/wp\/v2\/media\/42085"}],"wp:attachment":[{"href":"https:\/\/mussicom.com\/noticias\/wp-json\/wp\/v2\/media?parent=42084"}],"wp:term":[{"taxonomy":"category","embeddable":true,"href":"https:\/\/mussicom.com\/noticias\/wp-json\/wp\/v2\/categories?post=42084"},{"taxonomy":"post_tag","embeddable":true,"href":"https:\/\/mussicom.com\/noticias\/wp-json\/wp\/v2\/tags?post=42084"}],"curies":[{"name":"wp","href":"https:\/\/api.w.org\/{rel}","templated":true}]}}