{"id":42030,"date":"2025-09-05T08:29:14","date_gmt":"2025-09-05T11:29:14","guid":{"rendered":"https:\/\/mussicom.com\/stf-torna-salles-reu-por-suposto-contrabando-florestal\/"},"modified":"2025-09-05T08:29:14","modified_gmt":"2025-09-05T11:29:14","slug":"stf-torna-salles-reu-por-suposto-contrabando-florestal","status":"publish","type":"post","link":"https:\/\/mussicom.com\/noticias\/stf-torna-salles-reu-por-suposto-contrabando-florestal\/","title":{"rendered":"STF torna Salles r\u00e9u por suposto contrabando florestal"},"content":{"rendered":"<p> <br \/>\n<\/p>\n<div>\n<p class=\"postParagraph_post-paragraph-innerHtml__Q5vwc\">O Supremo Tribunal Federal (STF) tornou o deputado federal Ricardo Salles (Novo-SP) r\u00e9u por suposto contrabando florestal, em decis\u00e3o assinada pelo ministro Alexandre de Moraes nesta quinta-feira (4). O caso remonta ao per\u00edodo em que Salles era ministro do Meio Ambiente no governo do ex-presidente Jair Bolsonaro (PL).<\/p>\n<p class=\"postParagraph_post-paragraph-innerHtml__Q5vwc\">A den\u00fancia, apresentada pela Procuradoria-Geral da Rep\u00fablica (PGR), aponta que servidores ligados ao Minist\u00e9rio do Meio Ambiente, nomeados por Salles, teriam atuado para favorecer \u201cinteresses ileg\u00edtimos\u201d de madeireiras na cidade de Altamira (PA). Segundo a Pol\u00edcia Federal, houve facilita\u00e7\u00e3o ao contrabando de produtos florestais com participa\u00e7\u00e3o de agentes p\u00fablicos e empresas privadas.<\/p>\n<p class=\"postParagraph_post-paragraph__juWZN\">O inqu\u00e9rito teve origem em uma not\u00edcia-crime apresentada pelos ex-deputados federais Joenia Wapichana (Rede-RR) e Alessandro Molon (PSB-RJ), ap\u00f3s a divulga\u00e7\u00e3o de v\u00eddeos de uma reuni\u00e3o ministerial realizada em abril de 2020.<\/p>\n<p class=\"postParagraph_post-paragraph__juWZN\">\u201cA Pol\u00edcia Federal representou, ainda, pelo deferimento de in\u00fameras dilig\u00eancias criminais em face de diversos agentes p\u00fablicos e pessoas jur\u00eddicas, em tese envolvidos em grave esquema de facilita\u00e7\u00e3o ao contrabando de produtos florestais\u201d, diz o documento do processo.<\/p>\n<div class=\"postViewMore_post-view-more-container___5wai\" data-mrf-recirculation=\"Post - Veja tamb\u00e9m\">\n<p class=\"gp-styles-module-size-small-afeYRa gp-styles-module-font-family2-afeYRa gp-styles-module-color-secondary-afeYRa gp-styles-module-weight-bold-afeYRa\">VEJA TAMB\u00c9M:<\/p>\n<ul class=\"postViewMore_post-view-more-list__CU_CE\">\n<li class=\"postViewMore_post-view-more-item__2MzRb\">\n<div class=\"postViewMore_post-view-more-image__5gUSe\"><picture class=\"imageDefault_image-container__XGd8_\"><\/picture><\/div>\n<p>Abin vai monitorar manifesta\u00e7\u00f5es previstas para o 7 de setembro em Bras\u00edlia<\/li>\n<\/ul>\n<\/div>\n<p class=\"postParagraph_post-paragraph__juWZN\">Inicialmente arquivada, a a\u00e7\u00e3o foi reaberta por Moraes um ano depois e a den\u00fancia foi oferecida em 2023, abrangendo 22 pessoas. Entre os crimes atribu\u00eddos a Salles est\u00e3o dificultar a fiscaliza\u00e7\u00e3o do poder p\u00fablico, organiza\u00e7\u00e3o criminosa, contrabando ou descaminho e patrocinar interesse privado perante a administra\u00e7\u00e3o p\u00fablica.<\/p>\n<p class=\"postParagraph_post-paragraph__juWZN\">O Minist\u00e9rio P\u00fablico Federal destacou que apreens\u00f5es de madeira de origem brasileira ocorreram nos Estados Unidos sem a documenta\u00e7\u00e3o necess\u00e1ria para exporta\u00e7\u00e3o legal.<\/p>\n<p class=\"postParagraph_post-paragraph__juWZN\">\u201cProceda-se a altera\u00e7\u00e3o da classe processual para A\u00e7\u00e3o Penal de Procedimento Ordin\u00e1rio, com o MPF como autor e os denunciados como r\u00e9us\u201d, determinou o juiz federal substituto Gilson Jader Gon\u00e7alves Vieira Filho.<\/p>\n<p class=\"postParagraph_post-paragraph__juWZN\">O magistrado seguiu alegado que os envolvidos foram denunciados \u201cpor integrarem organiza\u00e7\u00e3o criminosa na qual agentes p\u00fablicos, aproveitando-se do cargo p\u00fablico e em conluio com representantes do setor madeireiro praticaram diversos crimes direcionados ao interesses dos representantes do setor madeireiro\u201d.<\/p>\n<p class=\"postParagraph_post-paragraph__juWZN\">Ricardo Salles rebateu a decis\u00e3o afirmando que \u201cn\u00e3o h\u00e1 nada de novo\u201d e que o processo \u201cj\u00e1 estava em andamento na primeira inst\u00e2ncia\u201d. Em junho de 2021, ele pediu demiss\u00e3o do cargo de ministro ap\u00f3s ser alvo de opera\u00e7\u00e3o da Pol\u00edcia Federal que afastou dez servidores do Ibama e do minist\u00e9rio.<\/p>\n<p class=\"postParagraph_post-paragraph__juWZN\">As investiga\u00e7\u00f5es apontaram que um despacho oficial, emitido durante sua gest\u00e3o, permitiu a exporta\u00e7\u00e3o de produtos florestais sem autoriza\u00e7\u00e3o, atendendo a demandas de empresas que tiveram cargas apreendidas nos Estados Unidos e na Europa.<\/p>\n<\/div>\n<p><br \/>\n<br \/>Fonte: <a href=\"https:\/\/www.gazetadopovo.com.br\/republica\/stf-torna-salles-reu-suposto-contrabando-florestal\/\">Revista Oeste<\/a><\/p>\n","protected":false},"excerpt":{"rendered":"<p>O Supremo Tribunal Federal (STF) tornou o deputado federal Ricardo Salles (Novo-SP) r\u00e9u por suposto contrabando florestal, em decis\u00e3o assinada pelo ministro Alexandre de Moraes nesta quinta-feira (4). O caso remonta ao per\u00edodo em que Salles era ministro do Meio Ambiente no governo do ex-presidente Jair Bolsonaro (PL). A den\u00fancia, apresentada pela Procuradoria-Geral da Rep\u00fablica [&hellip;]<\/p>\n","protected":false},"author":5,"featured_media":42031,"comment_status":"open","ping_status":"open","sticky":false,"template":"","format":"standard","meta":{"_seopress_robots_primary_cat":"","_seopress_titles_title":"","_seopress_titles_desc":"","_seopress_robots_index":"","footnotes":""},"categories":[1],"tags":[],"class_list":["post-42030","post","type-post","status-publish","format-standard","has-post-thumbnail","hentry","category-ultimas-noticias"],"_links":{"self":[{"href":"https:\/\/mussicom.com\/noticias\/wp-json\/wp\/v2\/posts\/42030","targetHints":{"allow":["GET"]}}],"collection":[{"href":"https:\/\/mussicom.com\/noticias\/wp-json\/wp\/v2\/posts"}],"about":[{"href":"https:\/\/mussicom.com\/noticias\/wp-json\/wp\/v2\/types\/post"}],"author":[{"embeddable":true,"href":"https:\/\/mussicom.com\/noticias\/wp-json\/wp\/v2\/users\/5"}],"replies":[{"embeddable":true,"href":"https:\/\/mussicom.com\/noticias\/wp-json\/wp\/v2\/comments?post=42030"}],"version-history":[{"count":0,"href":"https:\/\/mussicom.com\/noticias\/wp-json\/wp\/v2\/posts\/42030\/revisions"}],"wp:featuredmedia":[{"embeddable":true,"href":"https:\/\/mussicom.com\/noticias\/wp-json\/wp\/v2\/media\/42031"}],"wp:attachment":[{"href":"https:\/\/mussicom.com\/noticias\/wp-json\/wp\/v2\/media?parent=42030"}],"wp:term":[{"taxonomy":"category","embeddable":true,"href":"https:\/\/mussicom.com\/noticias\/wp-json\/wp\/v2\/categories?post=42030"},{"taxonomy":"post_tag","embeddable":true,"href":"https:\/\/mussicom.com\/noticias\/wp-json\/wp\/v2\/tags?post=42030"}],"curies":[{"name":"wp","href":"https:\/\/api.w.org\/{rel}","templated":true}]}}