{"id":41970,"date":"2025-09-05T00:21:16","date_gmt":"2025-09-05T03:21:16","guid":{"rendered":"https:\/\/mussicom.com\/abin-monitora-manifestacoes-7-de-setembro\/"},"modified":"2025-09-05T00:21:16","modified_gmt":"2025-09-05T03:21:16","slug":"abin-monitora-manifestacoes-7-de-setembro","status":"publish","type":"post","link":"https:\/\/mussicom.com\/noticias\/abin-monitora-manifestacoes-7-de-setembro\/","title":{"rendered":"Abin monitora manifesta\u00e7\u00f5es 7 de setembro"},"content":{"rendered":"<p> <br \/>\n<\/p>\n<div>\n<p class=\"postParagraph_post-paragraph__juWZN\">A Ag\u00eancia Brasileira de Intelig\u00eancia (Abin) montou um Centro de Intelig\u00eancia em Bras\u00edlia para monitorar as celebra\u00e7\u00f5es do 7 de setembro de 2025. O objetivo declarado \u00e9 identificar amea\u00e7as que possam afetar direitos fundamentais ou a seguran\u00e7a de autoridades e participantes.<\/p>\n<p class=\"postParagraph_post-paragraph__juWZN\">A iniciativa, anunciada nesta quinta-feira (4), ocorre em meio \u00e0 expectativa de manifesta\u00e7\u00f5es intensas e polarizadas em v\u00e1rias cidades do pa\u00eds. As equipes da Abin atuar\u00e3o em coopera\u00e7\u00e3o com \u00f3rg\u00e3os do Sistema Brasileiro de Intelig\u00eancia (Sisbin) e integrar\u00e3o a C\u00e9lula Integrada de Intelig\u00eancia de Seguran\u00e7a P\u00fablica (CIISP), ligada \u00e0 Secretaria de Seguran\u00e7a P\u00fablica do Distrito Federal.<\/p>\n<p class=\"postParagraph_post-paragraph__juWZN\">As superintend\u00eancias estaduais da Abin colaborar\u00e3o com o Centro de Intelig\u00eancia, promovendo atua\u00e7\u00e3o integrada ao Sisbin. O acesso \u00e0 Esplanada dos Minist\u00e9rios ser\u00e1 bloqueado a partir das 23 horas do dia 6, podendo ser antecipado para mais cedo. No dia 7 de setembro, os port\u00f5es de acesso ser\u00e3o abertos \u00e0s 6 horas, com inspe\u00e7\u00f5es obrigat\u00f3rias nos pontos de entrada para o p\u00fablico.<\/p>\n<p class=\"postParagraph_post-paragraph__juWZN\">As comemora\u00e7\u00f5es de 7 de setembro devem reunir diversos grupos pol\u00edticos, incluindo manifesta\u00e7\u00f5es da direita e da esquerda, destacando a polariza\u00e7\u00e3o do cen\u00e1rio pol\u00edtico brasileiro. Est\u00e3o previstos atos de apoio ao ex-presidente Jair Bolsonaro (PL).<\/p>\n<h2 class=\"postParagraph_post-paragraph__juWZN postParagraph_type-tag-h2__TtFkT\">7 de setembro tamb\u00e9m ser\u00e1 observado por americanos<\/h2>\n<p class=\"postParagraph_post-paragraph__juWZN\">O jornalista Paulo Figueiredo declarou que os Estados Unidos acompanhar\u00e3o de perto as manifesta\u00e7\u00f5es de 7 de setembro, organizadas por apoiadores do ex-presidente Jair Bolsonaro em v\u00e1rias cidades do pa\u00eds. A data coincide com o momento em que o STF julga Bolsonaro por suposto envolvimento em uma tentativa de golpe de Estado.<\/p>\n<\/div>\n<p><br \/>\n<br \/>Fonte: <a href=\"https:\/\/www.gazetadopovo.com.br\/republica\/abin-monitora-manifestacoes-7-de-setembro\/\">Revista Oeste<\/a><\/p>\n","protected":false},"excerpt":{"rendered":"<p>A Ag\u00eancia Brasileira de Intelig\u00eancia (Abin) montou um Centro de Intelig\u00eancia em Bras\u00edlia para monitorar as celebra\u00e7\u00f5es do 7 de setembro de 2025. O objetivo declarado \u00e9 identificar amea\u00e7as que possam afetar direitos fundamentais ou a seguran\u00e7a de autoridades e participantes. A iniciativa, anunciada nesta quinta-feira (4), ocorre em meio \u00e0 expectativa de manifesta\u00e7\u00f5es intensas [&hellip;]<\/p>\n","protected":false},"author":5,"featured_media":41971,"comment_status":"open","ping_status":"open","sticky":false,"template":"","format":"standard","meta":{"_seopress_robots_primary_cat":"","_seopress_titles_title":"","_seopress_titles_desc":"","_seopress_robots_index":"","footnotes":""},"categories":[1],"tags":[],"class_list":["post-41970","post","type-post","status-publish","format-standard","has-post-thumbnail","hentry","category-ultimas-noticias"],"_links":{"self":[{"href":"https:\/\/mussicom.com\/noticias\/wp-json\/wp\/v2\/posts\/41970","targetHints":{"allow":["GET"]}}],"collection":[{"href":"https:\/\/mussicom.com\/noticias\/wp-json\/wp\/v2\/posts"}],"about":[{"href":"https:\/\/mussicom.com\/noticias\/wp-json\/wp\/v2\/types\/post"}],"author":[{"embeddable":true,"href":"https:\/\/mussicom.com\/noticias\/wp-json\/wp\/v2\/users\/5"}],"replies":[{"embeddable":true,"href":"https:\/\/mussicom.com\/noticias\/wp-json\/wp\/v2\/comments?post=41970"}],"version-history":[{"count":0,"href":"https:\/\/mussicom.com\/noticias\/wp-json\/wp\/v2\/posts\/41970\/revisions"}],"wp:featuredmedia":[{"embeddable":true,"href":"https:\/\/mussicom.com\/noticias\/wp-json\/wp\/v2\/media\/41971"}],"wp:attachment":[{"href":"https:\/\/mussicom.com\/noticias\/wp-json\/wp\/v2\/media?parent=41970"}],"wp:term":[{"taxonomy":"category","embeddable":true,"href":"https:\/\/mussicom.com\/noticias\/wp-json\/wp\/v2\/categories?post=41970"},{"taxonomy":"post_tag","embeddable":true,"href":"https:\/\/mussicom.com\/noticias\/wp-json\/wp\/v2\/tags?post=41970"}],"curies":[{"name":"wp","href":"https:\/\/api.w.org\/{rel}","templated":true}]}}