{"id":41959,"date":"2025-09-04T23:20:16","date_gmt":"2025-09-05T02:20:16","guid":{"rendered":"https:\/\/mussicom.com\/audio-de-auxiliar-de-moraes-revela-busca-informal-por-relatorios\/"},"modified":"2025-09-04T23:20:16","modified_gmt":"2025-09-05T02:20:16","slug":"audio-de-auxiliar-de-moraes-revela-busca-informal-por-relatorios","status":"publish","type":"post","link":"https:\/\/mussicom.com\/noticias\/audio-de-auxiliar-de-moraes-revela-busca-informal-por-relatorios\/","title":{"rendered":"\u00c1udio de auxiliar de Moraes revela busca informal por relat\u00f3rios"},"content":{"rendered":"<p> <br \/>\n<\/p>\n<div>\n<p class=\"postParagraph_post-paragraph__juWZN\">Um \u00e1udio divulgado nesta quinta-feira (4) por Eduardo Tagliaferro, ex-chefe do setor de combate \u00e0 desinforma\u00e7\u00e3o do Tribunal Superior Eleitoral (TSE), exp\u00f5e a preocupa\u00e7\u00e3o de um dos assessores Alexandre de Moraes com questionamento no rito de solicita\u00e7\u00f5es de relat\u00f3rios eleitorais sobre pessoas cr\u00edticas ao Supremo Tribunal Federal (STF) durante as elei\u00e7\u00f5es de 2022. A grava\u00e7\u00e3o mostra a tela do WhatsApp com o \u00e1udio (e sua transcri\u00e7\u00e3o), onde consta como remetente Airton Vieira, juiz auxiliar do ministro Moraes no STF.<\/p>\n<p class=\"postParagraph_post-paragraph-innerHtml__Q5vwc\">No registro, gravado em 11 de novembro de 2022 e divulgado nas redes sociais de Tagliaferro, Vieira teria admitido que evitou seguir o rito oficial para solicitar dados do TSE. Segundo a conversa, um pedido formal poderia evidenciar pr\u00e1ticas irregulares, tornando-as expl\u00edcitas no processo.<\/p>\n<p class=\"postParagraph_post-paragraph__juWZN\">\u201cN\u00e3o tenho como, formalmente, se algu\u00e9m for questionar. (\u2026) \u00a0Vai ficar uma coisa muito descarada. Como o juiz instrutor l\u00e1 do Supremo manda para algu\u00e9m lotado no TSE, e esse algu\u00e9m, sem mais nem menos, obedece, manda um relat\u00f3rio\u201d, teria declarado Vieira.<\/p>\n<p class=\"postParagraph_post-paragraph__juWZN\">O conte\u00fado do di\u00e1logo sugere que auxiliares de ambos os tribunais integravam uma rede informal de colabora\u00e7\u00e3o, conforme sugerido por Tagliaferro, na qual regras regimentais e processuais foram flexibilizadas para atender solicita\u00e7\u00f5es do gabinete de Moraes.<\/p>\n<p class=\"postParagraph_post-paragraph-innerHtml__Q5vwc\">Os \u00a0relat\u00f3rios da \u00e1rea de enfrentamento da desinforma\u00e7\u00e3o do TSE, ent\u00e3o coordenada por Eduardo Tagliaferro, subsidiaram opera\u00e7\u00f5es como mandados de busca e apreens\u00e3o. Tagliaferro foi o respons\u00e1vel t\u00e9cnico pela elabora\u00e7\u00e3o desses documentos durante a elei\u00e7\u00e3o, sustentando procedimentos contra indiv\u00edduos ou grupos sob investiga\u00e7\u00e3o.<\/p>\n<p class=\"postParagraph_post-paragraph-innerHtml__Q5vwc\">A <strong>Gazeta do Povo<\/strong> solicitou esclarecimentos ao STF mas ainda n\u00e3o obteve resposta. Na ter\u00e7a-feira (2), o gabinete do ministro Alexandre de Moraes, havia declarado que todos os procedimentos realizados nas investiga\u00e7\u00f5es sobre supostas mil\u00edcias digitais e desinforma\u00e7\u00e3o foram oficiais, regulares e documentados nos autos.<\/p>\n<p class=\"postParagraph_post-paragraph__juWZN\">Segundo a nota, as requisi\u00e7\u00f5es e determina\u00e7\u00f5es encaminhadas a \u00f3rg\u00e3os como o TSE seguiram normas regimentais e cumpriram o poder de pol\u00edcia do tribunal em casos envolvendo atividades il\u00edcitas, incluindo tentativa de golpe de Estado e atentados contra institui\u00e7\u00f5es democr\u00e1ticas.<\/p>\n<\/div>\n<p><script async src=\"\/\/www.instagram.com\/embed.js\"><\/script><br \/>\n<br \/><br \/>\n<br \/>Fonte: <a href=\"https:\/\/www.gazetadopovo.com.br\/republica\/audio-revela-relatorios-tse-gabinete-moraes\/\">Revista Oeste<\/a><\/p>\n","protected":false},"excerpt":{"rendered":"<p>Um \u00e1udio divulgado nesta quinta-feira (4) por Eduardo Tagliaferro, ex-chefe do setor de combate \u00e0 desinforma\u00e7\u00e3o do Tribunal Superior Eleitoral (TSE), exp\u00f5e a preocupa\u00e7\u00e3o de um dos assessores Alexandre de Moraes com questionamento no rito de solicita\u00e7\u00f5es de relat\u00f3rios eleitorais sobre pessoas cr\u00edticas ao Supremo Tribunal Federal (STF) durante as elei\u00e7\u00f5es de 2022. A grava\u00e7\u00e3o [&hellip;]<\/p>\n","protected":false},"author":5,"featured_media":41544,"comment_status":"open","ping_status":"open","sticky":false,"template":"","format":"standard","meta":{"_seopress_robots_primary_cat":"","_seopress_titles_title":"","_seopress_titles_desc":"","_seopress_robots_index":"","footnotes":""},"categories":[1],"tags":[],"class_list":["post-41959","post","type-post","status-publish","format-standard","has-post-thumbnail","hentry","category-ultimas-noticias"],"_links":{"self":[{"href":"https:\/\/mussicom.com\/noticias\/wp-json\/wp\/v2\/posts\/41959","targetHints":{"allow":["GET"]}}],"collection":[{"href":"https:\/\/mussicom.com\/noticias\/wp-json\/wp\/v2\/posts"}],"about":[{"href":"https:\/\/mussicom.com\/noticias\/wp-json\/wp\/v2\/types\/post"}],"author":[{"embeddable":true,"href":"https:\/\/mussicom.com\/noticias\/wp-json\/wp\/v2\/users\/5"}],"replies":[{"embeddable":true,"href":"https:\/\/mussicom.com\/noticias\/wp-json\/wp\/v2\/comments?post=41959"}],"version-history":[{"count":0,"href":"https:\/\/mussicom.com\/noticias\/wp-json\/wp\/v2\/posts\/41959\/revisions"}],"wp:featuredmedia":[{"embeddable":true,"href":"https:\/\/mussicom.com\/noticias\/wp-json\/wp\/v2\/media\/41544"}],"wp:attachment":[{"href":"https:\/\/mussicom.com\/noticias\/wp-json\/wp\/v2\/media?parent=41959"}],"wp:term":[{"taxonomy":"category","embeddable":true,"href":"https:\/\/mussicom.com\/noticias\/wp-json\/wp\/v2\/categories?post=41959"},{"taxonomy":"post_tag","embeddable":true,"href":"https:\/\/mussicom.com\/noticias\/wp-json\/wp\/v2\/tags?post=41959"}],"curies":[{"name":"wp","href":"https:\/\/api.w.org\/{rel}","templated":true}]}}