{"id":41864,"date":"2025-09-04T16:13:15","date_gmt":"2025-09-04T19:13:15","guid":{"rendered":"https:\/\/mussicom.com\/bolsonaro-no-alvo-do-stf-anistia-volta-ao-debate-no-congresso\/"},"modified":"2025-09-04T16:13:15","modified_gmt":"2025-09-04T19:13:15","slug":"bolsonaro-no-alvo-do-stf-anistia-volta-ao-debate-no-congresso","status":"publish","type":"post","link":"https:\/\/mussicom.com\/noticias\/bolsonaro-no-alvo-do-stf-anistia-volta-ao-debate-no-congresso\/","title":{"rendered":"Bolsonaro no alvo do STF, anistia volta ao debate no Congresso"},"content":{"rendered":"<p> <br \/>\n<\/p>\n<div>\n<p class=\"postParagraph_post-paragraph__juWZN\">Este epis\u00f3dio do Podcast 15 Minutos discute a crescente press\u00e3o pol\u00edtica no Brasil para o avan\u00e7o de um projeto de lei de anistia, especialmente em meio ao julgamento do ex-presidente Jair Bolsonaro por uma suposta tentativa de golpe de Estado. A conversa destaca a percep\u00e7\u00e3o de que o Supremo Tribunal Federal (STF) atua de forma politizada, levando diversos partidos no Congresso Nacional, incluindo o Republicanos, Uni\u00e3o Brasil e Partido Progressista, a apoiar a pauta da anistia.<\/p>\n<p class=\"postParagraph_post-paragraph__juWZN\">Al\u00e9m disso, o programa aborda a atua\u00e7\u00e3o dos advogados de defesa no julgamento de Bolsonaro, criticando-os por n\u00e3o adotarem um tom mais contundente e por n\u00e3o confrontarem as ilegalidades processuais. Por fim, o podcast revela a press\u00e3o externa dos Estados Unidos sobre o Brasil, com autoridades americanas sinalizando que as tarifas comerciais podem ser revertidas caso o Congresso brasileiro resolva quest\u00f5es institucionais, como a atua\u00e7\u00e3o do Ministro Alexandre de Moraes e o avan\u00e7o da anistia.<\/p>\n<\/div>\n<p><br \/>\n<br \/>Fonte: <a href=\"https:\/\/www.gazetadopovo.com.br\/republica\/pl-anistia-bolsonaro-tarcisio-stf-eua\/\">Revista Oeste<\/a><\/p>\n","protected":false},"excerpt":{"rendered":"<p>Este epis\u00f3dio do Podcast 15 Minutos discute a crescente press\u00e3o pol\u00edtica no Brasil para o avan\u00e7o de um projeto de lei de anistia, especialmente em meio ao julgamento do ex-presidente Jair Bolsonaro por uma suposta tentativa de golpe de Estado. A conversa destaca a percep\u00e7\u00e3o de que o Supremo Tribunal Federal (STF) atua de forma [&hellip;]<\/p>\n","protected":false},"author":5,"featured_media":25852,"comment_status":"open","ping_status":"open","sticky":false,"template":"","format":"standard","meta":{"_seopress_robots_primary_cat":"","_seopress_titles_title":"","_seopress_titles_desc":"","_seopress_robots_index":"","footnotes":""},"categories":[1],"tags":[],"class_list":["post-41864","post","type-post","status-publish","format-standard","has-post-thumbnail","hentry","category-ultimas-noticias"],"_links":{"self":[{"href":"https:\/\/mussicom.com\/noticias\/wp-json\/wp\/v2\/posts\/41864","targetHints":{"allow":["GET"]}}],"collection":[{"href":"https:\/\/mussicom.com\/noticias\/wp-json\/wp\/v2\/posts"}],"about":[{"href":"https:\/\/mussicom.com\/noticias\/wp-json\/wp\/v2\/types\/post"}],"author":[{"embeddable":true,"href":"https:\/\/mussicom.com\/noticias\/wp-json\/wp\/v2\/users\/5"}],"replies":[{"embeddable":true,"href":"https:\/\/mussicom.com\/noticias\/wp-json\/wp\/v2\/comments?post=41864"}],"version-history":[{"count":0,"href":"https:\/\/mussicom.com\/noticias\/wp-json\/wp\/v2\/posts\/41864\/revisions"}],"wp:featuredmedia":[{"embeddable":true,"href":"https:\/\/mussicom.com\/noticias\/wp-json\/wp\/v2\/media\/25852"}],"wp:attachment":[{"href":"https:\/\/mussicom.com\/noticias\/wp-json\/wp\/v2\/media?parent=41864"}],"wp:term":[{"taxonomy":"category","embeddable":true,"href":"https:\/\/mussicom.com\/noticias\/wp-json\/wp\/v2\/categories?post=41864"},{"taxonomy":"post_tag","embeddable":true,"href":"https:\/\/mussicom.com\/noticias\/wp-json\/wp\/v2\/tags?post=41864"}],"curies":[{"name":"wp","href":"https:\/\/api.w.org\/{rel}","templated":true}]}}