{"id":41660,"date":"2025-09-03T17:50:17","date_gmt":"2025-09-03T20:50:17","guid":{"rendered":"https:\/\/mussicom.com\/proposta-alternativa-a-anistia-de-alcolumbre-enfrenta-rejeicao\/"},"modified":"2025-09-03T17:50:17","modified_gmt":"2025-09-03T20:50:17","slug":"proposta-alternativa-a-anistia-de-alcolumbre-enfrenta-rejeicao","status":"publish","type":"post","link":"https:\/\/mussicom.com\/noticias\/proposta-alternativa-a-anistia-de-alcolumbre-enfrenta-rejeicao\/","title":{"rendered":"Proposta alternativa \u00e0 anistia de Alcolumbre enfrenta rejei\u00e7\u00e3o"},"content":{"rendered":"<p> <br \/>\n<\/p>\n<div>\n<p class=\"postParagraph_post-paragraph__juWZN\">O presidente do Senado, Davi Alcolumbre (Uni\u00e3o Brasil-AP), anunciou a inten\u00e7\u00e3o de apresentar uma proposta alternativa \u00e0 chamada &#8220;anistia&#8221; para participantes dos atos de 8 de janeiro, em Bras\u00edlia. A iniciativa prev\u00ea redu\u00e7\u00e3o de penas para envolvidos considerados de menor participa\u00e7\u00e3o, mas excluiria o ex-presidente Jair Bolsonaro (PL) e articuladores das manifesta\u00e7\u00f5es.<\/p>\n<p class=\"postParagraph_post-paragraph-innerHtml__Q5vwc\">Alcolumbre afirmou que pretende elaborar o texto e submet\u00ea-lo \u00e0 vota\u00e7\u00e3o no Senado. \u201cEu vou votar o texto alternativo. \u00c9 isso que eu quero votar no Senado\u201d, declarou o presidente do Senado \u00e0 <em>Folha<\/em>. O an\u00fancio ocorre enquanto o Supremo Tribunal Federal (STF) julga acusa\u00e7\u00f5es de tentativa de golpe contra Bolsonaro e outros sete r\u00e9us.<\/p>\n<p class=\"postParagraph_post-paragraph__juWZN\">Entre as possibilidades discutidas, est\u00e1 a modifica\u00e7\u00e3o da dosimetria das penas. Um dos modelos analisados sugere considerar crimes menores como agravantes, evitando o ac\u00famulo autom\u00e1tico das puni\u00e7\u00f5es e resultando em senten\u00e7as mais proporcionais \u00e0 gravidade de cada conduta.<\/p>\n<h2 class=\"postParagraph_post-paragraph__juWZN postParagraph_type-tag-h2__TtFkT\">&#8220;N\u00e3o existe anistia meia bomba&#8221;, diz Fl\u00e1vio Bolsonaro<\/h2>\n<p class=\"postParagraph_post-paragraph__juWZN\">A proposta sofreu rejei\u00e7\u00e3o imediata de senadores da oposi\u00e7\u00e3o, aliados do ex-presidente Jair Bolsonaro. \u201cN\u00e3o existe anistia meia bomba. N\u00e3o tem outra alternativa a n\u00e3o ser uma anistia ampla, geral e irrestrita\u201d, comentou o senador Fl\u00e1vio Bolsonaro (PL-RJ), citado pelo Estad\u00e3o. \u201cN\u00e3o existe reduzir pena de nada, porque eles est\u00e3o respondendo por crimes que n\u00e3o cometeram\u201d, continuou.<\/p>\n<p class=\"postParagraph_post-paragraph__juWZN\">Alcolumbre ainda n\u00e3o definiu datas para apresenta\u00e7\u00e3o ou vota\u00e7\u00e3o da mat\u00e9ria. Segundo ele, o texto deve ser discutido em reuni\u00e3o de l\u00edderes partid\u00e1rios antes de eventual delibera\u00e7\u00e3o em plen\u00e1rio.<\/p>\n<p class=\"postParagraph_post-paragraph__juWZN\">Al\u00e9m disso, os oposicionistas argumentaram que n\u00e3o foram consultados sobre o texto e alegam que o debate deve avan\u00e7ar prioritariamente na C\u00e2mara dos Deputados, onde parte da base do governo e partidos do Centr\u00e3o, como PP e Uni\u00e3o Brasil, pressiona por uma anistia irrestrita, com apoio do governador de S\u00e3o Paulo, Tarc\u00edsio de Freitas (Republicanos).<\/p>\n<h2 class=\"postParagraph_post-paragraph__juWZN postParagraph_type-tag-h2__TtFkT\">Pr\u00f3ximos passos<\/h2>\n<p class=\"postParagraph_post-paragraph__juWZN\">Alcolumbre ainda n\u00e3o definiu datas para apresenta\u00e7\u00e3o ou vota\u00e7\u00e3o da mat\u00e9ria. Segundo ele, o texto deve ser discutido em reuni\u00e3o de l\u00edderes partid\u00e1rios antes de eventual delibera\u00e7\u00e3o em plen\u00e1rio. A discuss\u00e3o havia sido suspensa em abril diante de press\u00f5es por uma anistia ampla, mas foi retomada este m\u00eas devido \u00e0 intensifica\u00e7\u00e3o das articula\u00e7\u00f5es no Congresso durante o julgamento do STF.<\/p>\n<\/div>\n<p><br \/>\n<br \/>Fonte: <a href=\"https:\/\/www.gazetadopovo.com.br\/republica\/proposta-alternativa-anistia-alcolumbre\/\">Revista Oeste<\/a><\/p>\n","protected":false},"excerpt":{"rendered":"<p>O presidente do Senado, Davi Alcolumbre (Uni\u00e3o Brasil-AP), anunciou a inten\u00e7\u00e3o de apresentar uma proposta alternativa \u00e0 chamada &#8220;anistia&#8221; para participantes dos atos de 8 de janeiro, em Bras\u00edlia. A iniciativa prev\u00ea redu\u00e7\u00e3o de penas para envolvidos considerados de menor participa\u00e7\u00e3o, mas excluiria o ex-presidente Jair Bolsonaro (PL) e articuladores das manifesta\u00e7\u00f5es. Alcolumbre afirmou que [&hellip;]<\/p>\n","protected":false},"author":5,"featured_media":41661,"comment_status":"open","ping_status":"open","sticky":false,"template":"","format":"standard","meta":{"_seopress_robots_primary_cat":"","_seopress_titles_title":"","_seopress_titles_desc":"","_seopress_robots_index":"","footnotes":""},"categories":[1],"tags":[],"class_list":["post-41660","post","type-post","status-publish","format-standard","has-post-thumbnail","hentry","category-ultimas-noticias"],"_links":{"self":[{"href":"https:\/\/mussicom.com\/noticias\/wp-json\/wp\/v2\/posts\/41660","targetHints":{"allow":["GET"]}}],"collection":[{"href":"https:\/\/mussicom.com\/noticias\/wp-json\/wp\/v2\/posts"}],"about":[{"href":"https:\/\/mussicom.com\/noticias\/wp-json\/wp\/v2\/types\/post"}],"author":[{"embeddable":true,"href":"https:\/\/mussicom.com\/noticias\/wp-json\/wp\/v2\/users\/5"}],"replies":[{"embeddable":true,"href":"https:\/\/mussicom.com\/noticias\/wp-json\/wp\/v2\/comments?post=41660"}],"version-history":[{"count":0,"href":"https:\/\/mussicom.com\/noticias\/wp-json\/wp\/v2\/posts\/41660\/revisions"}],"wp:featuredmedia":[{"embeddable":true,"href":"https:\/\/mussicom.com\/noticias\/wp-json\/wp\/v2\/media\/41661"}],"wp:attachment":[{"href":"https:\/\/mussicom.com\/noticias\/wp-json\/wp\/v2\/media?parent=41660"}],"wp:term":[{"taxonomy":"category","embeddable":true,"href":"https:\/\/mussicom.com\/noticias\/wp-json\/wp\/v2\/categories?post=41660"},{"taxonomy":"post_tag","embeddable":true,"href":"https:\/\/mussicom.com\/noticias\/wp-json\/wp\/v2\/tags?post=41660"}],"curies":[{"name":"wp","href":"https:\/\/api.w.org\/{rel}","templated":true}]}}