{"id":41637,"date":"2025-09-03T15:12:23","date_gmt":"2025-09-03T18:12:23","guid":{"rendered":"https:\/\/mussicom.com\/man-of-tomorrow-sequencia-de-superman-e-confirmado-e-ganha-data-de-estreia\/"},"modified":"2025-09-03T15:12:23","modified_gmt":"2025-09-03T18:12:23","slug":"man-of-tomorrow-sequencia-de-superman-e-confirmado-e-ganha-data-de-estreia","status":"publish","type":"post","link":"https:\/\/mussicom.com\/noticias\/man-of-tomorrow-sequencia-de-superman-e-confirmado-e-ganha-data-de-estreia\/","title":{"rendered":"&#8216;Man of Tomorrow&#8217;, sequ\u00eancia de &#8216;Superman&#8217;, \u00e9 confirmado e ganha data de estreia"},"content":{"rendered":"<p> <br \/>\n<\/p>\n<div>\n<p data-end=\"380\" data-start=\"106\">A sequ\u00eancia de <em data-end=\"202\" data-start=\"192\">Superman<\/em>, longa dirigido por <strong>James Gunn<\/strong>\u00a0(<em>Guardi\u00f5es da Gal\u00e1xia: Volume 3<\/em>), j\u00e1 tem t\u00edtulo e data de estreia confirmados: <em><strong data-end=\"333\" data-start=\"304\">Man of Tomorrow<\/strong><\/em> chega aos cinemas em <strong data-end=\"377\" data-start=\"355\">9 de julho de 2027<\/strong>.\u00a0O an\u00fancio foi feito pelo pr\u00f3prio <strong>Gunn<\/strong> em suas redes sociais nesta quarta-feira, 3 de setembro.<\/p>\n<p data-end=\"698\" data-start=\"382\">Na publica\u00e7\u00e3o, o cineasta compartilhou uma imagem de quadrinhos que mostra o her\u00f3i kryptoniano ao lado de Lex Luthor em sua armadura de combate, indicando que o vil\u00e3o seguir\u00e1 como pe\u00e7a central da trama.<\/p>\n<p data-end=\"926\" data-start=\"700\">Interpretado por <strong data-end=\"735\" data-start=\"717\">Nicholas Hoult <\/strong>(<em>Nosferatu<\/em>), Luthor j\u00e1 havia tentado derrotar o Homem de A\u00e7o de <strong>David Corenswet<\/strong>(<em>Hollywood<\/em>) utilizando um clone no primeiro filme, mas, ap\u00f3s o fracasso, agora deve recorrer ao seu <em data-end=\"882\" data-start=\"873\">Warsuit<\/em> para enfrentar diretamente o her\u00f3i da DC.<\/p>\n<p data-end=\"1156\" data-start=\"928\">Ainda n\u00e3o h\u00e1 detalhes sobre a trama completa ou novos nomes no elenco, mas a expectativa \u00e9 que <em data-end=\"1050\" data-start=\"1023\">Man of Tomorrow<\/em> d\u00ea continuidade ao novo universo cinematogr\u00e1fico que <strong>Gunn<\/strong> est\u00e1 construindo para a DC nos pr\u00f3ximos anos. Confira a postagem:<\/p>\n<blockquote class=\"twitter-tweet\">\n<p dir=\"ltr\" lang=\"en\">Man of Tomorrow. In theatres July 9, 2027. <a href=\"https:\/\/t.co\/hegJEuRMTk\">pic.twitter.com\/hegJEuRMTk<\/a><\/p>\n<p>&#13;<br \/>\n\u2014 James Gunn (@JamesGunn) <a href=\"https:\/\/twitter.com\/JamesGunn\/status\/1963282616527851796?ref_src=twsrc%5Etfw\">September 3, 2025<\/a><\/p><\/blockquote>\n<h4><strong>Qual \u00e9 a hist\u00f3ria de <em>Superman<\/em>?<\/strong><\/h4>\n<p><strong><em>Superman<\/em><\/strong> acompanha <strong>Superman<\/strong>\/<strong>Clark Kent<\/strong> na busca para reconciliar a sua heran\u00e7a kryptoniana com a sua cria\u00e7\u00e3o humana. Na hist\u00f3ria, o her\u00f3i, apesar de usar os seus poderes para proteger a Terra e os seus habitantes, \u00e9 considerado um p\u00e1ria por muitos por n\u00e3o ter nascido em nosso planeta, o que tem resultado em cr\u00edticas \u00e0s suas a\u00e7\u00f5es. A situa\u00e7\u00e3o piora quando a verdade sobre a sua vinda ao nosso planeta \u00e9 revelada \u2014 uma verdade que at\u00e9 mesmo o\u00a0<strong>Superman<\/strong> desconhecia.<\/p>\n<h4><strong>Quem est\u00e1 no elenco?<\/strong><\/h4>\n<p>Al\u00e9m de <strong>David Corenswet <\/strong>no papel principal, <strong>Rachel Brosnahan<\/strong>\u00a0(<em>The Marvelous Mrs. Maisel<\/em>)\u00a0vive <strong>Lois Lane<\/strong>, interesse rom\u00e2ntico do protagonista, e <strong>Nicholas Hoult<\/strong>\u00a0(<em>The Great<\/em>)<strong\/>\u00e9\u00a0<strong>Lex Luthor<\/strong>, principal inimigo do super-her\u00f3i mais poderoso da DC.<\/p>\n<p><strong>Skyler Gisondo<\/strong> (<em>Fora de S\u00e9rie<\/em>) como\u00a0<strong>Jimmy Olsen<\/strong>, <strong>Isabela Merced <\/strong>(<em>The Last of Us<\/em>) como <strong>Mulher Gavi\u00e3o<\/strong>, <strong>Nathan Fillion<\/strong> (<em>O Esquadr\u00e3o Suicida<\/em>) como <strong>Lanterna Verde<\/strong>\u00a0e <strong>Edi Gathegi<\/strong> (<em>Crep\u00fasculo<\/em>) como <strong>Senhor Incr\u00edvel<\/strong>, entre outros, tamb\u00e9m est\u00e3o no elenco. Assista ao trailer da novidade a seguir:<\/p>\n<p><iframe title=\"Superman l Trailer Oficial Dublado\" width=\"800\" height=\"450\" src=\"https:\/\/www.youtube.com\/embed\/6HsfXtgcAE4?feature=oembed\" frameborder=\"0\" allow=\"accelerometer; autoplay; clipboard-write; encrypted-media; gyroscope; picture-in-picture; web-share\" referrerpolicy=\"strict-origin-when-cross-origin\" allowfullscreen><\/iframe><\/p>\n<p><strong>LEIA TAMB\u00c9M:<\/strong>Os 7 filmes do Superman lan\u00e7ados at\u00e9 hoje, da pior para a melhor bilheteria<\/p>\n<blockquote class=\"amdb-polls\" contenteditable=\"false\" data-sid=\"\/polls\/14\/embed\/\">\n<p>Qual foi o melhor filme de 2025 at\u00e9 agora? Vote no seu favorito!<\/p>\n<ul>\n<li>Anora<\/li>\n<li>Conclave<\/li>\n<li>Acompanhante Perfeita<\/li>\n<li>Flow<\/li>\n<li>O Brutalista<\/li>\n<li>Mickey 17<\/li>\n<li>Vit\u00f3ria<\/li>\n<li>Pecadores<\/li>\n<li>Thunderbolts*<\/li>\n<li>Homem com H<\/li>\n<li>Karat\u00ea Kid: Lendas<\/li>\n<li>Premoni\u00e7\u00e3o 6: La\u00e7os de Sangue<\/li>\n<li>Lilo &amp; Stitch<\/li>\n<li>Miss\u00e3o: Imposs\u00edvel &#8211; O Acerto Final<\/li>\n<li>Como Treinar o Seu Drag\u00e3o<\/li>\n<li>Exterm\u00ednio: A Evolu\u00e7\u00e3o<\/li>\n<li>Elio<\/li>\n<li>M3GAN 2.0<\/li>\n<li>F1: O Filme<\/li>\n<li>Jurassic World: Recome\u00e7o<\/li>\n<\/ul>\n<\/blockquote>\n<hr\/>\n<\/div>\n<p><script async src=\"\/\/platform.twitter.com\/widgets.js\" charset=\"utf-8\"><\/script><br \/>\n<br \/><br \/>\n<br \/>Fonte: <a href=\"https:\/\/rollingstone.com.br\/cinema\/man-of-tomorrow-sequencia-de-superman-e-confirmado-e-ganha-data-de-estreia\/\">rollingstone.com.br<\/a><\/p>\n","protected":false},"excerpt":{"rendered":"<p>A sequ\u00eancia de Superman, longa dirigido por James Gunn\u00a0(Guardi\u00f5es da Gal\u00e1xia: Volume 3), j\u00e1 tem t\u00edtulo e data de estreia confirmados: Man of Tomorrow chega aos cinemas em 9 de julho de 2027.\u00a0O an\u00fancio foi feito pelo pr\u00f3prio Gunn em suas redes sociais nesta quarta-feira, 3 de setembro. Na publica\u00e7\u00e3o, o cineasta compartilhou uma imagem [&hellip;]<\/p>\n","protected":false},"author":5,"featured_media":41638,"comment_status":"open","ping_status":"open","sticky":false,"template":"","format":"standard","meta":{"_seopress_robots_primary_cat":"","_seopress_titles_title":"","_seopress_titles_desc":"","_seopress_robots_index":"","footnotes":""},"categories":[51],"tags":[],"class_list":["post-41637","post","type-post","status-publish","format-standard","has-post-thumbnail","hentry","category-musica"],"_links":{"self":[{"href":"https:\/\/mussicom.com\/noticias\/wp-json\/wp\/v2\/posts\/41637","targetHints":{"allow":["GET"]}}],"collection":[{"href":"https:\/\/mussicom.com\/noticias\/wp-json\/wp\/v2\/posts"}],"about":[{"href":"https:\/\/mussicom.com\/noticias\/wp-json\/wp\/v2\/types\/post"}],"author":[{"embeddable":true,"href":"https:\/\/mussicom.com\/noticias\/wp-json\/wp\/v2\/users\/5"}],"replies":[{"embeddable":true,"href":"https:\/\/mussicom.com\/noticias\/wp-json\/wp\/v2\/comments?post=41637"}],"version-history":[{"count":0,"href":"https:\/\/mussicom.com\/noticias\/wp-json\/wp\/v2\/posts\/41637\/revisions"}],"wp:featuredmedia":[{"embeddable":true,"href":"https:\/\/mussicom.com\/noticias\/wp-json\/wp\/v2\/media\/41638"}],"wp:attachment":[{"href":"https:\/\/mussicom.com\/noticias\/wp-json\/wp\/v2\/media?parent=41637"}],"wp:term":[{"taxonomy":"category","embeddable":true,"href":"https:\/\/mussicom.com\/noticias\/wp-json\/wp\/v2\/categories?post=41637"},{"taxonomy":"post_tag","embeddable":true,"href":"https:\/\/mussicom.com\/noticias\/wp-json\/wp\/v2\/tags?post=41637"}],"curies":[{"name":"wp","href":"https:\/\/api.w.org\/{rel}","templated":true}]}}