{"id":41584,"date":"2025-09-03T10:49:16","date_gmt":"2025-09-03T13:49:16","guid":{"rendered":"https:\/\/mussicom.com\/pequenos-sao-maioria-mas-grandes-produzem-mais\/"},"modified":"2025-09-03T10:49:16","modified_gmt":"2025-09-03T13:49:16","slug":"pequenos-sao-maioria-mas-grandes-produzem-mais","status":"publish","type":"post","link":"https:\/\/mussicom.com\/noticias\/pequenos-sao-maioria-mas-grandes-produzem-mais\/","title":{"rendered":"Pequenos s\u00e3o maioria, mas grandes produzem mais"},"content":{"rendered":"<p> <br \/>\n<\/p>\n<div>\n<div class=\"row\">\n<div class=\"col-lg col-infos mt-0 mt-lg-0\">\n<div class=\"section-sub-title\">\n<p itemprop=\"description\">&#13;<br \/>\n                                Desde a safra 2017\/18, o Brasil se tornou um exportador l\u00edquido de feij\u00e3o&#13;\n                            <\/p>\n<\/p><\/div>\n<div class=\"container\">\n<div class=\"row\">\n<div class=\"col-lg p-0\">\n<div>\n<div class=\"block-news-main-infos mt-3 text-start\">\n<p>                                            <strong class=\"fn\" itemprop=\"author\" style=\"color: rgb(112, 112, 112); \">&#13;<br \/>\n                                                Agrolink&#13;<br \/>\n&#13;<br \/>\n                                                    &#8211; Leonardo Gottems&#13;<br \/>\n&#13;<br \/>\n                                            <\/strong><br \/>\n                                        <\/p>\n<p>                                            <abbr><time datetime=\"2025-09-03T10:38\" itemprop=\"datePublished dateModified\">Publicado em 03\/09\/2025 \u00e0s 10:38h.<\/time><\/abbr><br \/>\n                                            <\/p><\/div>\n<\/p><\/div>\n<\/p><\/div>\n<div class=\"col-lg p-0 text-lg-end\">\n<div>\n<div id=\"mdEnviarPagina\" class=\"modal fade\" role=\"dialog\">\n<div class=\"modal-dialog\">\n<div class=\"modal-content\">\n<div class=\"modal-body\">\n<p><strong>Estimado usu\u00e1rio.<\/strong><br \/>Preencha o formul\u00e1rio abaixo para remeter a p\u00e1gina.<\/p>\n<\/p><\/div>\n<\/p><\/div>\n<\/p><\/div>\n<\/div><\/div>\n<\/p><\/div>\n<\/p><\/div>\n<\/p><\/div>\n<\/p><\/div>\n<\/p><\/div>\n<div class=\"row justify-content-md-center mt-3\">\n<div class=\"col-lg-auto col-image block-news-main-image\">\n<p>                                <br \/>\n                                                <span class=\"d-block mt-1\">Desde a safra 2017\/18, o Brasil se tornou um exportador l\u00edquido de feij\u00e3o &#8211; Foto: Pixabay<\/span><\/p><\/div>\n<\/p><\/div>\n<div class=\"section-description section-description-noticias mt-3\">\n<p>A produ\u00e7\u00e3o de feij\u00e3o no Brasil \u00e9 marcada pela predomin\u00e2ncia de pequenas lavouras, mas pelo volume concentrado em poucas propriedades. Segundo pesquisa da Embrapa arroz e feij\u00e3o, cerca de 97% das unidades produtoras mant\u00eam \u00e1reas menores do que cinco hectares, localizadas em 533,5 mil propriedades rurais nos seis principais estados produtores: Paran\u00e1, Minas Gerais, Goi\u00e1s, S\u00e3o Paulo, Mato Grosso e Bahia. Apesar do n\u00famero expressivo de pequenos produtores, apenas 3 mil grandes lavouras \u2014 equivalentes a 0,5% do total \u2014 respondem por 75% da produ\u00e7\u00e3o nacional, cerca de 1,2 milh\u00e3o de toneladas do gr\u00e3o.&#13;\n<\/p>\n<p>O estudo classificou as lavouras em pequenas (at\u00e9 5 hectares), m\u00e9dias (de 5 a menos de 50 hectares) e grandes (a partir de 50 hectares). As pequenas lavouras podem estar situadas em propriedades de qualquer tamanho, e, em muitos casos, s\u00e3o destinadas ao autoconsumo, representando 59% da produ\u00e7\u00e3o do feij\u00e3o de cor e 38% do feij\u00e3o preto.<\/p>\n<p>Desde a safra 2017\/18, o Brasil se tornou um exportador l\u00edquido de feij\u00e3o, superando as importa\u00e7\u00f5es. Nos \u00faltimos anos, o Pa\u00eds comercializou entre 136 mil e 223 mil toneladas do gr\u00e3o no mercado internacional, enquanto a produ\u00e7\u00e3o interna variou entre 2,5 milh\u00f5es e 3,4 milh\u00f5es de toneladas, garantindo o abastecimento e mantendo estoques de passagem que ajudam a suprir a demanda.&#13;\n<\/p>\n<p>Para o futuro, as proje\u00e7\u00f5es indicam uma leve queda na produ\u00e7\u00e3o, estimada em 2,9 milh\u00f5es de toneladas at\u00e9 a safra 2032\/33, com consumo previsto de 2,7 milh\u00f5es de toneladas e importa\u00e7\u00f5es de cerca de 65 mil toneladas. A expectativa \u00e9 que as grandes lavouras continuem concentrando a maior parte da produ\u00e7\u00e3o, mantendo a oferta nacional de feij\u00e3o.<br \/>&#13;<br \/>\n\u00a0<\/p>\n<\/p><\/div>\n<\/p><\/div>\n<p><script data-cfasync=\"false\">\n    !function (f, b, e, v, n, t, s) {\n        if (f.fbq) return; n = f.fbq = function () {\n            n.callMethod ?\n                n.callMethod.apply(n, arguments) : n.queue.push(arguments)\n        };\n        if (!f._fbq) f._fbq = n; n.push = n; n.loaded = !0; n.version = '2.0';\n        n.queue = []; t = b.createElement(e); t.async = !0;\n        t.src = v; s = b.getElementsByTagName(e)[0];\n        s.parentNode.insertBefore(t, s)\n    }(window, document, 'script',\n        'https:\/\/connect.facebook.net\/en_US\/fbevents.js');\n    fbq('init', '522546078623747');\n    fbq('track', 'PageView');\n<\/script><br \/>\n<br \/><br \/>\n<br \/>Fonte: <a href=\"https:\/\/www.agrolink.com.br\/noticias\/feijao--pequenos-sao-maioria--mas-grandes-produzem-mais_505590.html\">AGROLINK<\/a><\/p>\n","protected":false},"excerpt":{"rendered":"<p>&#13; Desde a safra 2017\/18, o Brasil se tornou um exportador l\u00edquido de feij\u00e3o&#13; &#13; Agrolink&#13; &#13; &#8211; Leonardo Gottems&#13; &#13; Publicado em 03\/09\/2025 \u00e0s 10:38h. Estimado usu\u00e1rio.Preencha o formul\u00e1rio abaixo para remeter a p\u00e1gina. Desde a safra 2017\/18, o Brasil se tornou um exportador l\u00edquido de feij\u00e3o &#8211; Foto: Pixabay A produ\u00e7\u00e3o de feij\u00e3o [&hellip;]<\/p>\n","protected":false},"author":5,"featured_media":33494,"comment_status":"open","ping_status":"open","sticky":false,"template":"","format":"standard","meta":{"_seopress_robots_primary_cat":"","_seopress_titles_title":"","_seopress_titles_desc":"","_seopress_robots_index":"","footnotes":""},"categories":[53],"tags":[],"class_list":["post-41584","post","type-post","status-publish","format-standard","has-post-thumbnail","hentry","category-agronegocio"],"_links":{"self":[{"href":"https:\/\/mussicom.com\/noticias\/wp-json\/wp\/v2\/posts\/41584","targetHints":{"allow":["GET"]}}],"collection":[{"href":"https:\/\/mussicom.com\/noticias\/wp-json\/wp\/v2\/posts"}],"about":[{"href":"https:\/\/mussicom.com\/noticias\/wp-json\/wp\/v2\/types\/post"}],"author":[{"embeddable":true,"href":"https:\/\/mussicom.com\/noticias\/wp-json\/wp\/v2\/users\/5"}],"replies":[{"embeddable":true,"href":"https:\/\/mussicom.com\/noticias\/wp-json\/wp\/v2\/comments?post=41584"}],"version-history":[{"count":0,"href":"https:\/\/mussicom.com\/noticias\/wp-json\/wp\/v2\/posts\/41584\/revisions"}],"wp:featuredmedia":[{"embeddable":true,"href":"https:\/\/mussicom.com\/noticias\/wp-json\/wp\/v2\/media\/33494"}],"wp:attachment":[{"href":"https:\/\/mussicom.com\/noticias\/wp-json\/wp\/v2\/media?parent=41584"}],"wp:term":[{"taxonomy":"category","embeddable":true,"href":"https:\/\/mussicom.com\/noticias\/wp-json\/wp\/v2\/categories?post=41584"},{"taxonomy":"post_tag","embeddable":true,"href":"https:\/\/mussicom.com\/noticias\/wp-json\/wp\/v2\/tags?post=41584"}],"curies":[{"name":"wp","href":"https:\/\/api.w.org\/{rel}","templated":true}]}}