{"id":41557,"date":"2025-09-03T07:39:22","date_gmt":"2025-09-03T10:39:22","guid":{"rendered":"https:\/\/mussicom.com\/defesas-concentram-criticas-a-pgr-e-na-delacao-de-mauro-cid\/"},"modified":"2025-09-03T07:39:22","modified_gmt":"2025-09-03T10:39:22","slug":"defesas-concentram-criticas-a-pgr-e-na-delacao-de-mauro-cid","status":"publish","type":"post","link":"https:\/\/mussicom.com\/noticias\/defesas-concentram-criticas-a-pgr-e-na-delacao-de-mauro-cid\/","title":{"rendered":"Defesas concentram cr\u00edticas \u00e0 PGR e na dela\u00e7\u00e3o de Mauro Cid"},"content":{"rendered":"<p> <br \/>\n<\/p>\n<div>\n<p class=\"postParagraph_post-paragraph__juWZN\">A segunda parte do primeiro dia do julgamento da suposta tentativa de golpe de Estado pela Primeira Turma do Supremo Tribunal Federal (STF) foi marcada pela apresenta\u00e7\u00e3o das defesas dos r\u00e9us. Al\u00e9m do advogado de Mauro Cid, delator na a\u00e7\u00e3o penal, se pronunciaram nesta ter\u00e7a-feira (2) os representantes do deputado Alexandre Ramagem (PL-RJ), do almirante Almir Garnier e de Anderson Torres, que comandou o Minist\u00e9rio da Justi\u00e7a durante o governo de Jair Bolsonaro.<\/p>\n<p class=\"postParagraph_post-paragraph-innerHtml__Q5vwc\">A sess\u00e3o foi interrompida e ser\u00e1 retomada \u00e0s 09h desta quarta-feira (3) com as manifesta\u00e7\u00f5es das demais defesas, incluindo as do ex-presidente Bolsonaro e do general Braga Netto. Nesta primeira parte, \u00e0 exce\u00e7\u00e3o do advogado de Mauro Cid, todos os demais fizeram cr\u00edticas diretas \u00e0s den\u00fancias oferecidas pela Procuradoria-Geral da Rep\u00fablica (PGR).<\/p>\n<p class=\"postParagraph_post-paragraph-innerHtml__Q5vwc\">Al\u00e9m disso, as defesas criticaram a dela\u00e7\u00e3o premiada do ex-ajudante de ordens de Jair Bolsonaro. Ao falar sobre Alexandre Ramagem, o advogado Paulo Cintra alegou que a den\u00fancia contra o parlamentar cont\u00e9m &#8220;erros graves&#8221;. A defesa alegou ainda que a acusa\u00e7\u00e3o pelo suposto crime de organiza\u00e7\u00e3o criminosa deveria ter sido suspensa por conta das prerrogativas de Ramagem como parlamentar.<\/p>\n<p class=\"postParagraph_post-paragraph-innerHtml__Q5vwc\">Ramagem comandou a Ag\u00eancia Brasileira de Intelig\u00eancia (Abin) durante o governo de Jair Bolsonaro e \u00e9 um dos oito r\u00e9us em julgamento pela Primeira Turma da Corte.  O advogado diz que o Minist\u00e9rio P\u00fablico teria atribu\u00eddo a Ramagem acesso ao sistema <em>First Mile<\/em>, usado pela Abin, com base em um registro de 15 de maio de 2019. O problema, disse a defesa, \u00e9 que esse registro n\u00e3o se referia ao sistema, mas sim \u00e0 entrada f\u00edsica do ent\u00e3o diretor nas depend\u00eancias da ag\u00eancia.<\/p>\n<p class=\"postParagraph_post-paragraph__juWZN\">\u201cO Minist\u00e9rio P\u00fablico Federal afirmou que Alexandre Ramagem n\u00e3o apenas teria ci\u00eancia da utiliza\u00e7\u00e3o irregular dessa ferramenta pelo Servi\u00e7o de Intelig\u00eancia Brasileiro, como tamb\u00e9m tinha acesso ao sistema, citando esse log e a data desse log, 15 de maio de 2019. (\u2026) Na verdade, esse registro era de acesso \u00e0s depend\u00eancias f\u00edsicas da Abin\u201d, argumentou o advogado Paulo Cintra.<\/p>\n<p class=\"postParagraph_post-paragraph__juWZN\">O advogado alegou ainda que os textos encontrados pela Pol\u00edcia Federal com Ramagem nos quais ele &#8220;questionava a lisura do processo eleitoral e das urnas eletr\u00f4nicas&#8221; eram apenas &#8220;anota\u00e7\u00f5es&#8221;. O deputado e os demais r\u00e9us, incluindo Jair Bolsonaro, s\u00e3o acusados de organiza\u00e7\u00e3o criminosa armada, aboli\u00e7\u00e3o violenta do Estado Democr\u00e1tico de Direito, tentativa de golpe de Estado, dano qualificado ao patrim\u00f4nio da Uni\u00e3o e deteriora\u00e7\u00e3o de patrim\u00f4nio tombado.<\/p>\n<p class=\"postParagraph_post-paragraph-innerHtml__Q5vwc\">&#8220;Os documentos [citados na den\u00fancia da PGR sobre Ramagem] basicamente tratam de falas, pensamentos e discursos publicizados durante longo tempo pelo presidente da Rep\u00fablica, sobre supostamente ter vencido as elei\u00e7\u00f5es de 2018 no primeiro turno&#8221;, completou a defesa.\u00a0<\/p>\n<p class=\"postParagraph_post-paragraph-innerHtml__Q5vwc\">Durante a tramita\u00e7\u00e3o do processo, a maioria da C\u00e2mara chegou a aprovar a suspens\u00e3o de toda a a\u00e7\u00e3o contra Ramagem. A Primeira Turma do STF, no entanto, entendeu que, por ser deputado federal, a tramita\u00e7\u00e3o com rela\u00e7\u00e3o \u00e0s duas \u00faltimas imputa\u00e7\u00f5es, j\u00e1 que os crimes foram supostamente cometidos ap\u00f3s a diploma\u00e7\u00e3o de Ramagem como parlamentar, prerrogativa que a Constitui\u00e7\u00e3o d\u00e1 ao Congresso.<\/p>\n<p class=\"postParagraph_post-paragraph__juWZN\">Com isso, o colegiado manteve o julgamento sobre as acusa\u00e7\u00f5es relativas aos crimes de organiza\u00e7\u00e3o criminosa armada, tentativa de aboli\u00e7\u00e3o violenta do Estado Democr\u00e1tico de Direito e golpe de Estado, pois s\u00e3o fatos anteriores \u00e0 diploma\u00e7\u00e3o. Durante a defesa, apresentada nesse primeiro dia do julgamento, o advogado Paulo Cintra pediu que o entendimento seja expandido tamb\u00e9m para o crime de organiza\u00e7\u00e3o criminosa.<\/p>\n<p class=\"postParagraph_post-paragraph__juWZN\">&#8220;A den\u00fancia imputou-lhe o crime de organiza\u00e7\u00e3o criminosa. O entendimento da defesa \u00e9 de que a resolu\u00e7\u00e3o n\u00ba 18 da C\u00e2mara alcan\u00e7aria o crime de organiza\u00e7\u00e3o criminosa, que continuava em vig\u00eancia ap\u00f3s a diploma\u00e7\u00e3o de Ramagem como deputado federal&#8221;, disse Cintra.<\/p>\n<h2 class=\"postParagraph_post-paragraph__juWZN postParagraph_type-tag-h2__TtFkT\">Defesa de Ganier diz que n\u00e3o se pode criminalizar cr\u00edticas a sistema eleitoral<\/h2>\n<p class=\"postParagraph_post-paragraph__juWZN\">J\u00e1 o segundo advogado a se manifestar no julgamento foi Dem\u00f3stenes Torres, representante do almirante Almir Garnier. Segundo ele, a PGR incluiu fatos novos nas alega\u00e7\u00f5es finais, que n\u00e3o constavam na den\u00fancia inicial do Minist\u00e9rio P\u00fablico.<\/p>\n<p class=\"postParagraph_post-paragraph__juWZN\">Entre eles, destacou a interpreta\u00e7\u00e3o de um desfile da Marinha na Pra\u00e7a dos Tr\u00eas Poderes, realizado em agosto de 2021, como eventual apoio a a\u00e7\u00f5es golpistas. Al\u00e9m disso, a aus\u00eancia de Garnier em uma cerim\u00f4nia de passagem de comando em 2022 foi mencionada como um dos pontos introduzidos sem fundamenta\u00e7\u00e3o no processo.<\/p>\n<p class=\"postParagraph_post-paragraph__juWZN\">No entendimento da defesa, esses elementos n\u00e3o estavam originalmente no centro da acusa\u00e7\u00e3o, o que, segundo Torres, compromete o direito ao contradit\u00f3rio e \u00e0 ampla defesa. O advogado enfatizou que esses exemplos ilustram o que classificou como uma \u201cnarrativa globalizante\u201d, indicando que a den\u00fancia carece de detalhamento sobre condutas individuais de Garnier.<\/p>\n<p class=\"postParagraph_post-paragraph__juWZN\">De acordo com a argumenta\u00e7\u00e3o, n\u00e3o h\u00e1 nexo causal estabelecido entre as a\u00e7\u00f5es atribu\u00eddas ao ex-comandante da Marinha e a suposta tentativa de golpe de Estado. &#8220;Segundo ponto \u00e9 a colabora\u00e7\u00e3o premiada de Mauro Cid. A proposta do procurador-geral da Rep\u00fablica \u00e9 injur\u00eddica, ela n\u00e3o existe. E carrear\u00e1 in\u00fameros problemas ao STF. N\u00f3s n\u00e3o estamos pedindo aqui a nulidade da dela\u00e7\u00e3o. N\u00f3s estamos pedindo a rescis\u00e3o da dela\u00e7\u00e3o&#8221;, disse o advogado.<\/p>\n<p class=\"postParagraph_post-paragraph__juWZN\">Ainda em sua manifesta\u00e7\u00e3o, o advogado do almirante afirmou que n\u00e3o se pode criminalizar cr\u00edticas ao sistema eleitoral. &#8220;Temos que tolerar essas bobagens, essa criminaliza\u00e7\u00e3o do discurso, acabamos perdendo o direito de dizer alguma das coisas que gostar\u00edamos. Esse tipo de situa\u00e7\u00e3o, que de vez enquanto a gente enfrenta, n\u00e3o podemos fazer a criminaliza\u00e7\u00e3o do disenso&#8221;, completou.<\/p>\n<h2 class=\"postParagraph_post-paragraph__juWZN postParagraph_type-tag-h2__TtFkT\">Advogado de Anderson Torres pede &#8220;isen\u00e7\u00e3o&#8221; em julgamento<\/h2>\n<p class=\"postParagraph_post-paragraph__juWZN\">A defesa do ex-ministro da Justi\u00e7a e ex-secret\u00e1rio de Seguran\u00e7a P\u00fablica do Distrito Federal Anderson Torres cobrou &#8220;isen\u00e7\u00e3o&#8221; da Primeira Corte do STF durante o julgamento. Segundo Eumar Novacki, &#8220;n\u00e3o h\u00e1 provas que vinculem seu cliente \u00e0 acusa\u00e7\u00e3o de tentativa de golpe&#8221;.<\/p>\n<p class=\"postParagraph_post-paragraph__juWZN\">&#8220;A isen\u00e7\u00e3o \u00e9 o que se espera dessa Corte, que eu sempre defenderei. N\u00e3o h\u00e1 democracia sem institui\u00e7\u00f5es fortes e independentes. Esse julgamento n\u00e3o se confunde com vingan\u00e7a, trata-se de justi\u00e7a, n\u00e3o se pede benevol\u00eancia mas aplica\u00e7\u00e3o firme da lei e do direito&#8221;, disse Novacki.<\/p>\n<p class=\"postParagraph_post-paragraph__juWZN\">O advogado disse tamb\u00e9m que Torres viajou de f\u00e9rias para os Estados Unidos dias antes dos atos de 8 de janeiro de 2023 e que a viagem havia sido programada &#8220;com muita anteced\u00eancia&#8221;. &#8220;Em rela\u00e7\u00e3o a Anderson Torres, toda a tese acusat\u00f3ria \u00e9 um ponto fora da curva. Nem a PF nem o Minist\u00e9rio P\u00fablico estavam interessados naquele momento na verdade. Toda a narrativa do MP em rela\u00e7\u00e3o a Torres parte da premissa de que ele teria conspirado, participado de uma macabra trama golpista, deliberadamente se ausentado do DF. Mas isso n\u00e3o caminha com a verdade&#8221;, declarou.<\/p>\n<p class=\"postParagraph_post-paragraph__juWZN\">O defensor contesta ainda a sugest\u00e3o da PGR de que a viagem aos Estados Unidos n\u00e3o estava marcada com anteced\u00eancia. A acusa\u00e7\u00e3o, no entanto, diz que a GOL, companhia a\u00e9rea, n\u00e3o confirmou a validade de documento de reserva.<\/p>\n<p class=\"postParagraph_post-paragraph__juWZN\">&#8220;A mais grave alega\u00e7\u00e3o trata-se da viagem de Torres para os Estados Unidos. Estranhamente o MP, nas suas alega\u00e7\u00f5es finais, traz na p\u00e1gina 368 que Anderson Torres forjou provas no processo, o bilhete da passagem a\u00e9rea da viagem para os EUA com sua fam\u00edlia. \u00c9 uma acusa\u00e7\u00e3o grav\u00edssima&#8221;, disse.<\/p>\n<div class=\"postViewMore_post-view-more-container___5wai\" data-mrf-recirculation=\"Post - Veja tamb\u00e9m\">\n<p class=\"gp-styles-module-size-small-afeYRa gp-styles-module-font-family2-afeYRa gp-styles-module-color-secondary-afeYRa gp-styles-module-weight-bold-afeYRa\">VEJA TAMB\u00c9M:<\/p>\n<ul class=\"postViewMore_post-view-more-list__CU_CE\">\n<li class=\"postViewMore_post-view-more-item__2MzRb\"><span class=\"postViewMore_post-view-more-link-icon___stPC\"><svg xmlns=\"http:\/\/www.w3.org\/2000\/svg\" width=\"16\" height=\"16\" viewbox=\"0 0 16 16\"><rect width=\"16\" height=\"16\" fill=\"none\"\/><g transform=\"translate(3 3)\"><path d=\"M22.5,15l3.4,3.4-3.4,3.4\" transform=\"translate(-15.896 -11.793)\" fill=\"none\" stroke=\"#717171\" stroke-linecap=\"round\" stroke-width=\"1.4\"\/><path d=\"M6,6v4.2a2.452,2.452,0,0,0,2.5,2.4H16\" transform=\"translate(-6 -6)\" fill=\"none\" stroke=\"#717171\" stroke-linecap=\"round\" stroke-width=\"1.4\"\/><\/g><\/svg><\/span><span class=\"postViewMore_post-view-more-link-text__hO_kM\">Oposi\u00e7\u00e3o pressiona por urg\u00eancia da anistia diante do come\u00e7o do julgamento de Bolsonaro<\/span><\/li>\n<li class=\"postViewMore_post-view-more-item__2MzRb\"><span class=\"postViewMore_post-view-more-link-icon___stPC\"><svg xmlns=\"http:\/\/www.w3.org\/2000\/svg\" width=\"16\" height=\"16\" viewbox=\"0 0 16 16\"><rect width=\"16\" height=\"16\" fill=\"none\"\/><g transform=\"translate(3 3)\"><path d=\"M22.5,15l3.4,3.4-3.4,3.4\" transform=\"translate(-15.896 -11.793)\" fill=\"none\" stroke=\"#717171\" stroke-linecap=\"round\" stroke-width=\"1.4\"\/><path d=\"M6,6v4.2a2.452,2.452,0,0,0,2.5,2.4H16\" transform=\"translate(-6 -6)\" fill=\"none\" stroke=\"#717171\" stroke-linecap=\"round\" stroke-width=\"1.4\"\/><\/g><\/svg><\/span><span class=\"postViewMore_post-view-more-link-text__hO_kM\">Uni\u00e3o Brasil e Progressistas anunciam sa\u00edda da base do governo Lula<\/span><\/li>\n<\/ul>\n<\/div>\n<\/div>\n<p><br \/>\n<br \/>Fonte: <a href=\"https:\/\/www.gazetadopovo.com.br\/republica\/defesa-de-ramagem-acusa-pgr-de-cometer-erros-graves-na-denuncia\/\">Revista Oeste<\/a><\/p>\n","protected":false},"excerpt":{"rendered":"<p>A segunda parte do primeiro dia do julgamento da suposta tentativa de golpe de Estado pela Primeira Turma do Supremo Tribunal Federal (STF) foi marcada pela apresenta\u00e7\u00e3o das defesas dos r\u00e9us. Al\u00e9m do advogado de Mauro Cid, delator na a\u00e7\u00e3o penal, se pronunciaram nesta ter\u00e7a-feira (2) os representantes do deputado Alexandre Ramagem (PL-RJ), do almirante [&hellip;]<\/p>\n","protected":false},"author":5,"featured_media":41558,"comment_status":"open","ping_status":"open","sticky":false,"template":"","format":"standard","meta":{"_seopress_robots_primary_cat":"","_seopress_titles_title":"","_seopress_titles_desc":"","_seopress_robots_index":"","footnotes":""},"categories":[1],"tags":[],"class_list":["post-41557","post","type-post","status-publish","format-standard","has-post-thumbnail","hentry","category-ultimas-noticias"],"_links":{"self":[{"href":"https:\/\/mussicom.com\/noticias\/wp-json\/wp\/v2\/posts\/41557","targetHints":{"allow":["GET"]}}],"collection":[{"href":"https:\/\/mussicom.com\/noticias\/wp-json\/wp\/v2\/posts"}],"about":[{"href":"https:\/\/mussicom.com\/noticias\/wp-json\/wp\/v2\/types\/post"}],"author":[{"embeddable":true,"href":"https:\/\/mussicom.com\/noticias\/wp-json\/wp\/v2\/users\/5"}],"replies":[{"embeddable":true,"href":"https:\/\/mussicom.com\/noticias\/wp-json\/wp\/v2\/comments?post=41557"}],"version-history":[{"count":0,"href":"https:\/\/mussicom.com\/noticias\/wp-json\/wp\/v2\/posts\/41557\/revisions"}],"wp:featuredmedia":[{"embeddable":true,"href":"https:\/\/mussicom.com\/noticias\/wp-json\/wp\/v2\/media\/41558"}],"wp:attachment":[{"href":"https:\/\/mussicom.com\/noticias\/wp-json\/wp\/v2\/media?parent=41557"}],"wp:term":[{"taxonomy":"category","embeddable":true,"href":"https:\/\/mussicom.com\/noticias\/wp-json\/wp\/v2\/categories?post=41557"},{"taxonomy":"post_tag","embeddable":true,"href":"https:\/\/mussicom.com\/noticias\/wp-json\/wp\/v2\/tags?post=41557"}],"curies":[{"name":"wp","href":"https:\/\/api.w.org\/{rel}","templated":true}]}}