{"id":41445,"date":"2025-09-02T17:49:25","date_gmt":"2025-09-02T20:49:25","guid":{"rendered":"https:\/\/mussicom.com\/fenomeno-mundial-tera-versao-nacional\/"},"modified":"2025-09-02T17:49:25","modified_gmt":"2025-09-02T20:49:25","slug":"fenomeno-mundial-tera-versao-nacional","status":"publish","type":"post","link":"https:\/\/mussicom.com\/noticias\/fenomeno-mundial-tera-versao-nacional\/","title":{"rendered":"fen\u00f4meno mundial ter\u00e1 vers\u00e3o nacional"},"content":{"rendered":"<p> <br \/>\n<\/p>\n<div>\n<p class=\"whitespace-normal break-words\">O boato agora \u00e9 oficial: o <strong>Tiny Desk Concert<\/strong>est\u00e1 chegando ao Brasil!<\/p>\n<p class=\"whitespace-normal break-words\">Ap\u00f3s 17 anos de hist\u00f3ria e mais de 3,5 bilh\u00f5es de visualiza\u00e7\u00f5es, o lend\u00e1rio formato da <strong>NPR<\/strong> finalmente ganha vida brasileira. E n\u00e3o \u00e9 qualquer coisa: somos apenas o terceiro pa\u00eds do mundo a receber uma vers\u00e3o pr\u00f3pria, depois de Jap\u00e3o e Coreia do Sul. Isso fala muito sobre nossa relev\u00e2ncia musical global.<\/p>\n<p class=\"whitespace-normal break-words\">O que torna o <strong>Tiny Desk<\/strong> t\u00e3o especial? A resposta est\u00e1 na sua simplicidade brutal. Nada de grandes palcos ou efeitos mirabolantes. Apenas m\u00fasica crua, voz n\u00e3o amplificada e um espa\u00e7o que obriga os artistas a se reinventarem. \u00c9 ali que descobrimos quem realmente sabe fazer m\u00fasica.<\/p>\n<p class=\"whitespace-normal break-words\">Durante a pandemia, esse formato ganhou ainda mais for\u00e7a. Enquanto shows presenciais eram imposs\u00edveis, o <strong>Tiny Desk<\/strong> oferecia aquela intimidade que tanto faltava. Artistas como <strong>Milton Nascimento<\/strong>, <strong>Seu Jorge<\/strong> e <strong>Liniker<\/strong> j\u00e1 passaram por l\u00e1.<\/p>\n<p class=\"whitespace-normal break-words\">O formato tamb\u00e9m \u00e9 uma m\u00e1quina de descobrir talentos. O exemplo mais recente \u00e9 o do <strong>CA7RIEL &amp; Paco Amoroso<\/strong>, que estouraram mundialmente depois de participar da semana especial de m\u00fasica latina (<strong>El Tiny<\/strong>) no ano passado, provando que essas apresenta\u00e7\u00f5es podem catapultar carreiras de forma org\u00e2nica. O duo argentino virou fen\u00f4meno internacional e nome certo no cartaz dos maiores festivais ao redor do mundo.<\/p>\n<p class=\"whitespace-normal break-words\">Agora, as grava\u00e7\u00f5es v\u00e3o rolar no escrit\u00f3rio do <strong>Google<\/strong> em S\u00e3o Paulo, na Faria Lima, e sim, \u00e9 um escrit\u00f3rio de verdade, n\u00e3o um cen\u00e1rio fake. A <strong>Anonymous Content Brazil<\/strong> e o <strong>YouTube Brasil<\/strong> est\u00e3o por tr\u00e1s da opera\u00e7\u00e3o, com curadoria rigorosa que inclui aprova\u00e7\u00e3o final da pr\u00f3pria <strong>NPR<\/strong> americana.<\/p>\n<p class=\"whitespace-normal break-words\">O Brasil j\u00e1 \u00e9 o segundo pa\u00eds que mais consome o conte\u00fado original, ent\u00e3o essa chegada oficial era quest\u00e3o de tempo. Duas temporadas est\u00e3o planejadas para o primeiro ano, cada uma com cinco apresenta\u00e7\u00f5es. As filmagens come\u00e7am em setembro, e em outubro j\u00e1 poderemos conferir no <strong>@TinyDeskBrasil<\/strong>.<\/p>\n<p class=\"whitespace-normal break-words\">Para nossa cena musical, \u00e9 uma oportunidade \u00fanica de mostrar ao mundo o que sabemos fazer melhor: m\u00fasica que emociona, sem frescura.<\/p>\n<p class=\"whitespace-normal break-words\"><strong>+++ LEIA MAIS: Bloc Party celebra duas d\u00e9cadas de carreira em estreia no Tiny Desk<\/strong><\/p>\n<p class=\"whitespace-normal break-words\"><strong>+++ LEIA MAIS: CA7RIEL &amp; Paco Amoroso anunciam dois shows no Brasil; datas, ingressos e mais<\/strong><\/p>\n<\/div>\n<p><br \/>\n<br \/>Fonte: <a href=\"https:\/\/rollingstone.com.br\/musica\/tiny-desk-concert-desembarca-no-brasil-fenomeno-mundial-tera-versao-nacional\/\">rollingstone.com.br<\/a><\/p>\n","protected":false},"excerpt":{"rendered":"<p>O boato agora \u00e9 oficial: o Tiny Desk Concertest\u00e1 chegando ao Brasil! Ap\u00f3s 17 anos de hist\u00f3ria e mais de 3,5 bilh\u00f5es de visualiza\u00e7\u00f5es, o lend\u00e1rio formato da NPR finalmente ganha vida brasileira. E n\u00e3o \u00e9 qualquer coisa: somos apenas o terceiro pa\u00eds do mundo a receber uma vers\u00e3o pr\u00f3pria, depois de Jap\u00e3o e Coreia [&hellip;]<\/p>\n","protected":false},"author":5,"featured_media":41446,"comment_status":"open","ping_status":"open","sticky":false,"template":"","format":"standard","meta":{"_seopress_robots_primary_cat":"","_seopress_titles_title":"","_seopress_titles_desc":"","_seopress_robots_index":"","footnotes":""},"categories":[51],"tags":[],"class_list":["post-41445","post","type-post","status-publish","format-standard","has-post-thumbnail","hentry","category-musica"],"_links":{"self":[{"href":"https:\/\/mussicom.com\/noticias\/wp-json\/wp\/v2\/posts\/41445","targetHints":{"allow":["GET"]}}],"collection":[{"href":"https:\/\/mussicom.com\/noticias\/wp-json\/wp\/v2\/posts"}],"about":[{"href":"https:\/\/mussicom.com\/noticias\/wp-json\/wp\/v2\/types\/post"}],"author":[{"embeddable":true,"href":"https:\/\/mussicom.com\/noticias\/wp-json\/wp\/v2\/users\/5"}],"replies":[{"embeddable":true,"href":"https:\/\/mussicom.com\/noticias\/wp-json\/wp\/v2\/comments?post=41445"}],"version-history":[{"count":0,"href":"https:\/\/mussicom.com\/noticias\/wp-json\/wp\/v2\/posts\/41445\/revisions"}],"wp:featuredmedia":[{"embeddable":true,"href":"https:\/\/mussicom.com\/noticias\/wp-json\/wp\/v2\/media\/41446"}],"wp:attachment":[{"href":"https:\/\/mussicom.com\/noticias\/wp-json\/wp\/v2\/media?parent=41445"}],"wp:term":[{"taxonomy":"category","embeddable":true,"href":"https:\/\/mussicom.com\/noticias\/wp-json\/wp\/v2\/categories?post=41445"},{"taxonomy":"post_tag","embeddable":true,"href":"https:\/\/mussicom.com\/noticias\/wp-json\/wp\/v2\/tags?post=41445"}],"curies":[{"name":"wp","href":"https:\/\/api.w.org\/{rel}","templated":true}]}}