{"id":41424,"date":"2025-09-02T16:31:17","date_gmt":"2025-09-02T19:31:17","guid":{"rendered":"https:\/\/mussicom.com\/presidente-do-simers-claudio-bier-projeta-vendas-mais-retraidas-na-expointer\/"},"modified":"2025-09-02T16:31:17","modified_gmt":"2025-09-02T19:31:17","slug":"presidente-do-simers-claudio-bier-projeta-vendas-mais-retraidas-na-expointer","status":"publish","type":"post","link":"https:\/\/mussicom.com\/noticias\/presidente-do-simers-claudio-bier-projeta-vendas-mais-retraidas-na-expointer\/","title":{"rendered":"Presidente do Simers, Claudio Bier, projeta vendas mais retra\u00eddas na Expointer"},"content":{"rendered":"<p> <br \/>\n<\/p>\n<div>\n<p style=\"text-align:justify\">O presidente do Sindicato das Ind\u00fastrias de M\u00e1quinas e Implementos Agr\u00edcolas do Rio Grande do Sul (Simers), Claudio Bier, manifestou preocupa\u00e7\u00e3o quanto aos impactos das tarifas impostas pelo governo dos Estados Unidos sobre produtos brasileiros. Segundo ele, a medida, adotada pela gest\u00e3o de Donald Trump, pode repercutir diretamente nos neg\u00f3cios do setor, criando um ambiente de incertezas entre os produtores rurais.&#13;\n<\/p>\n<p style=\"text-align:justify\">De acordo com Bier, a principal consequ\u00eancia imediata n\u00e3o est\u00e1 apenas nos n\u00fameros da economia, mas no comportamento dos agricultores diante do cen\u00e1rio. \u201c\u00c9 uma quest\u00e3o mais psicol\u00f3gica, que faz com que os produtores acabem se retraindo para comprar\u201d, avaliou, em entrevista ao programa Agrolink News \u2013 Especial Expointer.<\/p>\n<p style=\"text-align:justify\">O dirigente observa que o chamado \u201ctarifa\u00e7o\u201d somado a outros fatores conjunturais amplia a cautela dos clientes e compromete o ritmo das negocia\u00e7\u00f5es. Entre os elementos citados, ele destacou os efeitos das adversidades clim\u00e1ticas registradas ao longo do ano e a eleva\u00e7\u00e3o dos juros, que aumentam o custo do cr\u00e9dito e limitam a capacidade de investimento dos produtores.&#13;\n<\/p>\n<p style=\"text-align:justify\">Mesmo diante das dificuldades, Bier mant\u00e9m expectativa positiva em rela\u00e7\u00e3o \u00e0 Expointer, embora reconhe\u00e7a que o otimismo ser\u00e1 menor do que em edi\u00e7\u00f5es anteriores. \u201cAcreditamos em bons neg\u00f3cios durante a feira, mas \u00e9 natural que o volume seja mais contido. O produtor est\u00e1 inseguro, e essa postura reflete no setor\u201d, disse.<\/p>\n<p style=\"text-align:justify\">A avalia\u00e7\u00e3o do presidente do Simers refor\u00e7a a import\u00e2ncia da Expointer como vitrine estrat\u00e9gica para o agroneg\u00f3cio brasileiro. A feira, considerada a maior a c\u00e9u aberto da Am\u00e9rica Latina, concentra lan\u00e7amentos, inova\u00e7\u00e3o tecnol\u00f3gica e debates sobre os rumos da agricultura e da pecu\u00e1ria. Neste ano, no entanto, o ambiente externo mais hostil e os entraves dom\u00e9sticos criam um pano de fundo desafiador para a ind\u00fastria de m\u00e1quinas e implementos.&#13;\n<\/p>\n<p style=\"text-align:justify\">Apesar da conjuntura adversa, Bier enfatiza que o setor segue resiliente e aposta na for\u00e7a de recupera\u00e7\u00e3o do agroneg\u00f3cio. Para ele, superar as barreiras depender\u00e1 de equil\u00edbrio entre pol\u00edticas p\u00fablicas, estrat\u00e9gias comerciais e capacidade de adapta\u00e7\u00e3o dos produtores e das empresas.<\/p>\n<\/p><\/div>\n<p><script data-cfasync=\"false\">\n    !function (f, b, e, v, n, t, s) {\n        if (f.fbq) return; n = f.fbq = function () {\n            n.callMethod ?\n                n.callMethod.apply(n, arguments) : n.queue.push(arguments)\n        };\n        if (!f._fbq) f._fbq = n; n.push = n; n.loaded = !0; n.version = '2.0';\n        n.queue = []; t = b.createElement(e); t.async = !0;\n        t.src = v; s = b.getElementsByTagName(e)[0];\n        s.parentNode.insertBefore(t, s)\n    }(window, document, 'script',\n        'https:\/\/connect.facebook.net\/en_US\/fbevents.js');\n    fbq('init', '522546078623747');\n    fbq('track', 'PageView');\n<\/script><br \/>\n<br \/><br \/>\n<br \/>Fonte: <a href=\"https:\/\/www.agrolink.com.br\/noticias\/presidente-do-simers--claudio-bier--projeta-vendas-mais-retraidas-na-expointer_505556.html\">AGROLINK<\/a><\/p>\n","protected":false},"excerpt":{"rendered":"<p>O presidente do Sindicato das Ind\u00fastrias de M\u00e1quinas e Implementos Agr\u00edcolas do Rio Grande do Sul (Simers), Claudio Bier, manifestou preocupa\u00e7\u00e3o quanto aos impactos das tarifas impostas pelo governo dos Estados Unidos sobre produtos brasileiros. Segundo ele, a medida, adotada pela gest\u00e3o de Donald Trump, pode repercutir diretamente nos neg\u00f3cios do setor, criando um ambiente [&hellip;]<\/p>\n","protected":false},"author":5,"featured_media":41425,"comment_status":"open","ping_status":"open","sticky":false,"template":"","format":"standard","meta":{"_seopress_robots_primary_cat":"","_seopress_titles_title":"","_seopress_titles_desc":"","_seopress_robots_index":"","footnotes":""},"categories":[53],"tags":[],"class_list":["post-41424","post","type-post","status-publish","format-standard","has-post-thumbnail","hentry","category-agronegocio"],"_links":{"self":[{"href":"https:\/\/mussicom.com\/noticias\/wp-json\/wp\/v2\/posts\/41424","targetHints":{"allow":["GET"]}}],"collection":[{"href":"https:\/\/mussicom.com\/noticias\/wp-json\/wp\/v2\/posts"}],"about":[{"href":"https:\/\/mussicom.com\/noticias\/wp-json\/wp\/v2\/types\/post"}],"author":[{"embeddable":true,"href":"https:\/\/mussicom.com\/noticias\/wp-json\/wp\/v2\/users\/5"}],"replies":[{"embeddable":true,"href":"https:\/\/mussicom.com\/noticias\/wp-json\/wp\/v2\/comments?post=41424"}],"version-history":[{"count":0,"href":"https:\/\/mussicom.com\/noticias\/wp-json\/wp\/v2\/posts\/41424\/revisions"}],"wp:featuredmedia":[{"embeddable":true,"href":"https:\/\/mussicom.com\/noticias\/wp-json\/wp\/v2\/media\/41425"}],"wp:attachment":[{"href":"https:\/\/mussicom.com\/noticias\/wp-json\/wp\/v2\/media?parent=41424"}],"wp:term":[{"taxonomy":"category","embeddable":true,"href":"https:\/\/mussicom.com\/noticias\/wp-json\/wp\/v2\/categories?post=41424"},{"taxonomy":"post_tag","embeddable":true,"href":"https:\/\/mussicom.com\/noticias\/wp-json\/wp\/v2\/tags?post=41424"}],"curies":[{"name":"wp","href":"https:\/\/api.w.org\/{rel}","templated":true}]}}