{"id":41341,"date":"2025-09-02T08:33:50","date_gmt":"2025-09-02T11:33:50","guid":{"rendered":"https:\/\/mussicom.com\/maduro-diz-ter-82-milhoes-de-milicianos-na-venezuela\/"},"modified":"2025-09-02T08:33:50","modified_gmt":"2025-09-02T11:33:50","slug":"maduro-diz-ter-82-milhoes-de-milicianos-na-venezuela","status":"publish","type":"post","link":"https:\/\/mussicom.com\/noticias\/maduro-diz-ter-82-milhoes-de-milicianos-na-venezuela\/","title":{"rendered":"Maduro diz ter 8,2 milh\u00f5es de milicianos na Venezuela"},"content":{"rendered":"<p> <br \/>\n<\/p>\n<div>\n<p class=\"postParagraph_post-paragraph__juWZN\">O ditador da Venezuela, Nicol\u00e1s Maduro, afirmou nesta segunda-feira (1\u00ba) que sua chamada Mil\u00edcia Nacional Bolivariana j\u00e1 teria \u201c8,2 milh\u00f5es de venezuelanos\u201d alistados. O n\u00famero \u00e9 o dobro da estimativa feita por ele mesmo h\u00e1 duas semanas, quando havia anunciado a mobiliza\u00e7\u00e3o de 4,2 milh\u00f5es de milicianos.<\/p>\n<p class=\"postParagraph_post-paragraph__juWZN\">A declara\u00e7\u00e3o de Maduro ocorreu durante o an\u00fancio sobre a cria\u00e7\u00e3o das chamadas \u201cunidades comunais milicianas de combate\u201d, que ficaram distribu\u00eddas em 5.334 circuitos comunais \u2013 agrupamentos de conselhos de bairro controlados pelo regime chavista. Essas unidades, de acordo com Maduro, ser\u00e3o organizadas em 15.751 bases populares de \u201cdefesa integral\u201d, estruturas locais ligadas \u00e0s For\u00e7as Armadas Bolivarianas, onde seriam incorporados os novos milicianos.<\/p>\n<p class=\"postParagraph_post-paragraph__juWZN\">Segundo Maduro, essas bases servir\u00e3o para \u201creorganizar\u201d os \u201c8,2 milh\u00f5es de venezuelanos e venezuelanas que est\u00e3o alistados na Mil\u00edcia que nos dar\u00e1 uma capacidade de mobiliza\u00e7\u00e3o para garantir a paz\u201d. O l\u00edder chavista ainda afirmou que o alistamento de milicianos ser\u00e1 \u201cpermanente\u201d, mas deixou \u00e0 vice-presidente do regime, Delcy Rodr\u00edguez, a tarefa de detalhar como funcionar\u00e1 o processo.<\/p>\n<h2 class=\"postParagraph_post-paragraph__juWZN postParagraph_type-tag-h2__TtFkT\">Recrutamento for\u00e7ado<\/h2>\n<p class=\"postParagraph_post-paragraph-innerHtml__Q5vwc\">O an\u00fancio de Maduro ocorre em meio a den\u00fancias de alistamento for\u00e7ado de venezuelanos na sua mil\u00edcia. A ONG Laboratorio de Paz afirmou nesta segunda ter recebido queixas de funcion\u00e1rios p\u00fablicos, adolescentes e idosos que estariam sendo obrigados a ingressar na mil\u00edcia por meio da campanha <em>\u201cYo me alisto\u201d.<\/em><\/p>\n<p class=\"postParagraph_post-paragraph__juWZN\">De acordo com a organiza\u00e7\u00e3o, \u201cessas pr\u00e1ticas contrav\u00eam o artigo 134 da Constitui\u00e7\u00e3o venezuelana de 1999, que pro\u00edbe o recrutamento for\u00e7ado, e o artigo 61, que protege a liberdade de consci\u00eancia\u201d. A ONG tamb\u00e9m destacou que, ao obrigar cidad\u00e3os a participar, o regime viola tratados internacionais, como o artigo 18 do Pacto Internacional de Direitos Civis e Pol\u00edticos, que reconhece o direito \u00e0 obje\u00e7\u00e3o de consci\u00eancia.<\/p>\n<p class=\"postParagraph_post-paragraph__juWZN\">Segundo o Laboratorio de Paz, trabalhadores t\u00eam sido alvo de amea\u00e7as de san\u00e7\u00f5es trabalhistas e sociais para aderir \u00e0 mil\u00edcia, enquanto servidores p\u00fablicos s\u00e3o pressionados a gravar v\u00eddeos de propaganda em exalta\u00e7\u00e3o ao regime. A entidade afirma que a pr\u00e1tica \u201cviola os direitos \u00e0 liberdade de express\u00e3o e associa\u00e7\u00e3o, intensificando o clima de intimida\u00e7\u00e3o no setor p\u00fablico\u201d.<\/p>\n<p class=\"postParagraph_post-paragraph__juWZN\">Segundo opositores, o alistamento \u201cvolunt\u00e1rio\u201d realizado por Maduro durante os dias 23 e 24 de agosto teve baixa ades\u00e3o, com pra\u00e7as e centros de inscri\u00e7\u00e3o praticamente vazios.<\/p>\n<p class=\"postParagraph_post-paragraph-innerHtml__Q5vwc\">Den\u00fancias recebidas na semana passada pelo portal argentino <em>Infobae<\/em> tamb\u00e9m apontaram que, logo ap\u00f3s este fracasso, regi\u00f5es carentes como o estado de Bol\u00edvar passaram a ser alvo de recrutamento for\u00e7ado. Moradores relataram que militares chegaram de surpresa em cidades da regi\u00e3o para levar jovens e obrig\u00e1-los a integrar a mil\u00edcia.<\/p>\n<\/div>\n<p><br \/>\n<br \/>Fonte: <a href=\"https:\/\/www.gazetadopovo.com.br\/mundo\/maduro-infla-numeros-e-diz-ter-82-milhoes-de-milicianos-na-venezuela\/\">Revista Oeste<\/a><\/p>\n","protected":false},"excerpt":{"rendered":"<p>O ditador da Venezuela, Nicol\u00e1s Maduro, afirmou nesta segunda-feira (1\u00ba) que sua chamada Mil\u00edcia Nacional Bolivariana j\u00e1 teria \u201c8,2 milh\u00f5es de venezuelanos\u201d alistados. O n\u00famero \u00e9 o dobro da estimativa feita por ele mesmo h\u00e1 duas semanas, quando havia anunciado a mobiliza\u00e7\u00e3o de 4,2 milh\u00f5es de milicianos. A declara\u00e7\u00e3o de Maduro ocorreu durante o an\u00fancio [&hellip;]<\/p>\n","protected":false},"author":5,"featured_media":38258,"comment_status":"open","ping_status":"open","sticky":false,"template":"","format":"standard","meta":{"_seopress_robots_primary_cat":"","_seopress_titles_title":"","_seopress_titles_desc":"","_seopress_robots_index":"","footnotes":""},"categories":[48],"tags":[],"class_list":["post-41341","post","type-post","status-publish","format-standard","has-post-thumbnail","hentry","category-internacional"],"_links":{"self":[{"href":"https:\/\/mussicom.com\/noticias\/wp-json\/wp\/v2\/posts\/41341","targetHints":{"allow":["GET"]}}],"collection":[{"href":"https:\/\/mussicom.com\/noticias\/wp-json\/wp\/v2\/posts"}],"about":[{"href":"https:\/\/mussicom.com\/noticias\/wp-json\/wp\/v2\/types\/post"}],"author":[{"embeddable":true,"href":"https:\/\/mussicom.com\/noticias\/wp-json\/wp\/v2\/users\/5"}],"replies":[{"embeddable":true,"href":"https:\/\/mussicom.com\/noticias\/wp-json\/wp\/v2\/comments?post=41341"}],"version-history":[{"count":0,"href":"https:\/\/mussicom.com\/noticias\/wp-json\/wp\/v2\/posts\/41341\/revisions"}],"wp:featuredmedia":[{"embeddable":true,"href":"https:\/\/mussicom.com\/noticias\/wp-json\/wp\/v2\/media\/38258"}],"wp:attachment":[{"href":"https:\/\/mussicom.com\/noticias\/wp-json\/wp\/v2\/media?parent=41341"}],"wp:term":[{"taxonomy":"category","embeddable":true,"href":"https:\/\/mussicom.com\/noticias\/wp-json\/wp\/v2\/categories?post=41341"},{"taxonomy":"post_tag","embeddable":true,"href":"https:\/\/mussicom.com\/noticias\/wp-json\/wp\/v2\/tags?post=41341"}],"curies":[{"name":"wp","href":"https:\/\/api.w.org\/{rel}","templated":true}]}}