{"id":41331,"date":"2025-09-02T07:22:16","date_gmt":"2025-09-02T10:22:16","guid":{"rendered":"https:\/\/mussicom.com\/participacao-de-outros-estados-marca-julgamento-da-raca-santa-gertrudis\/"},"modified":"2025-09-02T07:22:16","modified_gmt":"2025-09-02T10:22:16","slug":"participacao-de-outros-estados-marca-julgamento-da-raca-santa-gertrudis","status":"publish","type":"post","link":"https:\/\/mussicom.com\/noticias\/participacao-de-outros-estados-marca-julgamento-da-raca-santa-gertrudis\/","title":{"rendered":"participa\u00e7\u00e3o de outros estados marca julgamento da ra\u00e7a Santa Gertrudis"},"content":{"rendered":"<p> <br \/>\n<\/p>\n<div>\n<div class=\"row\">\n<div class=\"col-lg col-infos mt-0 mt-lg-0\">\n<div class=\"section-sub-title\">\n<p itemprop=\"description\">&#13;<br \/>\n                                N\u00famero de inscritos teve aumento de 266,67% na exposi\u00e7\u00e3o deste ano&#13;\n                            <\/p>\n<\/p><\/div>\n<div class=\"container\">\n<div class=\"row\">\n<div class=\"col-lg p-0 text-lg-end\">\n<div>\n<div id=\"mdEnviarPagina\" class=\"modal fade\" role=\"dialog\">\n<div class=\"modal-dialog\">\n<div class=\"modal-content\">\n<div class=\"modal-body\">\n<p><strong>Estimado usu\u00e1rio.<\/strong><br \/>Preencha o formul\u00e1rio abaixo para remeter a p\u00e1gina.<\/p>\n<\/p><\/div>\n<\/p><\/div>\n<\/p><\/div>\n<\/div><\/div>\n<\/p><\/div>\n<\/p><\/div>\n<\/p><\/div>\n<\/p><\/div>\n<\/p><\/div>\n<div class=\"row justify-content-md-center mt-3\">\n<div class=\"col-lg-auto col-image block-news-main-image\">\n<p>                                <br \/>\n                                                <span class=\"publicity-photo d-block mt-1\">Foto: Divulga\u00e7\u00e3o<\/span><\/p><\/div>\n<\/p><\/div>\n<div class=\"section-description section-description-noticias mt-3\">\n<p style=\"text-align:justify\">O julgamento da ra\u00e7a Santa Gertrudis neste domingo (31\/08), na 48\u00aa edi\u00e7\u00e3o da Expointer em Esteio, marcou o retorno da participa\u00e7\u00e3o de criat\u00f3rios de fora do Rio Grande do Sul nas pistas ga\u00fachas. A participa\u00e7\u00e3o de animais de outros estados foi viabilizada gra\u00e7as ao novo status sanit\u00e1rio do Brasil, livre de febre aftosa sem vacina\u00e7\u00e3o, e resultou em uma pista mais diversa, com campeonatos disputados entre machos e f\u00eameas. Nesta feira, foram 33 animais inscritos.&#13;\n<\/p>\n<p style=\"text-align:justify\">Segundo o jurado Luis Fernando Doneux, a presen\u00e7a de rebanhos de fora refor\u00e7ou ainda mais a qualidade do julgamento. \u201cOs machos surpreenderam pela funcionalidade, musculatura, precocidade e estrutura. A exposi\u00e7\u00e3o mostrou que a ra\u00e7a avan\u00e7a a passos largos para o tipo ideal de animal produtivo e funcional, avaliou.<\/p>\n<p style=\"text-align:justify\">Nos resultados, entre os machos o touro Mr Atalla da Fazenda Malagueta (Mairinque\/SP) conquistou o Grande Campeonato repetindo o desempenho na nacional durante a Feicorte 2025. J\u00e1 Viking 53, da Cabanha 53 (Lagoa Vermelha\/RS) ficou com o reservado grande campeonato. Entre as f\u00eameas, Melissa da Monte Si\u00e3o tamb\u00e9m da Malagueta foi a grande campe\u00e3, e Urucaia da Bili, da Fazenda Uni\u00e3o do Brasil (Buri\/SP) e American Union Group &#8211; join Venture formada por brasileiros, paraguaios e americanos, como reservada grande campe\u00e3.&#13;\n<\/p>\n<p style=\"text-align:justify\">O criador Pedro \u00c1lvares de Mello, da Fazenda Malagueta, que fez a dobradinha nos Grandes Campeonatos, refor\u00e7a a import\u00e2ncia da presen\u00e7a de rebanhos de outros estados na vitrine da pecu\u00e1ria nacional. \u201c\u00c9 fundamental mostrar o quanto o Santa se adapta nas mais variadas regi\u00f5es do pa\u00eds e se firma como uma excelente op\u00e7\u00e3o para cruzamentos industriais, especialmente no Sul do pa\u00eds\u201d.<\/p>\n<p style=\"text-align:justify\">J\u00e1 o presidente da Associa\u00e7\u00e3o Brasileira de Santa Gertrudis (ABSG), Ant\u00f4nio Roberto, lembrou que a uni\u00e3o dos criadores \u00e9 essencial. \u201cNosso intuito \u00e9 contribuir com uma pecu\u00e1ria mais produtiva e eficaz, mostrando que o Santa Gertrudis pode e deve estar em qualquer regi\u00e3o do Brasil\u201d.&#13;\n<\/p>\n<\/p><\/div>\n<\/p><\/div>\n<p><script data-cfasync=\"false\">\n    !function (f, b, e, v, n, t, s) {\n        if (f.fbq) return; n = f.fbq = function () {\n            n.callMethod ?\n                n.callMethod.apply(n, arguments) : n.queue.push(arguments)\n        };\n        if (!f._fbq) f._fbq = n; n.push = n; n.loaded = !0; n.version = '2.0';\n        n.queue = []; t = b.createElement(e); t.async = !0;\n        t.src = v; s = b.getElementsByTagName(e)[0];\n        s.parentNode.insertBefore(t, s)\n    }(window, document, 'script',\n        'https:\/\/connect.facebook.net\/en_US\/fbevents.js');\n    fbq('init', '522546078623747');\n    fbq('track', 'PageView');\n<\/script><br \/>\n<br \/><br \/>\n<br \/>Fonte: <a href=\"https:\/\/www.agrolink.com.br\/noticias\/48--expointer--participacao-de-outros-estados-marca-julgamento-da-raca-santa-gertrudis_505503.html\">AGROLINK<\/a><\/p>\n","protected":false},"excerpt":{"rendered":"<p>&#13; N\u00famero de inscritos teve aumento de 266,67% na exposi\u00e7\u00e3o deste ano&#13; Estimado usu\u00e1rio.Preencha o formul\u00e1rio abaixo para remeter a p\u00e1gina. Foto: Divulga\u00e7\u00e3o O julgamento da ra\u00e7a Santa Gertrudis neste domingo (31\/08), na 48\u00aa edi\u00e7\u00e3o da Expointer em Esteio, marcou o retorno da participa\u00e7\u00e3o de criat\u00f3rios de fora do Rio Grande do Sul nas pistas [&hellip;]<\/p>\n","protected":false},"author":5,"featured_media":41332,"comment_status":"open","ping_status":"open","sticky":false,"template":"","format":"standard","meta":{"_seopress_robots_primary_cat":"","_seopress_titles_title":"","_seopress_titles_desc":"","_seopress_robots_index":"","footnotes":""},"categories":[53],"tags":[],"class_list":["post-41331","post","type-post","status-publish","format-standard","has-post-thumbnail","hentry","category-agronegocio"],"_links":{"self":[{"href":"https:\/\/mussicom.com\/noticias\/wp-json\/wp\/v2\/posts\/41331","targetHints":{"allow":["GET"]}}],"collection":[{"href":"https:\/\/mussicom.com\/noticias\/wp-json\/wp\/v2\/posts"}],"about":[{"href":"https:\/\/mussicom.com\/noticias\/wp-json\/wp\/v2\/types\/post"}],"author":[{"embeddable":true,"href":"https:\/\/mussicom.com\/noticias\/wp-json\/wp\/v2\/users\/5"}],"replies":[{"embeddable":true,"href":"https:\/\/mussicom.com\/noticias\/wp-json\/wp\/v2\/comments?post=41331"}],"version-history":[{"count":0,"href":"https:\/\/mussicom.com\/noticias\/wp-json\/wp\/v2\/posts\/41331\/revisions"}],"wp:featuredmedia":[{"embeddable":true,"href":"https:\/\/mussicom.com\/noticias\/wp-json\/wp\/v2\/media\/41332"}],"wp:attachment":[{"href":"https:\/\/mussicom.com\/noticias\/wp-json\/wp\/v2\/media?parent=41331"}],"wp:term":[{"taxonomy":"category","embeddable":true,"href":"https:\/\/mussicom.com\/noticias\/wp-json\/wp\/v2\/categories?post=41331"},{"taxonomy":"post_tag","embeddable":true,"href":"https:\/\/mussicom.com\/noticias\/wp-json\/wp\/v2\/tags?post=41331"}],"curies":[{"name":"wp","href":"https:\/\/api.w.org\/{rel}","templated":true}]}}