{"id":41324,"date":"2025-09-02T05:55:15","date_gmt":"2025-09-02T08:55:15","guid":{"rendered":"https:\/\/mussicom.com\/yago-dora-e-campeao-mundial-de-surfe-profissional\/"},"modified":"2025-09-02T05:55:15","modified_gmt":"2025-09-02T08:55:15","slug":"yago-dora-e-campeao-mundial-de-surfe-profissional","status":"publish","type":"post","link":"https:\/\/mussicom.com\/noticias\/yago-dora-e-campeao-mundial-de-surfe-profissional\/","title":{"rendered":"Yago Dora \u00e9 campe\u00e3o mundial de surfe profissional"},"content":{"rendered":"<p> <br \/>\n<\/p>\n<div>\n<p>O paranaense Yago Dora conquistou, na noite desta segunda-feira (1), o t\u00edtulo da WSL (Liga Mundial de Surfe) ap\u00f3s derrotar o norte-americano\u00a0Griffin Colapinto por 15,66 a 12,33 na decis\u00e3o do WSL Finals (etapa final da competi\u00e7\u00e3o) nas ondas de Cloudbreak (Fiji).<img decoding=\"async\" src=\"https:\/\/agenciabrasil.ebc.com.br\/ebc.gif?id=1656699&amp;o=node\" style=\"width:1px; height:1px; display:inline;\"\/><\/p>\n<blockquote class=\"twitter-tweet\">\n<p dir=\"ltr\" lang=\"pt\" xml:lang=\"pt\">YAGO DORA \u00c9 O CAMPE\u00c3O MUNDIAL!!!!!\ud83c\udde7\ud83c\uddf7\ud83c\udfc6<\/p>\n<p>UM FEITO IN\u00c9DITO NA CARREIRA DE UM DOS SURFISTAS MAIS COMPLETOS DO MUNDO.<\/p>\n<p>AQUI \u00c9 BRASIL, A TA\u00c7A DO MUNDO \u00c9 NOSSA! A TEMPESTADE N\u00c3O PARA \ud83d\udc9b\ud83e\udd29<a href=\"https:\/\/twitter.com\/hashtag\/WSLBrasil?src=hash&amp;ref_src=twsrc%5Etfw\">#WSLBrasil<\/a> <a href=\"https:\/\/twitter.com\/hashtag\/BrasilNoWSLFinals?src=hash&amp;ref_src=twsrc%5Etfw\">#BrasilNoWSLFinals<\/a> <a href=\"https:\/\/twitter.com\/hashtag\/WSLFinalsFiji?src=hash&amp;ref_src=twsrc%5Etfw\">#WSLFinalsFiji<\/a> <a href=\"https:\/\/t.co\/VElXy8VUOc\">pic.twitter.com\/VElXy8VUOc<\/a><\/p>\n<p>\u2014 WSL Brasil \ud83c\udde7\ud83c\uddf7 (@WSLBrasil) <a href=\"https:\/\/twitter.com\/WSLBrasil\/status\/1962693988873318687?ref_src=twsrc%5Etfw\">September 2, 2025<\/a><\/p><\/blockquote>\n<p>Como l\u00edder do ranking mundial na temporada regular, o brasileiro entrou na disputa do Finals com uma grande vantagem, caiu na \u00e1gua apenas na bateria final. E na disputa com o norte-americano ele foi dominante do in\u00edcio ao fim para ficar com o t\u00edtulo.<\/p>\n<p>\u201cIsso aqui \u00e9 fruto de muito trabalho, dedica\u00e7\u00e3o. Estou muito feliz de levar este t\u00edtulo para o Brasil. \u00c9 inacredit\u00e1vel. Senti algo especial durante essa semana. N\u00e3o importava quem eu enfrentaria na final, eu entraria para vencer. Obrigado a todos que me acompanham\u201d, declarou o brasileiro em entrevista ainda dentro da \u00e1gua.<\/p>\n<p>O t\u00edtulo de Yago Dora \u00e9 o oitavo conquistado por um brasileiro na hist\u00f3ria da WSL. Antes, Gabriel Medina venceu a competi\u00e7\u00e3o em tr\u00eas oportunidades (2014, 2018 e 2021), Filipe Toledo em duas (2022 e 2023) e Adriano de Souza (2015) e \u00cdtalo Ferreira (2019) em uma cada.<\/p>\n<blockquote class=\"twitter-tweet\">\n<p dir=\"ltr\" lang=\"pt\" xml:lang=\"pt\">D\u00c1 UM SORRIS\u00c3O QUEM \u00c9 O ATUAL CAMPE\u00c3O MUNDIAL!!! \ud83d\ude01\ud83d\ude01\ud83d\ude01\ud83d\ude01<\/p>\n<p>A TEMPESTADE N\u00c3O PARA \ud83c\udde7\ud83c\uddf7\u26c8\ufe0f<a href=\"https:\/\/twitter.com\/hashtag\/WSLBrasil?src=hash&amp;ref_src=twsrc%5Etfw\">#WSLBrasil<\/a> <a href=\"https:\/\/twitter.com\/hashtag\/BrasilNoWSLFinals?src=hash&amp;ref_src=twsrc%5Etfw\">#BrasilNoWSLFinals<\/a> <a href=\"https:\/\/twitter.com\/hashtag\/WSLFinalsFiji?src=hash&amp;ref_src=twsrc%5Etfw\">#WSLFinalsFiji<\/a> <a href=\"https:\/\/t.co\/aX7XkZY4bY\">pic.twitter.com\/aX7XkZY4bY<\/a><\/p>\n<p>\u2014 WSL Brasil \ud83c\udde7\ud83c\uddf7 (@WSLBrasil) <a href=\"https:\/\/twitter.com\/WSLBrasil\/status\/1962697039877214656?ref_src=twsrc%5Etfw\">September 2, 2025<\/a><\/p><\/blockquote>\n<h2>\u00cdtalo Ferreira<\/h2>\n<p>O Brasil iniciou o WSl Finals masculino com outro representante, \u00cdtalo Ferreira, que estreou com vit\u00f3ria\u00a0de 14,33 a 5,83 sobre o australiano Jack Robinson, mas que acabou caindo diante do finalista Griffin Colapinto por 16,33 a 13,67. Desta forma o surfista potiguar fechou a disputa na quarta posi\u00e7\u00e3o.<\/p>\n<p>      <!-- Relacionada --><\/p>\n<p>            <!-- Relacionada -->\n    <\/div>\n<p><script async src=\"\/\/platform.twitter.com\/widgets.js\" charset=\"utf-8\"><\/script><br \/>\n<br \/><br \/>\n<br \/>Fonte: <a href=\"https:\/\/agenciabrasil.ebc.com.br\/esportes\/noticia\/2025-09\/yago-dora-e-campeao-mundial-de-surfe-profissional\">Ag\u00eancia Brasil<\/a><\/p>\n","protected":false},"excerpt":{"rendered":"<p>O paranaense Yago Dora conquistou, na noite desta segunda-feira (1), o t\u00edtulo da WSL (Liga Mundial de Surfe) ap\u00f3s derrotar o norte-americano\u00a0Griffin Colapinto por 15,66 a 12,33 na decis\u00e3o do WSL Finals (etapa final da competi\u00e7\u00e3o) nas ondas de Cloudbreak (Fiji). YAGO DORA \u00c9 O CAMPE\u00c3O MUNDIAL!!!!!\ud83c\udde7\ud83c\uddf7\ud83c\udfc6 UM FEITO IN\u00c9DITO NA CARREIRA DE UM DOS [&hellip;]<\/p>\n","protected":false},"author":5,"featured_media":41325,"comment_status":"open","ping_status":"open","sticky":false,"template":"","format":"standard","meta":{"_seopress_robots_primary_cat":"","_seopress_titles_title":"","_seopress_titles_desc":"","_seopress_robots_index":"","footnotes":""},"categories":[40],"tags":[],"class_list":["post-41324","post","type-post","status-publish","format-standard","has-post-thumbnail","hentry","category-esportes"],"_links":{"self":[{"href":"https:\/\/mussicom.com\/noticias\/wp-json\/wp\/v2\/posts\/41324","targetHints":{"allow":["GET"]}}],"collection":[{"href":"https:\/\/mussicom.com\/noticias\/wp-json\/wp\/v2\/posts"}],"about":[{"href":"https:\/\/mussicom.com\/noticias\/wp-json\/wp\/v2\/types\/post"}],"author":[{"embeddable":true,"href":"https:\/\/mussicom.com\/noticias\/wp-json\/wp\/v2\/users\/5"}],"replies":[{"embeddable":true,"href":"https:\/\/mussicom.com\/noticias\/wp-json\/wp\/v2\/comments?post=41324"}],"version-history":[{"count":0,"href":"https:\/\/mussicom.com\/noticias\/wp-json\/wp\/v2\/posts\/41324\/revisions"}],"wp:featuredmedia":[{"embeddable":true,"href":"https:\/\/mussicom.com\/noticias\/wp-json\/wp\/v2\/media\/41325"}],"wp:attachment":[{"href":"https:\/\/mussicom.com\/noticias\/wp-json\/wp\/v2\/media?parent=41324"}],"wp:term":[{"taxonomy":"category","embeddable":true,"href":"https:\/\/mussicom.com\/noticias\/wp-json\/wp\/v2\/categories?post=41324"},{"taxonomy":"post_tag","embeddable":true,"href":"https:\/\/mussicom.com\/noticias\/wp-json\/wp\/v2\/tags?post=41324"}],"curies":[{"name":"wp","href":"https:\/\/api.w.org\/{rel}","templated":true}]}}