{"id":41287,"date":"2025-09-02T01:08:23","date_gmt":"2025-09-02T04:08:23","guid":{"rendered":"https:\/\/mussicom.com\/flavio-dino-hostilizado-durante-voo-entre-sao-luis-e-brasilia\/"},"modified":"2025-09-02T01:08:23","modified_gmt":"2025-09-02T04:08:23","slug":"flavio-dino-hostilizado-durante-voo-entre-sao-luis-e-brasilia","status":"publish","type":"post","link":"https:\/\/mussicom.com\/noticias\/flavio-dino-hostilizado-durante-voo-entre-sao-luis-e-brasilia\/","title":{"rendered":"Fl\u00e1vio Dino hostilizado durante voo entre S\u00e3o Lu\u00eds e Bras\u00edlia"},"content":{"rendered":"<p> <br \/>\n<\/p>\n<div>\n<p class=\"postParagraph_post-paragraph__juWZN\">O ministro Fl\u00e1vio Dino, do Supremo Tribunal Federal (STF), foi alvo de hostilidade durante um voo comercial na tarde desta segunda-feira (1). O epis\u00f3dio ocorreu em uma aeronave que partiu de S\u00e3o Lu\u00eds (MA) com destino a Bras\u00edlia (DF), quando uma passageira iniciou agress\u00f5es verbais contra o ministro. Segundo relatos de testemunhas e da equipe de seguran\u00e7a, a passageira tentou se aproximar do local onde Dino estava sentado, sendo contida por um dos seguran\u00e7as do ministro.<\/p>\n<p class=\"postParagraph_post-paragraph__juWZN\">A mulher fez diversas declara\u00e7\u00f5es em voz alta, afirmando que &#8220;n\u00e3o respeita essa esp\u00e9cie de gente&#8221; e que &#8220;o avi\u00e3o estava contaminado&#8221;. Em seguida, ela apontou para Dino e gritou &#8220;o Dino est\u00e1 aqui&#8221;, com a inten\u00e7\u00e3o de provocar uma agita\u00e7\u00e3o entre os passageiros. Durante o incidente, Fl\u00e1vio Dino n\u00e3o reagiu e manteve-se em sil\u00eancio. O tumulto chamou a aten\u00e7\u00e3o da chefe de cabine, que advertiu a passageira, resultando no fim das agress\u00f5es.<\/p>\n<p class=\"postParagraph_post-paragraph__juWZN\">Ap\u00f3s o ocorrido, um agente da Pol\u00edcia Federal, respons\u00e1vel pela seguran\u00e7a no aeroporto de S\u00e3o Lu\u00eds, foi acionado e entrou na aeronave. Ele se reuniu com a equipe de seguran\u00e7a do ministro e informou que o caso seria comunicado \u00e0 superintend\u00eancia da Pol\u00edcia Federal em Bras\u00edlia. A assessoria de Fl\u00e1vio Dino lamentou o epis\u00f3dio e informou que todas as medidas legais cab\u00edveis foram tomadas pelas autoridades competentes.<\/p>\n<p class=\"postParagraph_post-paragraph__juWZN\">A assessoria ressaltou, em nota oficial, que agress\u00f5es, sejam f\u00edsicas ou verbais, n\u00e3o s\u00e3o toler\u00e1veis, especialmente em voos comerciais, pois al\u00e9m de afetarem os passageiros, podem representar riscos para a opera\u00e7\u00e3o da aeronave.<\/p>\n<p class=\"postParagraph_post-paragraph__juWZN\">Dino \u00e9 um dos ministros da Primeira Turma do STF que come\u00e7ar\u00e1 a julgar Bolsonaro e outros sete r\u00e9us nesta ter\u00e7a-feira (2). Os r\u00e9us s\u00e3o acusados pela Procuradoria-Geral da Rep\u00fablica por supostas tentativa de aboli\u00e7\u00e3o violenta do Estado Democr\u00e1tico de Direito, tentativa de golpe de Estado, participa\u00e7\u00e3o em organiza\u00e7\u00e3o criminosa armada, dano qualificado e deteriora\u00e7\u00e3o de patrim\u00f4nio tombado.<\/p>\n<\/div>\n<p><br \/>\n<br \/>Fonte: <a href=\"https:\/\/www.gazetadopovo.com.br\/republica\/flavio-dino-hostilizado-voo-sao-luis-brasilia\/\">Revista Oeste<\/a><\/p>\n","protected":false},"excerpt":{"rendered":"<p>O ministro Fl\u00e1vio Dino, do Supremo Tribunal Federal (STF), foi alvo de hostilidade durante um voo comercial na tarde desta segunda-feira (1). O epis\u00f3dio ocorreu em uma aeronave que partiu de S\u00e3o Lu\u00eds (MA) com destino a Bras\u00edlia (DF), quando uma passageira iniciou agress\u00f5es verbais contra o ministro. Segundo relatos de testemunhas e da equipe [&hellip;]<\/p>\n","protected":false},"author":5,"featured_media":38344,"comment_status":"open","ping_status":"open","sticky":false,"template":"","format":"standard","meta":{"_seopress_robots_primary_cat":"","_seopress_titles_title":"","_seopress_titles_desc":"","_seopress_robots_index":"","footnotes":""},"categories":[1],"tags":[],"class_list":["post-41287","post","type-post","status-publish","format-standard","has-post-thumbnail","hentry","category-ultimas-noticias"],"_links":{"self":[{"href":"https:\/\/mussicom.com\/noticias\/wp-json\/wp\/v2\/posts\/41287","targetHints":{"allow":["GET"]}}],"collection":[{"href":"https:\/\/mussicom.com\/noticias\/wp-json\/wp\/v2\/posts"}],"about":[{"href":"https:\/\/mussicom.com\/noticias\/wp-json\/wp\/v2\/types\/post"}],"author":[{"embeddable":true,"href":"https:\/\/mussicom.com\/noticias\/wp-json\/wp\/v2\/users\/5"}],"replies":[{"embeddable":true,"href":"https:\/\/mussicom.com\/noticias\/wp-json\/wp\/v2\/comments?post=41287"}],"version-history":[{"count":0,"href":"https:\/\/mussicom.com\/noticias\/wp-json\/wp\/v2\/posts\/41287\/revisions"}],"wp:featuredmedia":[{"embeddable":true,"href":"https:\/\/mussicom.com\/noticias\/wp-json\/wp\/v2\/media\/38344"}],"wp:attachment":[{"href":"https:\/\/mussicom.com\/noticias\/wp-json\/wp\/v2\/media?parent=41287"}],"wp:term":[{"taxonomy":"category","embeddable":true,"href":"https:\/\/mussicom.com\/noticias\/wp-json\/wp\/v2\/categories?post=41287"},{"taxonomy":"post_tag","embeddable":true,"href":"https:\/\/mussicom.com\/noticias\/wp-json\/wp\/v2\/tags?post=41287"}],"curies":[{"name":"wp","href":"https:\/\/api.w.org\/{rel}","templated":true}]}}