{"id":41283,"date":"2025-09-02T00:25:16","date_gmt":"2025-09-02T03:25:16","guid":{"rendered":"https:\/\/mussicom.com\/saiba-quando-e-onde-assistir-a-surpreendente-lua-de-sangue\/"},"modified":"2025-09-02T00:25:16","modified_gmt":"2025-09-02T03:25:16","slug":"saiba-quando-e-onde-assistir-a-surpreendente-lua-de-sangue","status":"publish","type":"post","link":"https:\/\/mussicom.com\/noticias\/saiba-quando-e-onde-assistir-a-surpreendente-lua-de-sangue\/","title":{"rendered":"Saiba quando e onde assistir \u00e0 surpreendente Lua de Sangue"},"content":{"rendered":"<p> <br \/>\n<\/p>\n<div>\n<p class=\"postParagraph_post-paragraph-innerHtml__Q5vwc\">Entre os dias 7 e 8 de setembro, o c\u00e9u ser\u00e1 palco de um dos fen\u00f4menos astron\u00f4micos mais aguardados do ano:<strong> a Lua de Sangue.<\/strong> O evento ocorre durante o eclipse lunar total mais longo do ano, e \u00e9 neste momento que o sat\u00e9lite natural da Terra adquire um tom avermelhado \u2013 resultado da maneira como a luz solar interage com a atmosfera.<\/p>\n<p class=\"postParagraph_post-paragraph-innerHtml__Q5vwc\">O eclipse ter\u00e1 dura\u00e7\u00e3o total de 82 minutos, mas n\u00e3o poder\u00e1 ser observado a olho nu no Brasil, bem como em toda Am\u00e9rica e parte do Oceano Pac\u00edfico. Por aqui, a alternativa ser\u00e1 acompanhar a transmiss\u00e3o ao vivo pelo canal oficial do Observat\u00f3rio Nacional no YouTube.\u00a0<\/p>\n<p class=\"postParagraph_post-paragraph__juWZN\">J\u00e1 moradores da Europa, \u00c1frica, leste da Austr\u00e1lia e Nova Zel\u00e2ndia ter\u00e3o a oportunidade de assistir ao vivo \u00e0 Lua de Sangue.<\/p>\n<h2 class=\"postParagraph_post-paragraph__juWZN postParagraph_type-tag-h2__TtFkT\">Qual o hor\u00e1rio para acompanhar o fen\u00f4meno?<\/h2>\n<p class=\"postParagraph_post-paragraph-innerHtml__Q5vwc\">A Lua Vermelha \u2013 como tamb\u00e9m \u00e9 chamada \u2013 come\u00e7ar\u00e1 a ganhar tons avermelhados \u00e0s 14h30 (hor\u00e1rio de Bras\u00edlia), com t\u00e9rmino previsto para 15h52.\u00a0<\/p>\n<p class=\"postParagraph_post-paragraph-innerHtml__Q5vwc\">Mesmo que o fen\u00f4meno n\u00e3o seja vis\u00edvel a olho nu no Brasil,<strong> ele poder\u00e1 ser acompanhado em tempo real pelo canal do <\/strong><strong>Observat\u00f3rio Nacional no YouTube<\/strong><strong>.<\/strong> A transmiss\u00e3o ao vivo est\u00e1 programada para domingo (7), a partir das 12h.<\/p>\n<p class=\"postParagraph_post-paragraph-innerHtml__Q5vwc\">E, para quem estiver em regi\u00f5es onde o fen\u00f4meno poder\u00e1 ser observado, a boa not\u00edcia \u00e9 que n\u00e3o s\u00e3o necess\u00e1rios equipamentos especiais. Diferentemente do eclipse solar, a Lua de Sangue n\u00e3o oferece riscos \u00e0 vis\u00e3o.\u00a0<\/p>\n<p class=\"postParagraph_post-paragraph-innerHtml__Q5vwc\">A recomenda\u00e7\u00e3o \u00e9 apenas buscar um <strong>local aberto, com boa visibilidade da Lua e pouca interfer\u00eancia de polui\u00e7\u00e3o luminosa<\/strong>. Para uma observa\u00e7\u00e3o mais detalhada, bin\u00f3culos ou telesc\u00f3pios podem ser \u00fateis, mas n\u00e3o s\u00e3o indispens\u00e1veis.<\/p>\n<h2 class=\"postParagraph_post-paragraph__juWZN postParagraph_type-tag-h2__TtFkT\">O que \u00e9 um eclipse lunar total, que tem como consequ\u00eancia a Lua de Sangue?<\/h2>\n<p class=\"postParagraph_post-paragraph-innerHtml__Q5vwc\">O eclipse lunar total <strong>ocorre quando a Terra se posiciona exatamente entre o Sol e a Lua<\/strong>, bloqueando a passagem da luz solar e projetando sua sombra sobre todo o sat\u00e9lite natural. Nesse cen\u00e1rio, a superf\u00edcie lunar fica completamente encoberta pela umbra terrestre.\u00a0<\/p>\n<div class=\"postImage_post-content-image__2CJdu\"><picture class=\"imageDefault_image-container__XGd8_\"><source type=\"image\/webp\" srcset=\"https:\/\/media.gazetadopovo.com.br\/2025\/08\/28103540\/lua-de-sangue-1280x720.jpg.webp 1280w, https:\/\/media.gazetadopovo.com.br\/2025\/08\/28103540\/lua-de-sangue-960x540.jpg.webp 960w, https:\/\/media.gazetadopovo.com.br\/2025\/08\/28103540\/lua-de-sangue-660x372.jpg.webp 660w, https:\/\/media.gazetadopovo.com.br\/2025\/08\/28103540\/lua-de-sangue-540x302.jpg.webp 540w, https:\/\/media.gazetadopovo.com.br\/2025\/08\/28103540\/lua-de-sangue-380x214.jpg.webp 380w, https:\/\/media.gazetadopovo.com.br\/2025\/08\/28103540\/lua-de-sangue-720x720.jpg.webp 720w, https:\/\/media.gazetadopovo.com.br\/2025\/08\/28103540\/lua-de-sangue-540x540.jpg.webp 540w, https:\/\/media.gazetadopovo.com.br\/2025\/08\/28103540\/lua-de-sangue-372x372.jpg.webp 372w, https:\/\/media.gazetadopovo.com.br\/2025\/08\/28103540\/lua-de-sangue-214x214.jpg.webp 214w, https:\/\/media.gazetadopovo.com.br\/2025\/08\/28103540\/lua-de-sangue-scaled.jpg.webp 2560w\" sizes=\"(max-width: 767px) 328px, 638px\"\/><source type=\"image\/jpeg\" srcset=\"https:\/\/media.gazetadopovo.com.br\/2025\/08\/28103540\/lua-de-sangue-1280x720.jpg.webp 1280w, https:\/\/media.gazetadopovo.com.br\/2025\/08\/28103540\/lua-de-sangue-960x540.jpg.webp 960w, https:\/\/media.gazetadopovo.com.br\/2025\/08\/28103540\/lua-de-sangue-660x372.jpg.webp 660w, https:\/\/media.gazetadopovo.com.br\/2025\/08\/28103540\/lua-de-sangue-540x302.jpg.webp 540w, https:\/\/media.gazetadopovo.com.br\/2025\/08\/28103540\/lua-de-sangue-380x214.jpg.webp 380w, https:\/\/media.gazetadopovo.com.br\/2025\/08\/28103540\/lua-de-sangue-720x720.jpg.webp 720w, https:\/\/media.gazetadopovo.com.br\/2025\/08\/28103540\/lua-de-sangue-540x540.jpg.webp 540w, https:\/\/media.gazetadopovo.com.br\/2025\/08\/28103540\/lua-de-sangue-372x372.jpg.webp 372w, https:\/\/media.gazetadopovo.com.br\/2025\/08\/28103540\/lua-de-sangue-214x214.jpg.webp 214w, https:\/\/media.gazetadopovo.com.br\/2025\/08\/28103540\/lua-de-sangue-scaled.jpg.webp 2560w\" sizes=\"(max-width: 767px) 328px, 638px\"\/><\/picture><i class=\"postImage_post-image-caption__yoE82\">Durante a Lua de Sangue, o sat\u00e9lite natural da Terra fica com um tom avermelhado.<!-- --> <!-- -->(Foto: Zoltan Tasi | Unsplash)<\/i><\/div>\n<p class=\"postParagraph_post-paragraph-innerHtml__Q5vwc\">Existe tamb\u00e9m o eclipse parcial, em que apenas uma parte da Lua entra na umbra, enquanto o restante permanece na penumbra.\u00a0<\/p>\n<p class=\"postParagraph_post-paragraph__juWZN\">O pr\u00f3ximo eclipse lunar total vis\u00edvel no Brasil ocorrer\u00e1 em 3 de mar\u00e7o de 2026. J\u00e1 o parcial est\u00e1 previsto para acontecer no dia 28 de agosto do mesmo ano.<\/p>\n<h3 class=\"postParagraph_post-paragraph__juWZN postParagraph_type-tag-h3__xSAn9\">O que exatamente acontece para a lua ficar vermelha?<\/h3>\n<p class=\"postParagraph_post-paragraph-innerHtml__Q5vwc\">De acordo com a Nasa, \u201ccores com comprimentos de onda mais curtos \u2013 os azuis e os violetas \u2013 se espalham mais facilmente do que cores com comprimentos de onda mais longos, como o vermelho e o laranja. Como esses comprimentos de onda mais longos conseguem atravessar a atmosfera da Terra, e os comprimentos de onda mais curtos se dispersam, a Lua parece alaranjada ou avermelhada durante um eclipse lunar\u201d.<\/p>\n<p class=\"postParagraph_post-paragraph-innerHtml__Q5vwc\">A ag\u00eancia dos EUA respons\u00e1vel por pesquisas ligadas a astronomia ainda acrescenta que, <strong>quanto mais poeira ou nuvens houver na atmosfera terrestre, mais vermelha ser\u00e1 a colora\u00e7\u00e3o do sat\u00e9lite natural<\/strong> no momento do eclipse.<\/p>\n<\/div>\n<p><br \/>\n<br \/>Fonte: <a href=\"https:\/\/www.gazetadopovo.com.br\/mundo\/lua-de-sangue-onde-e-quando-assistir-ao-eclipse-lunar-total\/\">Revista Oeste<\/a><\/p>\n","protected":false},"excerpt":{"rendered":"<p>Entre os dias 7 e 8 de setembro, o c\u00e9u ser\u00e1 palco de um dos fen\u00f4menos astron\u00f4micos mais aguardados do ano: a Lua de Sangue. O evento ocorre durante o eclipse lunar total mais longo do ano, e \u00e9 neste momento que o sat\u00e9lite natural da Terra adquire um tom avermelhado \u2013 resultado da maneira [&hellip;]<\/p>\n","protected":false},"author":5,"featured_media":41284,"comment_status":"open","ping_status":"open","sticky":false,"template":"","format":"standard","meta":{"_seopress_robots_primary_cat":"","_seopress_titles_title":"","_seopress_titles_desc":"","_seopress_robots_index":"","footnotes":""},"categories":[48],"tags":[],"class_list":["post-41283","post","type-post","status-publish","format-standard","has-post-thumbnail","hentry","category-internacional"],"_links":{"self":[{"href":"https:\/\/mussicom.com\/noticias\/wp-json\/wp\/v2\/posts\/41283","targetHints":{"allow":["GET"]}}],"collection":[{"href":"https:\/\/mussicom.com\/noticias\/wp-json\/wp\/v2\/posts"}],"about":[{"href":"https:\/\/mussicom.com\/noticias\/wp-json\/wp\/v2\/types\/post"}],"author":[{"embeddable":true,"href":"https:\/\/mussicom.com\/noticias\/wp-json\/wp\/v2\/users\/5"}],"replies":[{"embeddable":true,"href":"https:\/\/mussicom.com\/noticias\/wp-json\/wp\/v2\/comments?post=41283"}],"version-history":[{"count":0,"href":"https:\/\/mussicom.com\/noticias\/wp-json\/wp\/v2\/posts\/41283\/revisions"}],"wp:featuredmedia":[{"embeddable":true,"href":"https:\/\/mussicom.com\/noticias\/wp-json\/wp\/v2\/media\/41284"}],"wp:attachment":[{"href":"https:\/\/mussicom.com\/noticias\/wp-json\/wp\/v2\/media?parent=41283"}],"wp:term":[{"taxonomy":"category","embeddable":true,"href":"https:\/\/mussicom.com\/noticias\/wp-json\/wp\/v2\/categories?post=41283"},{"taxonomy":"post_tag","embeddable":true,"href":"https:\/\/mussicom.com\/noticias\/wp-json\/wp\/v2\/tags?post=41283"}],"curies":[{"name":"wp","href":"https:\/\/api.w.org\/{rel}","templated":true}]}}