{"id":41281,"date":"2025-09-02T00:14:29","date_gmt":"2025-09-02T03:14:29","guid":{"rendered":"https:\/\/mussicom.com\/brasil-fecha-acordo-para-exportar-farinhas-ao-mexico\/"},"modified":"2025-09-02T00:14:29","modified_gmt":"2025-09-02T03:14:29","slug":"brasil-fecha-acordo-para-exportar-farinhas-ao-mexico","status":"publish","type":"post","link":"https:\/\/mussicom.com\/noticias\/brasil-fecha-acordo-para-exportar-farinhas-ao-mexico\/","title":{"rendered":"Brasil fecha acordo para exportar farinhas ao M\u00e9xico"},"content":{"rendered":"<p> <br \/>\n<\/p>\n<div>\n<div class=\"row\">\n<div class=\"col-lg col-infos mt-0 mt-lg-0\">\n<div class=\"section-sub-title\">\n<p itemprop=\"description\">&#13;<br \/>\n                                Brasil conquista 417 aberturas de mercado desde 2023&#13;\n                            <\/p>\n<\/p><\/div>\n<div class=\"container\">\n<div class=\"row\">\n<div class=\"col-lg p-0\">\n<div>\n<div class=\"block-news-main-infos mt-3 text-start\">\n<p>                                            <strong class=\"fn\" itemprop=\"author\" style=\"color: rgb(112, 112, 112); \">&#13;<br \/>\n                                                Agrolink&#13;<br \/>\n&#13;<br \/>\n                                                    &#8211; Seane Lennon&#13;<br \/>\n&#13;<br \/>\n                                            <\/strong><br \/>\n                                        <\/p>\n<p>                                            <abbr><time datetime=\"2025-09-01T16:15\" itemprop=\"datePublished dateModified\">Publicado em 01\/09\/2025 \u00e0s 16:15h.<\/time><\/abbr><br \/>\n                                            <\/p><\/div>\n<\/p><\/div>\n<\/p><\/div>\n<div class=\"col-lg p-0 text-lg-end\">\n<div>\n<div id=\"mdEnviarPagina\" class=\"modal fade\" role=\"dialog\">\n<div class=\"modal-dialog\">\n<div class=\"modal-content\">\n<div class=\"modal-body\">\n<p><strong>Estimado usu\u00e1rio.<\/strong><br \/>Preencha o formul\u00e1rio abaixo para remeter a p\u00e1gina.<\/p>\n<\/p><\/div>\n<\/p><\/div>\n<\/p><\/div>\n<\/div><\/div>\n<\/p><\/div>\n<\/p><\/div>\n<\/p><\/div>\n<\/p><\/div>\n<\/p><\/div>\n<div class=\"row justify-content-md-center mt-3\">\n<div class=\"col-lg-auto col-image block-news-main-image\">\n<p>                                <br \/>\n                                                <span class=\"publicity-photo d-block mt-1\">Foto: Pixabay<\/span><\/p><\/div>\n<\/p><\/div>\n<div class=\"section-description section-description-noticias mt-3\">\n<p style=\"text-align:justify\">O governo brasileiro e o governo do M\u00e9xico conclu\u00edram a negocia\u00e7\u00e3o sanit\u00e1ria que permitir\u00e1 ao Brasil exportar farinhas de origem animal, produzidas a partir de bovinos e su\u00ednos, para o mercado mexicano.<\/p>\n<p style=\"text-align:justify\">Segundo o Minist\u00e9rio da Agricultura e Pecu\u00e1ria (Mapa), a abertura consolida um avan\u00e7o importante para o setor. \u201cEssa nova abertura representa uma oportunidade para produtores e exportadores brasileiros do setor de reciclagem animal, uma vez que o M\u00e9xico \u00e9 um grande importador desses produtos\u201d, destacou a pasta.&#13;\n<\/p>\n<p style=\"text-align:justify\">Com cerca de 130 milh\u00f5es de habitantes, o M\u00e9xico \u00e9 a segunda maior economia da Am\u00e9rica Latina, atr\u00e1s apenas do Brasil. De acordo com o levantamento, entre janeiro de 2023 e julho de 2025, o pa\u00eds importou US$ 7,7 bilh\u00f5es em produtos agropecu\u00e1rios brasileiros, com destaque para soja, caf\u00e9\u00a0e prote\u00edna animal.&#13;\n<\/p>\n<p style=\"text-align:justify\">O Mapa informou ainda que, com este an\u00fancio, \u201co agroneg\u00f3cio brasileiro alcan\u00e7a 417 aberturas de mercado, em 71 destinos, desde o in\u00edcio de 2023\u201d. A pasta ressaltou que esses resultados s\u00e3o fruto da coopera\u00e7\u00e3o com o Minist\u00e9rio das Rela\u00e7\u00f5es Exteriores (MRE).&#13;\n<\/p>\n<\/p><\/div>\n<\/p><\/div>\n<p><script data-cfasync=\"false\">\n    !function (f, b, e, v, n, t, s) {\n        if (f.fbq) return; n = f.fbq = function () {\n            n.callMethod ?\n                n.callMethod.apply(n, arguments) : n.queue.push(arguments)\n        };\n        if (!f._fbq) f._fbq = n; n.push = n; n.loaded = !0; n.version = '2.0';\n        n.queue = []; t = b.createElement(e); t.async = !0;\n        t.src = v; s = b.getElementsByTagName(e)[0];\n        s.parentNode.insertBefore(t, s)\n    }(window, document, 'script',\n        'https:\/\/connect.facebook.net\/en_US\/fbevents.js');\n    fbq('init', '522546078623747');\n    fbq('track', 'PageView');\n<\/script><br \/>\n<br \/><br \/>\n<br \/>Fonte: <a href=\"https:\/\/www.agrolink.com.br\/noticias\/brasil-fecha-acordo-para-exportar-farinhas-ao-mexico_505512.html\">AGROLINK<\/a><\/p>\n","protected":false},"excerpt":{"rendered":"<p>&#13; Brasil conquista 417 aberturas de mercado desde 2023&#13; &#13; Agrolink&#13; &#13; &#8211; Seane Lennon&#13; &#13; Publicado em 01\/09\/2025 \u00e0s 16:15h. Estimado usu\u00e1rio.Preencha o formul\u00e1rio abaixo para remeter a p\u00e1gina. Foto: Pixabay O governo brasileiro e o governo do M\u00e9xico conclu\u00edram a negocia\u00e7\u00e3o sanit\u00e1ria que permitir\u00e1 ao Brasil exportar farinhas de origem animal, produzidas a [&hellip;]<\/p>\n","protected":false},"author":5,"featured_media":41282,"comment_status":"open","ping_status":"open","sticky":false,"template":"","format":"standard","meta":{"_seopress_robots_primary_cat":"","_seopress_titles_title":"","_seopress_titles_desc":"","_seopress_robots_index":"","footnotes":""},"categories":[53],"tags":[],"class_list":["post-41281","post","type-post","status-publish","format-standard","has-post-thumbnail","hentry","category-agronegocio"],"_links":{"self":[{"href":"https:\/\/mussicom.com\/noticias\/wp-json\/wp\/v2\/posts\/41281","targetHints":{"allow":["GET"]}}],"collection":[{"href":"https:\/\/mussicom.com\/noticias\/wp-json\/wp\/v2\/posts"}],"about":[{"href":"https:\/\/mussicom.com\/noticias\/wp-json\/wp\/v2\/types\/post"}],"author":[{"embeddable":true,"href":"https:\/\/mussicom.com\/noticias\/wp-json\/wp\/v2\/users\/5"}],"replies":[{"embeddable":true,"href":"https:\/\/mussicom.com\/noticias\/wp-json\/wp\/v2\/comments?post=41281"}],"version-history":[{"count":0,"href":"https:\/\/mussicom.com\/noticias\/wp-json\/wp\/v2\/posts\/41281\/revisions"}],"wp:featuredmedia":[{"embeddable":true,"href":"https:\/\/mussicom.com\/noticias\/wp-json\/wp\/v2\/media\/41282"}],"wp:attachment":[{"href":"https:\/\/mussicom.com\/noticias\/wp-json\/wp\/v2\/media?parent=41281"}],"wp:term":[{"taxonomy":"category","embeddable":true,"href":"https:\/\/mussicom.com\/noticias\/wp-json\/wp\/v2\/categories?post=41281"},{"taxonomy":"post_tag","embeddable":true,"href":"https:\/\/mussicom.com\/noticias\/wp-json\/wp\/v2\/tags?post=41281"}],"curies":[{"name":"wp","href":"https:\/\/api.w.org\/{rel}","templated":true}]}}