{"id":41251,"date":"2025-09-01T21:04:14","date_gmt":"2025-09-02T00:04:14","guid":{"rendered":"https:\/\/mussicom.com\/bolsonaro-nao-comparece-a-abertura-de-processo\/"},"modified":"2025-09-01T21:04:14","modified_gmt":"2025-09-02T00:04:14","slug":"bolsonaro-nao-comparece-a-abertura-de-processo","status":"publish","type":"post","link":"https:\/\/mussicom.com\/noticias\/bolsonaro-nao-comparece-a-abertura-de-processo\/","title":{"rendered":"Bolsonaro n\u00e3o comparece \u00e0 abertura de processo"},"content":{"rendered":"<p> <br \/>\n<\/p>\n<div>\n<p class=\"postParagraph_post-paragraph__juWZN\">O ex-presidente Jair Bolsonaro (PL) decidiu n\u00e3o comparecer \u00e0 abertura do julgamento sobre o suposto plano golpista que envolve seu nome e outros sete acusados. A sess\u00e3o, marcada para ter\u00e7a-feira (2), ser\u00e1 realizada na Primeira Turma do Supremo Tribunal Federal (STF) em Bras\u00edlia. Embora tenha manifestado inicialmente interesse em ir ao tribunal, Bolsonaro optou por acompanhar a audi\u00eancia de sua resid\u00eancia, segundo comunicado de seus advogados.<\/p>\n<p class=\"postParagraph_post-paragraph__juWZN\">A decis\u00e3o de permanecer em casa foi confirmada mesmo ap\u00f3s aliados terem relatado que Bolsonaro apresentava postura serena e calma em encontros realizados antes do in\u00edcio do processo. A expectativa era de que o ex-presidente pudesse acompanhar presencialmente, por\u00e9m a avalia\u00e7\u00e3o m\u00e9dica foi determinante para a escolha de acompanhar o julgamento em casa.<\/p>\n<p class=\"postParagraph_post-paragraph__juWZN\">Al\u00e9m de Jair Bolsonaro, outros sete r\u00e9us est\u00e3o inclu\u00eddos nesta etapa inicial do julgamento, que apura envolvimento com suposta tentativa de golpe de Estado. As acusa\u00e7\u00f5es fazem parte do inqu\u00e9rito conduzido pelo ministro Alexandre de Moraes, do STF. O ex-presidente permanece em pris\u00e3o domiciliar em sua casa, na capital federal.<\/p>\n<\/div>\n<p><br \/>\n<br \/>Fonte: <a href=\"https:\/\/www.gazetadopovo.com.br\/republica\/bolsonaro-julgamento-stf-nao-comparece\/\">Revista Oeste<\/a><\/p>\n","protected":false},"excerpt":{"rendered":"<p>O ex-presidente Jair Bolsonaro (PL) decidiu n\u00e3o comparecer \u00e0 abertura do julgamento sobre o suposto plano golpista que envolve seu nome e outros sete acusados. A sess\u00e3o, marcada para ter\u00e7a-feira (2), ser\u00e1 realizada na Primeira Turma do Supremo Tribunal Federal (STF) em Bras\u00edlia. Embora tenha manifestado inicialmente interesse em ir ao tribunal, Bolsonaro optou por [&hellip;]<\/p>\n","protected":false},"author":5,"featured_media":41205,"comment_status":"open","ping_status":"open","sticky":false,"template":"","format":"standard","meta":{"_seopress_robots_primary_cat":"","_seopress_titles_title":"","_seopress_titles_desc":"","_seopress_robots_index":"","footnotes":""},"categories":[1],"tags":[],"class_list":["post-41251","post","type-post","status-publish","format-standard","has-post-thumbnail","hentry","category-ultimas-noticias"],"_links":{"self":[{"href":"https:\/\/mussicom.com\/noticias\/wp-json\/wp\/v2\/posts\/41251","targetHints":{"allow":["GET"]}}],"collection":[{"href":"https:\/\/mussicom.com\/noticias\/wp-json\/wp\/v2\/posts"}],"about":[{"href":"https:\/\/mussicom.com\/noticias\/wp-json\/wp\/v2\/types\/post"}],"author":[{"embeddable":true,"href":"https:\/\/mussicom.com\/noticias\/wp-json\/wp\/v2\/users\/5"}],"replies":[{"embeddable":true,"href":"https:\/\/mussicom.com\/noticias\/wp-json\/wp\/v2\/comments?post=41251"}],"version-history":[{"count":0,"href":"https:\/\/mussicom.com\/noticias\/wp-json\/wp\/v2\/posts\/41251\/revisions"}],"wp:featuredmedia":[{"embeddable":true,"href":"https:\/\/mussicom.com\/noticias\/wp-json\/wp\/v2\/media\/41205"}],"wp:attachment":[{"href":"https:\/\/mussicom.com\/noticias\/wp-json\/wp\/v2\/media?parent=41251"}],"wp:term":[{"taxonomy":"category","embeddable":true,"href":"https:\/\/mussicom.com\/noticias\/wp-json\/wp\/v2\/categories?post=41251"},{"taxonomy":"post_tag","embeddable":true,"href":"https:\/\/mussicom.com\/noticias\/wp-json\/wp\/v2\/tags?post=41251"}],"curies":[{"name":"wp","href":"https:\/\/api.w.org\/{rel}","templated":true}]}}