{"id":41228,"date":"2025-09-01T19:09:25","date_gmt":"2025-09-01T22:09:25","guid":{"rendered":"https:\/\/mussicom.com\/varejo-alimentar-cresce-48-em-julho\/"},"modified":"2025-09-01T19:09:25","modified_gmt":"2025-09-01T22:09:25","slug":"varejo-alimentar-cresce-48-em-julho","status":"publish","type":"post","link":"https:\/\/mussicom.com\/noticias\/varejo-alimentar-cresce-48-em-julho\/","title":{"rendered":"Varejo alimentar cresce 4,8% em julho"},"content":{"rendered":"<p> <br \/>\n<\/p>\n<div>\n<p>O varejo alimentar brasileiro voltou a crescer em julho, ap\u00f3s uma queda registrada no m\u00eas anterior. Segundo levantamento da Rock Encantech, que analisou 60 milh\u00f5es de transa\u00e7\u00f5es, o setor apresentou alta de 4,8% em rela\u00e7\u00e3o a junho, impulsionado por reajustes de pre\u00e7os e aumento no gasto m\u00e9dio dos consumidores.&#13;\n<\/p>\n<p>Os atacarejos registraram avan\u00e7o de 3,9%, com destaque para maior frequ\u00eancia de visitas \u00e0s lojas (+2,5%) e crescimento de 1,8% no ticket m\u00e9dio. J\u00e1 os supermercados subiram 3,3%, tamb\u00e9m com incremento no gasto m\u00e9dio (+0,8%) e na frequ\u00eancia (+2,5%), mas queda de 1,1% no n\u00famero de itens por compra. O estudo tamb\u00e9m aponta \u00edndices de fidelidade e engajamento distintos: 81,8% nos supermercados e 106,3% nos atacarejos.<\/p>\n<p>Entre os produtos mais vendidos, 14 dos 25 tiveram queda de pre\u00e7os em julho, com destaque para frutas, legumes e verduras (-5,3%), caf\u00e9 em p\u00f3 (-3,5%) e arroz (-3,2%). Por outro lado, sabonete (+2,8%), biscoitos industrializados (+2,7%) e a\u00e7\u00facar refinado (+2%) seguiram em alta. Para a Rock Encantech, essas varia\u00e7\u00f5es refletem tanto press\u00f5es inflacion\u00e1rias quanto fatores externos, como safra e custos de produ\u00e7\u00e3o.&#13;\n<\/p>\n<p>Apesar do crescimento no m\u00eas, a an\u00e1lise mostra que o desempenho ainda \u00e9 fortemente influenciado pelo pre\u00e7o m\u00e9dio. No comparativo anual, julho apresentou avan\u00e7os de 7,2% nos supermercados e 3,6% nos atacarejos, refor\u00e7ando uma trajet\u00f3ria de recupera\u00e7\u00e3o, mas que ainda exige cautela diante da volatilidade do setor.<\/p>\n<p>\u201cUm crescimento ou uma retra\u00e7\u00e3o muitas vezes s\u00e3o eventos mais complexos no varejo alimentar do que apenas percentuais positivos ou negativos. Por isso, cada varejista precisa agir para lidar com imprevistos e focar esfor\u00e7os, principalmente, em entender o comportamento dos shoppers, que \u00e9 o que pode direcionar decis\u00f5es mais eficientes\u201d, conclui Fernando Gibotti, vice-presidente de Varejo e Ind\u00fastria da Rock Encantech.<br \/>&#13;<br \/>\n\u00a0&#13;\n<\/p>\n<\/p><\/div>\n<p><script data-cfasync=\"false\">\n    !function (f, b, e, v, n, t, s) {\n        if (f.fbq) return; n = f.fbq = function () {\n            n.callMethod ?\n                n.callMethod.apply(n, arguments) : n.queue.push(arguments)\n        };\n        if (!f._fbq) f._fbq = n; n.push = n; n.loaded = !0; n.version = '2.0';\n        n.queue = []; t = b.createElement(e); t.async = !0;\n        t.src = v; s = b.getElementsByTagName(e)[0];\n        s.parentNode.insertBefore(t, s)\n    }(window, document, 'script',\n        'https:\/\/connect.facebook.net\/en_US\/fbevents.js');\n    fbq('init', '522546078623747');\n    fbq('track', 'PageView');\n<\/script><br \/>\n<br \/><br \/>\n<br \/>Fonte: <a href=\"https:\/\/www.agrolink.com.br\/noticias\/varejo-alimentar-cresce-4-8--em-julho_505519.html\">AGROLINK<\/a><\/p>\n","protected":false},"excerpt":{"rendered":"<p>O varejo alimentar brasileiro voltou a crescer em julho, ap\u00f3s uma queda registrada no m\u00eas anterior. Segundo levantamento da Rock Encantech, que analisou 60 milh\u00f5es de transa\u00e7\u00f5es, o setor apresentou alta de 4,8% em rela\u00e7\u00e3o a junho, impulsionado por reajustes de pre\u00e7os e aumento no gasto m\u00e9dio dos consumidores.&#13; Os atacarejos registraram avan\u00e7o de 3,9%, [&hellip;]<\/p>\n","protected":false},"author":5,"featured_media":41229,"comment_status":"open","ping_status":"open","sticky":false,"template":"","format":"standard","meta":{"_seopress_robots_primary_cat":"","_seopress_titles_title":"","_seopress_titles_desc":"","_seopress_robots_index":"","footnotes":""},"categories":[53],"tags":[],"class_list":["post-41228","post","type-post","status-publish","format-standard","has-post-thumbnail","hentry","category-agronegocio"],"_links":{"self":[{"href":"https:\/\/mussicom.com\/noticias\/wp-json\/wp\/v2\/posts\/41228","targetHints":{"allow":["GET"]}}],"collection":[{"href":"https:\/\/mussicom.com\/noticias\/wp-json\/wp\/v2\/posts"}],"about":[{"href":"https:\/\/mussicom.com\/noticias\/wp-json\/wp\/v2\/types\/post"}],"author":[{"embeddable":true,"href":"https:\/\/mussicom.com\/noticias\/wp-json\/wp\/v2\/users\/5"}],"replies":[{"embeddable":true,"href":"https:\/\/mussicom.com\/noticias\/wp-json\/wp\/v2\/comments?post=41228"}],"version-history":[{"count":0,"href":"https:\/\/mussicom.com\/noticias\/wp-json\/wp\/v2\/posts\/41228\/revisions"}],"wp:featuredmedia":[{"embeddable":true,"href":"https:\/\/mussicom.com\/noticias\/wp-json\/wp\/v2\/media\/41229"}],"wp:attachment":[{"href":"https:\/\/mussicom.com\/noticias\/wp-json\/wp\/v2\/media?parent=41228"}],"wp:term":[{"taxonomy":"category","embeddable":true,"href":"https:\/\/mussicom.com\/noticias\/wp-json\/wp\/v2\/categories?post=41228"},{"taxonomy":"post_tag","embeddable":true,"href":"https:\/\/mussicom.com\/noticias\/wp-json\/wp\/v2\/tags?post=41228"}],"curies":[{"name":"wp","href":"https:\/\/api.w.org\/{rel}","templated":true}]}}