{"id":41206,"date":"2025-09-01T17:07:36","date_gmt":"2025-09-01T20:07:36","guid":{"rendered":"https:\/\/mussicom.com\/producao-de-laranja-mantem-potencial-no-rio-grande-do-sul\/"},"modified":"2025-09-01T17:07:36","modified_gmt":"2025-09-01T20:07:36","slug":"producao-de-laranja-mantem-potencial-no-rio-grande-do-sul","status":"publish","type":"post","link":"https:\/\/mussicom.com\/noticias\/producao-de-laranja-mantem-potencial-no-rio-grande-do-sul\/","title":{"rendered":"Produ\u00e7\u00e3o de laranja mant\u00e9m potencial no Rio Grande do Sul"},"content":{"rendered":"<p> <br \/>\n<\/p>\n<div>\n<p style=\"text-align:justify\">De acordo com o Informativo Conjuntural, divulgado pela Emater\/RS-Ascar na \u00faltima quinta-feira (28), a cultura dos citros apresentou varia\u00e7\u00f5es importantes nas diferentes regi\u00f5es do Estado.<\/p>\n<p style=\"text-align:justify\">Na regi\u00e3o administrativa de Caxias do Sul, o per\u00edodo foi marcado por altas temperaturas, chuvas e queda acentuada de temperatura. A ocorr\u00eancia de ventos fortes, acima da m\u00e9dia registrada anteriormente, provocou queda de frutos e quebra de galhos. \u201cS\u00e3o efetuados tratamentos fitossanit\u00e1rios, principalmente voltados ao manejo preventivo de doen\u00e7as f\u00fangicas, al\u00e9m das aduba\u00e7\u00f5es em cobertura para a manuten\u00e7\u00e3o da nutri\u00e7\u00e3o e da sanidade dos pomares\u201d, informou a Emater\/RS-Ascar.&#13;\n<\/p>\n<p style=\"text-align:justify\">A safra de laranja mant\u00e9m potencial produtivo, com resultados acima do esperado, e a colheita est\u00e1 concentrada nas variedades Monte Parnaso e Lane Late. No entanto, a comercializa\u00e7\u00e3o enfrenta baixa demanda e pouca sa\u00edda de frutas. Os pre\u00e7os permanecem estagnados, variando entre R$ 1,50 e R$ 2,00 por quilo da laranja de mesa Umbigo e em torno de R$ 0,70 por quilo da laranja para suco. No caso da bergamota, a colheita continua intensa para as variedades Montenegrina e Murcott, com valores m\u00e9dios mais favor\u00e1veis, de R$ 2,00 e R$ 1,80 por quilo, respectivamente.<\/p>\n<p style=\"text-align:justify\">Na regi\u00e3o administrativa de Frederico Westphalen, segue a colheita das variedades de ciclo m\u00e9dio e tardio, enquanto tem in\u00edcio a flora\u00e7\u00e3o da safra 2025\/2026, considerada satisfat\u00f3ria em raz\u00e3o das condi\u00e7\u00f5es clim\u00e1ticas.<\/p>\n<p style=\"text-align:justify\">J\u00e1 em Passo Fundo, as variedades mais tardias de laranja, como Val\u00eancia e Folha Murcha, encontram-se na fase inicial de matura\u00e7\u00e3o. A produ\u00e7\u00e3o est\u00e1 sendo comercializada com empresas locais e da Serra. O pre\u00e7o recebido apresentou redu\u00e7\u00e3o e varia de R$ 0,55 a R$ 0,65 por quilo, dependendo da qualidade dos frutos. Apesar da boa colora\u00e7\u00e3o, a colheita ainda n\u00e3o \u00e9 recomendada devido \u00e0 elevada acidez.&#13;\n<\/p>\n<p style=\"text-align:justify\">Foi finalizada a colheita das variedades precoces, como Rubi e Salustiana, com produ\u00e7\u00e3o satisfat\u00f3ria. A Emater\/RS-Ascar destacou que \u201ca sanidade dos pomares est\u00e1 adequada, e s\u00e3o realizados tratamentos preventivos principalmente contra a pinta-preta e o cancro-c\u00edtrico\u201d. Quanto \u00e0s pragas, os cuidados est\u00e3o direcionados ao controle da mosca-das-frutas e da cochonilha, por meio de inseticidas e acaricidas.<\/p>\n<p style=\"text-align:justify\">A estiagem do ver\u00e3o afetou o desenvolvimento dos frutos, mas ainda assim h\u00e1 expectativa de boa produtividade. Nos pomares adultos est\u00e1 sendo aplicada a \u00faltima dose de cloreto de pot\u00e1ssio em cobertura, enquanto os pomares em forma\u00e7\u00e3o recebem aduba\u00e7\u00e3o com maior n\u00famero de nutrientes. Al\u00e9m disso, continuam os trabalhos de implanta\u00e7\u00e3o de novas \u00e1reas, incluindo limpeza, sistematiza\u00e7\u00e3o do terreno, corre\u00e7\u00e3o do solo, descompacta\u00e7\u00e3o e marca\u00e7\u00e3o das linhas de plantio.&#13;\n<\/p>\n<\/p><\/div>\n<p><script data-cfasync=\"false\">\n    !function (f, b, e, v, n, t, s) {\n        if (f.fbq) return; n = f.fbq = function () {\n            n.callMethod ?\n                n.callMethod.apply(n, arguments) : n.queue.push(arguments)\n        };\n        if (!f._fbq) f._fbq = n; n.push = n; n.loaded = !0; n.version = '2.0';\n        n.queue = []; t = b.createElement(e); t.async = !0;\n        t.src = v; s = b.getElementsByTagName(e)[0];\n        s.parentNode.insertBefore(t, s)\n    }(window, document, 'script',\n        'https:\/\/connect.facebook.net\/en_US\/fbevents.js');\n    fbq('init', '522546078623747');\n    fbq('track', 'PageView');\n<\/script><br \/>\n<br \/><br \/>\n<br \/>Fonte: <a href=\"https:\/\/www.agrolink.com.br\/noticias\/producao-de-laranja-mantem-potencial-no-rio-grande-do-sul_505513.html\">AGROLINK<\/a><\/p>\n","protected":false},"excerpt":{"rendered":"<p>De acordo com o Informativo Conjuntural, divulgado pela Emater\/RS-Ascar na \u00faltima quinta-feira (28), a cultura dos citros apresentou varia\u00e7\u00f5es importantes nas diferentes regi\u00f5es do Estado. Na regi\u00e3o administrativa de Caxias do Sul, o per\u00edodo foi marcado por altas temperaturas, chuvas e queda acentuada de temperatura. A ocorr\u00eancia de ventos fortes, acima da m\u00e9dia registrada anteriormente, [&hellip;]<\/p>\n","protected":false},"author":5,"featured_media":38535,"comment_status":"open","ping_status":"open","sticky":false,"template":"","format":"standard","meta":{"_seopress_robots_primary_cat":"","_seopress_titles_title":"","_seopress_titles_desc":"","_seopress_robots_index":"","footnotes":""},"categories":[53],"tags":[],"class_list":["post-41206","post","type-post","status-publish","format-standard","has-post-thumbnail","hentry","category-agronegocio"],"_links":{"self":[{"href":"https:\/\/mussicom.com\/noticias\/wp-json\/wp\/v2\/posts\/41206","targetHints":{"allow":["GET"]}}],"collection":[{"href":"https:\/\/mussicom.com\/noticias\/wp-json\/wp\/v2\/posts"}],"about":[{"href":"https:\/\/mussicom.com\/noticias\/wp-json\/wp\/v2\/types\/post"}],"author":[{"embeddable":true,"href":"https:\/\/mussicom.com\/noticias\/wp-json\/wp\/v2\/users\/5"}],"replies":[{"embeddable":true,"href":"https:\/\/mussicom.com\/noticias\/wp-json\/wp\/v2\/comments?post=41206"}],"version-history":[{"count":0,"href":"https:\/\/mussicom.com\/noticias\/wp-json\/wp\/v2\/posts\/41206\/revisions"}],"wp:featuredmedia":[{"embeddable":true,"href":"https:\/\/mussicom.com\/noticias\/wp-json\/wp\/v2\/media\/38535"}],"wp:attachment":[{"href":"https:\/\/mussicom.com\/noticias\/wp-json\/wp\/v2\/media?parent=41206"}],"wp:term":[{"taxonomy":"category","embeddable":true,"href":"https:\/\/mussicom.com\/noticias\/wp-json\/wp\/v2\/categories?post=41206"},{"taxonomy":"post_tag","embeddable":true,"href":"https:\/\/mussicom.com\/noticias\/wp-json\/wp\/v2\/tags?post=41206"}],"curies":[{"name":"wp","href":"https:\/\/api.w.org\/{rel}","templated":true}]}}