{"id":41161,"date":"2025-09-01T13:03:25","date_gmt":"2025-09-01T16:03:25","guid":{"rendered":"https:\/\/mussicom.com\/suplementacao-prepara-bovinos-para-a-primavera\/"},"modified":"2025-09-01T13:03:25","modified_gmt":"2025-09-01T16:03:25","slug":"suplementacao-prepara-bovinos-para-a-primavera","status":"publish","type":"post","link":"https:\/\/mussicom.com\/noticias\/suplementacao-prepara-bovinos-para-a-primavera\/","title":{"rendered":"Suplementa\u00e7\u00e3o prepara bovinos para a primavera"},"content":{"rendered":"<p> <br \/>\n<\/p>\n<div>\n<p style=\"text-align:justify\">Entre maio e setembro, pecuaristas em diferentes regi\u00f5es do Brasil enfrentam dificuldades para manter o desempenho dos rebanhos diante da queda na qualidade dos pastos durante o inverno. As geadas no Sul e a seca no Centro-Oeste est\u00e3o entre os fatores que reduzem a oferta nutricional das forragens. Diante desse cen\u00e1rio, a suplementa\u00e7\u00e3o estrat\u00e9gica \u00e9 apontada como ferramenta essencial para evitar perdas e preparar os animais para a primavera.&#13;\n<\/p>\n<p style=\"text-align:justify\">Rubem Frosi, engenheiro agr\u00f4nomo e gerente t\u00e9cnico da Mig-PLUS, destacou que a utiliza\u00e7\u00e3o de proteinados energ\u00e9ticos \u00e9 decisiva nesse per\u00edodo. Com base em d\u00e9cadas de pesquisas conduzidas pela Embrapa e por universidades, a empresa desenvolveu produtos espec\u00edficos para este per\u00edodo de menor valor nutricional das pastagens. Entre eles, est\u00e3o o Mig Corte Proteinado 30 e o Mig Corte Proteinado Plus. Segundo ele, \u201cesses proteinados, oferecidos em livre acesso aos cochos, t\u00eam o papel de estimular o consumo do pasto, evitando a perda de peso caracter\u00edstica da esta\u00e7\u00e3o e proporcionando algum ganho de peso\u201d.<\/p>\n<p style=\"text-align:justify\">De acordo com Frosi, eles s\u00e3o formulados com 30% a 45% de prote\u00edna, al\u00e9m de macro e microminerais fundamentais para atender \u00e0s necessidades dos animais.<br \/>&#13;<br \/>\nO especialista ressaltou ainda que a aus\u00eancia de suplementa\u00e7\u00e3o no inverno compromete o desempenho dos bovinos em etapas seguintes da produ\u00e7\u00e3o. \u201cO produtor que suplementa no inverno chega \u00e0 primavera com o animal pronto para aproveitar o melhor da pastagem, em vez de entrar recuperando o que perdeu\u201d, afirmou.&#13;\n<\/p>\n<p style=\"text-align:justify\">Com a chegada da primavera, a qualidade das pastagens melhora gradualmente, mas o manejo nutricional continua sendo determinante. O engenheiro agr\u00f4nomo observa que, nessa fase, outras op\u00e7\u00f5es de suplementos proteico-energ\u00e9ticos podem ser utilizadas, sempre em conjunto com cuidados b\u00e1sicos de manejo.<\/p>\n<p style=\"text-align:justify\">Segundo Frosi, no inverno, al\u00e9m da suplementa\u00e7\u00e3o, \u00e9 importante manter a oferta forrageira, mesmo que de qualidade inferior, garantir localiza\u00e7\u00e3o e dimensionamento adequados dos comedouros \u2013 de prefer\u00eancia cobertos \u2013 e assegurar a reposi\u00e7\u00e3o constante dos produtos. Ele tamb\u00e9m apontou a inclus\u00e3o de aditivos como a monensina s\u00f3dica como medida que \u201ctraz benef\u00edcios importantes para o desempenho animal\u201d.&#13;\n<\/p>\n<p style=\"text-align:justify\">Apesar do acesso crescente a informa\u00e7\u00f5es t\u00e9cnicas, muitos pecuaristas ainda precisam buscar orienta\u00e7\u00f5es especializadas para aprimorar o manejo.<\/p>\n<\/p><\/div>\n<p><script data-cfasync=\"false\">\n    !function (f, b, e, v, n, t, s) {\n        if (f.fbq) return; n = f.fbq = function () {\n            n.callMethod ?\n                n.callMethod.apply(n, arguments) : n.queue.push(arguments)\n        };\n        if (!f._fbq) f._fbq = n; n.push = n; n.loaded = !0; n.version = '2.0';\n        n.queue = []; t = b.createElement(e); t.async = !0;\n        t.src = v; s = b.getElementsByTagName(e)[0];\n        s.parentNode.insertBefore(t, s)\n    }(window, document, 'script',\n        'https:\/\/connect.facebook.net\/en_US\/fbevents.js');\n    fbq('init', '522546078623747');\n    fbq('track', 'PageView');\n<\/script><br \/>\n<br \/><br \/>\n<br \/>Fonte: <a href=\"https:\/\/www.agrolink.com.br\/noticias\/suplementacao-prepara-bovinos-para-a-primavera_505500.html\">AGROLINK<\/a><\/p>\n","protected":false},"excerpt":{"rendered":"<p>Entre maio e setembro, pecuaristas em diferentes regi\u00f5es do Brasil enfrentam dificuldades para manter o desempenho dos rebanhos diante da queda na qualidade dos pastos durante o inverno. As geadas no Sul e a seca no Centro-Oeste est\u00e3o entre os fatores que reduzem a oferta nutricional das forragens. Diante desse cen\u00e1rio, a suplementa\u00e7\u00e3o estrat\u00e9gica \u00e9 [&hellip;]<\/p>\n","protected":false},"author":5,"featured_media":32373,"comment_status":"open","ping_status":"open","sticky":false,"template":"","format":"standard","meta":{"_seopress_robots_primary_cat":"","_seopress_titles_title":"","_seopress_titles_desc":"","_seopress_robots_index":"","footnotes":""},"categories":[53],"tags":[],"class_list":["post-41161","post","type-post","status-publish","format-standard","has-post-thumbnail","hentry","category-agronegocio"],"_links":{"self":[{"href":"https:\/\/mussicom.com\/noticias\/wp-json\/wp\/v2\/posts\/41161","targetHints":{"allow":["GET"]}}],"collection":[{"href":"https:\/\/mussicom.com\/noticias\/wp-json\/wp\/v2\/posts"}],"about":[{"href":"https:\/\/mussicom.com\/noticias\/wp-json\/wp\/v2\/types\/post"}],"author":[{"embeddable":true,"href":"https:\/\/mussicom.com\/noticias\/wp-json\/wp\/v2\/users\/5"}],"replies":[{"embeddable":true,"href":"https:\/\/mussicom.com\/noticias\/wp-json\/wp\/v2\/comments?post=41161"}],"version-history":[{"count":0,"href":"https:\/\/mussicom.com\/noticias\/wp-json\/wp\/v2\/posts\/41161\/revisions"}],"wp:featuredmedia":[{"embeddable":true,"href":"https:\/\/mussicom.com\/noticias\/wp-json\/wp\/v2\/media\/32373"}],"wp:attachment":[{"href":"https:\/\/mussicom.com\/noticias\/wp-json\/wp\/v2\/media?parent=41161"}],"wp:term":[{"taxonomy":"category","embeddable":true,"href":"https:\/\/mussicom.com\/noticias\/wp-json\/wp\/v2\/categories?post=41161"},{"taxonomy":"post_tag","embeddable":true,"href":"https:\/\/mussicom.com\/noticias\/wp-json\/wp\/v2\/tags?post=41161"}],"curies":[{"name":"wp","href":"https:\/\/api.w.org\/{rel}","templated":true}]}}