{"id":41093,"date":"2025-08-31T22:59:37","date_gmt":"2025-09-01T01:59:37","guid":{"rendered":"https:\/\/mussicom.com\/conselheiro-de-trump-preve-fim-dos-eua-se-suprema-corte-derrubar-tarifas\/"},"modified":"2025-08-31T22:59:37","modified_gmt":"2025-09-01T01:59:37","slug":"conselheiro-de-trump-preve-fim-dos-eua-se-suprema-corte-derrubar-tarifas","status":"publish","type":"post","link":"https:\/\/mussicom.com\/noticias\/conselheiro-de-trump-preve-fim-dos-eua-se-suprema-corte-derrubar-tarifas\/","title":{"rendered":"Conselheiro de Trump prev\u00ea \u201cfim dos EUA\u201d se Suprema Corte derrubar tarifas"},"content":{"rendered":"<p> <br \/>\n<\/p>\n<div>\n<p class=\"postParagraph_post-paragraph-innerHtml__Q5vwc\">Peter Navarro, conselheiro do presidente Donald Trump, afirmou que, se a Suprema Corte confirmar a recente decis\u00e3o judicial que considerou inconstitucional boa parte do tarifa\u00e7o de Trump, \u201cser\u00e1 o fim dos Estados Unidos\u201d. Navarro concedeu entrevista ao canal Fox News e defendeu a taxa\u00e7\u00e3o de importa\u00e7\u00f5es, afirmando que ningu\u00e9m pretendia torn\u00e1-las permanentes. As informa\u00e7\u00f5es s\u00e3o do jornal<em> O Estado de S.Paulo<\/em>.<\/p>\n<p class=\"postParagraph_post-paragraph-innerHtml__Q5vwc\">Na sexta-feira, o Tribunal de Apela\u00e7\u00f5es dos Estados Unidos para o Circuito Federal, em Washington, decidiu que a recente eleva\u00e7\u00e3o de tarifas com base na Lei de Poderes Econ\u00f4micos de Emerg\u00eancia Internacional (Ieepa, na sigla em ingl\u00eas)\u00a0era ilegal porque o d\u00e9ficit comercial dos EUA com outros pa\u00edses n\u00e3o constituiria uma emerg\u00eancia. A corte n\u00e3o analisou tarifas sobre importa\u00e7\u00f5es de autom\u00f3veis, pe\u00e7as automotivas, a\u00e7o e alum\u00ednio, elevadas por meio da Lei de Expans\u00e3o Comercial. Mesmo no caso das tarifas consideradas ilegais, no entanto, o Tribunal de Apela\u00e7\u00f5es determinou que elas n\u00e3o seriam derrubadas imediatamente, dando at\u00e9 14 de outubro para o governo renegociar as tarifas ou recorrer \u00e0 Suprema Corte.<\/p>\n<p class=\"postParagraph_post-paragraph__juWZN\">Na entrevista, Navarro rebateu o argumento, afirmando que o \u201cd\u00e9ficit comercial \u00e9 absolutamente devastador para este pa\u00eds\u201d, bem como a onda de consumo de fentanil, que o governo usa como justificativa para taxar produtos vindos da China, Canad\u00e1 e M\u00e9xico \u2013 se os tr\u00eas pa\u00edses adotarem medidas efetivas para impedir a entrada da droga nos EUA, as tarifas podem ser retiradas, afirmou o assessor. Do contr\u00e1rio, e se a Suprema Corte confirmar o veredito do Tribunal de Apela\u00e7\u00f5es, \u201co presidente Trump estar\u00e1 certo e ser\u00e1 o fim dos Estados Unidos\u201d, completou Navarro.<\/p>\n<\/div>\n<p><br \/>\n<br \/>Fonte: <a href=\"https:\/\/www.gazetadopovo.com.br\/mundo\/peter-navarro-fim-dos-eua-suprema-corte-tarifas\/\">Revista Oeste<\/a><\/p>\n","protected":false},"excerpt":{"rendered":"<p>Peter Navarro, conselheiro do presidente Donald Trump, afirmou que, se a Suprema Corte confirmar a recente decis\u00e3o judicial que considerou inconstitucional boa parte do tarifa\u00e7o de Trump, \u201cser\u00e1 o fim dos Estados Unidos\u201d. Navarro concedeu entrevista ao canal Fox News e defendeu a taxa\u00e7\u00e3o de importa\u00e7\u00f5es, afirmando que ningu\u00e9m pretendia torn\u00e1-las permanentes. As informa\u00e7\u00f5es s\u00e3o [&hellip;]<\/p>\n","protected":false},"author":5,"featured_media":41094,"comment_status":"open","ping_status":"open","sticky":false,"template":"","format":"standard","meta":{"_seopress_robots_primary_cat":"","_seopress_titles_title":"","_seopress_titles_desc":"","_seopress_robots_index":"","footnotes":""},"categories":[48],"tags":[],"class_list":["post-41093","post","type-post","status-publish","format-standard","has-post-thumbnail","hentry","category-internacional"],"_links":{"self":[{"href":"https:\/\/mussicom.com\/noticias\/wp-json\/wp\/v2\/posts\/41093","targetHints":{"allow":["GET"]}}],"collection":[{"href":"https:\/\/mussicom.com\/noticias\/wp-json\/wp\/v2\/posts"}],"about":[{"href":"https:\/\/mussicom.com\/noticias\/wp-json\/wp\/v2\/types\/post"}],"author":[{"embeddable":true,"href":"https:\/\/mussicom.com\/noticias\/wp-json\/wp\/v2\/users\/5"}],"replies":[{"embeddable":true,"href":"https:\/\/mussicom.com\/noticias\/wp-json\/wp\/v2\/comments?post=41093"}],"version-history":[{"count":0,"href":"https:\/\/mussicom.com\/noticias\/wp-json\/wp\/v2\/posts\/41093\/revisions"}],"wp:featuredmedia":[{"embeddable":true,"href":"https:\/\/mussicom.com\/noticias\/wp-json\/wp\/v2\/media\/41094"}],"wp:attachment":[{"href":"https:\/\/mussicom.com\/noticias\/wp-json\/wp\/v2\/media?parent=41093"}],"wp:term":[{"taxonomy":"category","embeddable":true,"href":"https:\/\/mussicom.com\/noticias\/wp-json\/wp\/v2\/categories?post=41093"},{"taxonomy":"post_tag","embeddable":true,"href":"https:\/\/mussicom.com\/noticias\/wp-json\/wp\/v2\/tags?post=41093"}],"curies":[{"name":"wp","href":"https:\/\/api.w.org\/{rel}","templated":true}]}}